{"id":856,"date":"2022-02-17T00:15:00","date_gmt":"2022-02-16T23:15:00","guid":{"rendered":"https:\/\/snehovyservis.cz\/?p=856"},"modified":"2022-02-17T15:59:18","modified_gmt":"2022-02-17T14:59:18","slug":"pocasi-varovani-pred-silnym-vetrem-vetsina-skiarealu-dnes-a-zitra-nebude-v-provozu","status":"publish","type":"post","link":"https:\/\/snehovyservis.cz\/index.php\/news\/pocasi-varovani-pred-silnym-vetrem-vetsina-skiarealu-dnes-a-zitra-nebude-v-provozu\/","title":{"rendered":"Po\u010das\u00ed: Varov\u00e1n\u00ed p\u0159ed siln\u00fdm v\u011btrem &#8211; v\u011bt\u0161ina skiare\u00e1l\u016f dnes a z\u00edtra nebude v provozu!"},"content":{"rendered":"\n<p><strong>Dnes si dejte na v\u011bt\u0161in\u011b na\u0161eho \u00fazem\u00ed pozor na velmi siln\u00fd v\u00edtr. N\u00e1razy dokonce dos\u00e1hnou i v ni\u017e\u0161\u00edch poloh\u00e1ch 70 a\u017e 100 km\/h. Na hor\u00e1ch bude m\u00edsty a\u017e kolem 110 km\/h. Ve v\u011bt\u0161in\u011b zimn\u00edch st\u0159edisek v \u010cR se z bezpe\u010dnostn\u00edch d\u016fvod\u016f zastavuj\u00ed lanovky a vleky! Nepo\u010d\u00edtejte tedy s ve\u010dern\u00edm ly\u017eov\u00e1n\u00edm.<\/strong><\/p>\n\n\n\n<figure class=\"wp-block-image size-large\"><img decoding=\"async\" loading=\"lazy\" width=\"1024\" height=\"768\" src=\"https:\/\/snehovyservis.cz\/wp-content\/uploads\/2022\/02\/ireland-g22eef64ea_1920-1024x768.jpg\" alt=\"\" class=\"wp-image-857\" srcset=\"https:\/\/snehovyservis.cz\/wp-content\/uploads\/2022\/02\/ireland-g22eef64ea_1920-1024x768.jpg 1024w, https:\/\/snehovyservis.cz\/wp-content\/uploads\/2022\/02\/ireland-g22eef64ea_1920-300x225.jpg 300w, https:\/\/snehovyservis.cz\/wp-content\/uploads\/2022\/02\/ireland-g22eef64ea_1920-768x576.jpg 768w, https:\/\/snehovyservis.cz\/wp-content\/uploads\/2022\/02\/ireland-g22eef64ea_1920-1536x1152.jpg 1536w, https:\/\/snehovyservis.cz\/wp-content\/uploads\/2022\/02\/ireland-g22eef64ea_1920.jpg 1920w\" sizes=\"(max-width: 1024px) 100vw, 1024px\" \/><\/figure>\n\n\n\n<p><strong>Nejv\u011bt\u0161\u00ed rychlost v\u011btru bude v rann\u00edch i poledn\u00edch hodin\u00e1ch, b\u011bhem ve\u010dera za\u010dne v\u00edtr pozvolna sl\u00e1bnout, ale s v\u011bt\u0161\u00edm v\u011btrem se mus\u00ed po\u010d\u00edtat i b\u011bhem z\u00edt\u0159ka. Bu\u010fte opatrn\u00ed &#8211; siln\u00fd v\u00edtr znamen\u00e1 i riziko mo\u017en\u00fdch \u0161kod! Nevyj\u00edmaje ani l\u00e1man\u00ed \u010di vyvracen\u00ed strom\u016f, po\u0161kozen\u00ed st\u0159ech budov i r\u016fzn\u00fdch sto\u017e\u00e1r\u016f, v\u010detn\u011b elektrick\u00e9ho veden\u00ed. <\/strong><\/p>\n\n\n\n<figure class=\"wp-block-image size-full\"><img decoding=\"async\" loading=\"lazy\" width=\"960\" height=\"640\" src=\"https:\/\/snehovyservis.cz\/wp-content\/uploads\/2022\/02\/tree-1889214_960_720.jpg\" alt=\"\" class=\"wp-image-860\" srcset=\"https:\/\/snehovyservis.cz\/wp-content\/uploads\/2022\/02\/tree-1889214_960_720.jpg 960w, https:\/\/snehovyservis.cz\/wp-content\/uploads\/2022\/02\/tree-1889214_960_720-300x200.jpg 300w, https:\/\/snehovyservis.cz\/wp-content\/uploads\/2022\/02\/tree-1889214_960_720-768x512.jpg 768w\" sizes=\"(max-width: 960px) 100vw, 960px\" \/><\/figure>\n\n\n\n<p><strong>Pozor si dejte tak\u00e9 v doprav\u011b! Hroz\u00ed i dlouhodob\u011bj\u0161\u00ed komplikace a to v r\u00e1mci odstra\u0148ov\u00e1n\u00ed \u0161kod po siln\u00e9m v\u011btru, m\u00edsty i rozvodn\u011bn\u00ed n\u011bkter\u00fdch vodn\u00edch tok\u016f. K tomu p\u0159isp\u011bj\u00ed i vydatn\u011bj\u0161\u00ed sr\u00e1\u017eky, b\u011bhem n\u011bkolika hodin m\u016f\u017ee spadnout kolem 15 &#8211; 25  mm, a to hlavn\u011b na hor\u00e1ch!<\/strong><\/p>\n\n\n\n<figure class=\"wp-block-image size-full\"><img decoding=\"async\" loading=\"lazy\" width=\"960\" height=\"640\" src=\"https:\/\/snehovyservis.cz\/wp-content\/uploads\/2022\/02\/mountain-5984999_960_720.jpg\" alt=\"\" class=\"wp-image-858\" srcset=\"https:\/\/snehovyservis.cz\/wp-content\/uploads\/2022\/02\/mountain-5984999_960_720.jpg 960w, https:\/\/snehovyservis.cz\/wp-content\/uploads\/2022\/02\/mountain-5984999_960_720-300x200.jpg 300w, https:\/\/snehovyservis.cz\/wp-content\/uploads\/2022\/02\/mountain-5984999_960_720-768x512.jpg 768w\" sizes=\"(max-width: 960px) 100vw, 960px\" \/><\/figure>\n\n\n\n<h4 class=\"wp-block-heading\"><strong>P\u0159edpov\u011b\u010f podobn\u00e9ho po\u010das\u00ed se siln\u00fdm v\u011btrem a de\u0161\u0165ov\u00fdmi sr\u00e1\u017ekami se r\u00fdsuje i na p\u00e1tek a sobotu.<\/strong><\/h4>\n\n\n\n<div style=\"height:50px\" aria-hidden=\"true\" class=\"wp-block-spacer\"><\/div>\n\n\n\n<figure class=\"wp-block-gallery columns-2 is-cropped wp-block-gallery-1 is-layout-flex wp-block-gallery-is-layout-flex\"><ul class=\"blocks-gallery-grid\"><li class=\"blocks-gallery-item\"><figure><img decoding=\"async\" loading=\"lazy\" width=\"1024\" height=\"768\" src=\"https:\/\/snehovyservis.cz\/wp-content\/uploads\/2022\/02\/ireland-g22eef64ea_1920-1024x768.jpg\" alt=\"\" data-id=\"857\" data-link=\"https:\/\/snehovyservis.cz\/?attachment_id=857\" class=\"wp-image-857\" srcset=\"https:\/\/snehovyservis.cz\/wp-content\/uploads\/2022\/02\/ireland-g22eef64ea_1920-1024x768.jpg 1024w, https:\/\/snehovyservis.cz\/wp-content\/uploads\/2022\/02\/ireland-g22eef64ea_1920-300x225.jpg 300w, https:\/\/snehovyservis.cz\/wp-content\/uploads\/2022\/02\/ireland-g22eef64ea_1920-768x576.jpg 768w, https:\/\/snehovyservis.cz\/wp-content\/uploads\/2022\/02\/ireland-g22eef64ea_1920-1536x1152.jpg 1536w, https:\/\/snehovyservis.cz\/wp-content\/uploads\/2022\/02\/ireland-g22eef64ea_1920.jpg 1920w\" sizes=\"(max-width: 1024px) 100vw, 1024px\" \/><\/figure><\/li><li class=\"blocks-gallery-item\"><figure><img decoding=\"async\" loading=\"lazy\" width=\"960\" height=\"640\" src=\"https:\/\/snehovyservis.cz\/wp-content\/uploads\/2022\/02\/tree-1889214_960_720.jpg\" alt=\"\" data-id=\"860\" data-link=\"https:\/\/snehovyservis.cz\/?attachment_id=860\" class=\"wp-image-860\" srcset=\"https:\/\/snehovyservis.cz\/wp-content\/uploads\/2022\/02\/tree-1889214_960_720.jpg 960w, https:\/\/snehovyservis.cz\/wp-content\/uploads\/2022\/02\/tree-1889214_960_720-300x200.jpg 300w, https:\/\/snehovyservis.cz\/wp-content\/uploads\/2022\/02\/tree-1889214_960_720-768x512.jpg 768w\" sizes=\"(max-width: 960px) 100vw, 960px\" \/><\/figure><\/li><li class=\"blocks-gallery-item\"><figure><img decoding=\"async\" loading=\"lazy\" width=\"960\" height=\"640\" src=\"https:\/\/snehovyservis.cz\/wp-content\/uploads\/2022\/02\/mountain-5984999_960_720.jpg\" alt=\"\" data-id=\"858\" data-link=\"https:\/\/snehovyservis.cz\/?attachment_id=858\" class=\"wp-image-858\" srcset=\"https:\/\/snehovyservis.cz\/wp-content\/uploads\/2022\/02\/mountain-5984999_960_720.jpg 960w, https:\/\/snehovyservis.cz\/wp-content\/uploads\/2022\/02\/mountain-5984999_960_720-300x200.jpg 300w, https:\/\/snehovyservis.cz\/wp-content\/uploads\/2022\/02\/mountain-5984999_960_720-768x512.jpg 768w\" sizes=\"(max-width: 960px) 100vw, 960px\" \/><\/figure><\/li><li class=\"blocks-gallery-item\"><figure><img decoding=\"async\" loading=\"lazy\" width=\"960\" height=\"630\" src=\"https:\/\/snehovyservis.cz\/wp-content\/uploads\/2022\/02\/mountains-4910151_960_720.jpg\" alt=\"\" data-id=\"859\" data-link=\"https:\/\/snehovyservis.cz\/?attachment_id=859\" class=\"wp-image-859\" srcset=\"https:\/\/snehovyservis.cz\/wp-content\/uploads\/2022\/02\/mountains-4910151_960_720.jpg 960w, https:\/\/snehovyservis.cz\/wp-content\/uploads\/2022\/02\/mountains-4910151_960_720-300x197.jpg 300w, https:\/\/snehovyservis.cz\/wp-content\/uploads\/2022\/02\/mountains-4910151_960_720-768x504.jpg 768w\" sizes=\"(max-width: 960px) 100vw, 960px\" \/><\/figure><\/li><li class=\"blocks-gallery-item\"><figure><img decoding=\"async\" loading=\"lazy\" width=\"811\" height=\"720\" src=\"https:\/\/snehovyservis.cz\/wp-content\/uploads\/2022\/02\/roadsigns-30908_960_720.png\" alt=\"\" data-id=\"861\" data-link=\"https:\/\/snehovyservis.cz\/?attachment_id=861\" class=\"wp-image-861\" srcset=\"https:\/\/snehovyservis.cz\/wp-content\/uploads\/2022\/02\/roadsigns-30908_960_720.png 811w, https:\/\/snehovyservis.cz\/wp-content\/uploads\/2022\/02\/roadsigns-30908_960_720-300x266.png 300w, https:\/\/snehovyservis.cz\/wp-content\/uploads\/2022\/02\/roadsigns-30908_960_720-768x682.png 768w\" sizes=\"(max-width: 811px) 100vw, 811px\" \/><\/figure><\/li><\/ul><\/figure>\n\n\n\n<p>Z<strong>droj foto:<\/strong> Pixabay.com<\/p>\n\n\n\n<div style=\"height:50px\" aria-hidden=\"true\" class=\"wp-block-spacer\"><\/div>\n","protected":false},"excerpt":{"rendered":"<p>Dnes si dejte na v\u011bt\u0161in\u011b na\u0161eho \u00fazem\u00ed pozor na velmi siln\u00fd v\u00edtr. N\u00e1razy dokonce dos\u00e1hnou i v ni\u017e\u0161\u00edch poloh\u00e1ch 70 a\u017e 100 km\/h. Na hor\u00e1ch bude m\u00edsty a\u017e kolem 110 km\/h. Ve v\u011bt\u0161in\u011b zimn\u00edch st\u0159edisek v \u010cR se z bezpe\u010dnostn\u00edch d\u016fvod\u016f zastavuj\u00ed lanovky a vleky! Nepo\u010d\u00edtejte tedy s ve\u010dern\u00edm ly\u017eov\u00e1n\u00edm. Nejv\u011bt\u0161\u00ed rychlost v\u011btru bude v rann\u00edch i poledn\u00edch hodin\u00e1ch, b\u011bhem ve\u010dera za\u010dne v\u00edtr pozvolna sl\u00e1bnout, ale s v\u011bt\u0161\u00edm v\u011btrem se mus\u00ed po\u010d\u00edtat i b\u011bhem z\u00edt\u0159ka. Bu\u010fte opatrn\u00ed &#8211; siln\u00fd v\u00edtr znamen\u00e1 i riziko mo\u017en\u00fdch \u0161kod! Nevyj\u00edmaje ani l\u00e1man\u00ed \u010di vyvracen\u00ed&hellip;<\/p>\n","protected":false},"author":3,"featured_media":861,"comment_status":"closed","ping_status":"closed","sticky":false,"template":"","format":"standard","meta":{"_mi_skip_tracking":false,"_monsterinsights_sitenote_active":false,"_monsterinsights_sitenote_note":"","_monsterinsights_sitenote_category":0,"footnotes":""},"categories":[1,18],"tags":[],"yoast_head":"<!-- This site is optimized with the Yoast SEO plugin v21.5 - https:\/\/yoast.com\/wordpress\/plugins\/seo\/ -->\n<title>Po\u010das\u00ed: Varov\u00e1n\u00ed p\u0159ed siln\u00fdm v\u011btrem - v\u011bt\u0161ina skiare\u00e1l\u016f dnes a z\u00edtra nebude v provozu! - Sn\u011bhov\u00fdServis.cz<\/title>\n<meta name=\"robots\" content=\"index, follow, max-snippet:-1, max-image-preview:large, max-video-preview:-1\" \/>\n<link rel=\"canonical\" href=\"https:\/\/snehovyservis.cz\/index.php\/news\/pocasi-varovani-pred-silnym-vetrem-vetsina-skiarealu-dnes-a-zitra-nebude-v-provozu\/\" \/>\n<meta property=\"og:locale\" content=\"cs_CZ\" \/>\n<meta property=\"og:type\" content=\"article\" \/>\n<meta property=\"og:title\" content=\"Po\u010das\u00ed: Varov\u00e1n\u00ed p\u0159ed siln\u00fdm v\u011btrem - v\u011bt\u0161ina skiare\u00e1l\u016f dnes a z\u00edtra nebude v provozu! - Sn\u011bhov\u00fdServis.cz\" \/>\n<meta property=\"og:description\" content=\"Dnes si dejte na v\u011bt\u0161in\u011b na\u0161eho \u00fazem\u00ed pozor na velmi siln\u00fd v\u00edtr. N\u00e1razy dokonce dos\u00e1hnou i v ni\u017e\u0161\u00edch poloh\u00e1ch 70 a\u017e 100 km\/h. Na hor\u00e1ch bude m\u00edsty a\u017e kolem 110 km\/h. Ve v\u011bt\u0161in\u011b zimn\u00edch st\u0159edisek v \u010cR se z bezpe\u010dnostn\u00edch d\u016fvod\u016f zastavuj\u00ed lanovky a vleky! Nepo\u010d\u00edtejte tedy s ve\u010dern\u00edm ly\u017eov\u00e1n\u00edm. Nejv\u011bt\u0161\u00ed rychlost v\u011btru bude v rann\u00edch i poledn\u00edch hodin\u00e1ch, b\u011bhem ve\u010dera za\u010dne v\u00edtr pozvolna sl\u00e1bnout, ale s v\u011bt\u0161\u00edm v\u011btrem se mus\u00ed po\u010d\u00edtat i b\u011bhem z\u00edt\u0159ka. Bu\u010fte opatrn\u00ed &#8211; siln\u00fd v\u00edtr znamen\u00e1 i riziko mo\u017en\u00fdch \u0161kod! Nevyj\u00edmaje ani l\u00e1man\u00ed \u010di vyvracen\u00ed&hellip;\" \/>\n<meta property=\"og:url\" content=\"https:\/\/snehovyservis.cz\/index.php\/news\/pocasi-varovani-pred-silnym-vetrem-vetsina-skiarealu-dnes-a-zitra-nebude-v-provozu\/\" \/>\n<meta property=\"og:site_name\" content=\"Sn\u011bhov\u00fdServis.cz\" \/>\n<meta property=\"article:published_time\" content=\"2022-02-16T23:15:00+00:00\" \/>\n<meta property=\"article:modified_time\" content=\"2022-02-17T14:59:18+00:00\" \/>\n<meta property=\"og:image\" content=\"https:\/\/snehovyservis.cz\/wp-content\/uploads\/2022\/02\/roadsigns-30908_960_720.png\" \/>\n\t<meta property=\"og:image:width\" content=\"811\" \/>\n\t<meta property=\"og:image:height\" content=\"720\" \/>\n\t<meta property=\"og:image:type\" content=\"image\/png\" \/>\n<meta name=\"author\" content=\"Jolana Hol\u00e1\u0148ov\u00e1\" \/>\n<meta name=\"twitter:card\" content=\"summary_large_image\" \/>\n<meta name=\"twitter:label1\" content=\"Napsal(a)\" \/>\n\t<meta name=\"twitter:data1\" content=\"Jolana Hol\u00e1\u0148ov\u00e1\" \/>\n\t<meta name=\"twitter:label2\" content=\"Odhadovan\u00e1 doba \u010dten\u00ed\" \/>\n\t<meta name=\"twitter:data2\" content=\"1 minuta\" \/>\n<script type=\"application\/ld+json\" class=\"yoast-schema-graph\">{\"@context\":\"https:\/\/schema.org\",\"@graph\":[{\"@type\":\"Article\",\"@id\":\"https:\/\/snehovyservis.cz\/index.php\/news\/pocasi-varovani-pred-silnym-vetrem-vetsina-skiarealu-dnes-a-zitra-nebude-v-provozu\/#article\",\"isPartOf\":{\"@id\":\"https:\/\/snehovyservis.cz\/index.php\/news\/pocasi-varovani-pred-silnym-vetrem-vetsina-skiarealu-dnes-a-zitra-nebude-v-provozu\/\"},\"author\":{\"name\":\"Jolana Hol\u00e1\u0148ov\u00e1\",\"@id\":\"https:\/\/snehovyservis.cz\/#\/schema\/person\/292a322d4c00948520695cbe2b3fffbe\"},\"headline\":\"Po\u010das\u00ed: Varov\u00e1n\u00ed p\u0159ed siln\u00fdm v\u011btrem &#8211; v\u011bt\u0161ina skiare\u00e1l\u016f dnes a z\u00edtra nebude v provozu!\",\"datePublished\":\"2022-02-16T23:15:00+00:00\",\"dateModified\":\"2022-02-17T14:59:18+00:00\",\"mainEntityOfPage\":{\"@id\":\"https:\/\/snehovyservis.cz\/index.php\/news\/pocasi-varovani-pred-silnym-vetrem-vetsina-skiarealu-dnes-a-zitra-nebude-v-provozu\/\"},\"wordCount\":266,\"publisher\":{\"@id\":\"https:\/\/snehovyservis.cz\/#organization\"},\"articleSection\":[\"NEWS\",\"PO\u010cAS\u00cd\"],\"inLanguage\":\"cs\"},{\"@type\":\"WebPage\",\"@id\":\"https:\/\/snehovyservis.cz\/index.php\/news\/pocasi-varovani-pred-silnym-vetrem-vetsina-skiarealu-dnes-a-zitra-nebude-v-provozu\/\",\"url\":\"https:\/\/snehovyservis.cz\/index.php\/news\/pocasi-varovani-pred-silnym-vetrem-vetsina-skiarealu-dnes-a-zitra-nebude-v-provozu\/\",\"name\":\"Po\u010das\u00ed: Varov\u00e1n\u00ed p\u0159ed siln\u00fdm v\u011btrem - v\u011bt\u0161ina skiare\u00e1l\u016f dnes a z\u00edtra nebude v provozu! - Sn\u011bhov\u00fdServis.cz\",\"isPartOf\":{\"@id\":\"https:\/\/snehovyservis.cz\/#website\"},\"datePublished\":\"2022-02-16T23:15:00+00:00\",\"dateModified\":\"2022-02-17T14:59:18+00:00\",\"breadcrumb\":{\"@id\":\"https:\/\/snehovyservis.cz\/index.php\/news\/pocasi-varovani-pred-silnym-vetrem-vetsina-skiarealu-dnes-a-zitra-nebude-v-provozu\/#breadcrumb\"},\"inLanguage\":\"cs\",\"potentialAction\":[{\"@type\":\"ReadAction\",\"target\":[\"https:\/\/snehovyservis.cz\/index.php\/news\/pocasi-varovani-pred-silnym-vetrem-vetsina-skiarealu-dnes-a-zitra-nebude-v-provozu\/\"]}]},{\"@type\":\"BreadcrumbList\",\"@id\":\"https:\/\/snehovyservis.cz\/index.php\/news\/pocasi-varovani-pred-silnym-vetrem-vetsina-skiarealu-dnes-a-zitra-nebude-v-provozu\/#breadcrumb\",\"itemListElement\":[{\"@type\":\"ListItem\",\"position\":1,\"name\":\"Dom\u016f\",\"item\":\"https:\/\/snehovyservis.cz\/\"},{\"@type\":\"ListItem\",\"position\":2,\"name\":\"Po\u010das\u00ed: Varov\u00e1n\u00ed p\u0159ed siln\u00fdm v\u011btrem &#8211; v\u011bt\u0161ina skiare\u00e1l\u016f dnes a z\u00edtra nebude v provozu!\"}]},{\"@type\":\"WebSite\",\"@id\":\"https:\/\/snehovyservis.cz\/#website\",\"url\":\"https:\/\/snehovyservis.cz\/\",\"name\":\"Sn\u011bhov\u00fdServis.cz\",\"description\":\"Nejaktu\u00e1ln\u011bj\u0161\u00ed sn\u011bhov\u00e9 a ly\u017ea\u0159sk\u00e9 zpravodajstv\u00ed\",\"publisher\":{\"@id\":\"https:\/\/snehovyservis.cz\/#organization\"},\"potentialAction\":[{\"@type\":\"SearchAction\",\"target\":{\"@type\":\"EntryPoint\",\"urlTemplate\":\"https:\/\/snehovyservis.cz\/?s={search_term_string}\"},\"query-input\":\"required name=search_term_string\"}],\"inLanguage\":\"cs\"},{\"@type\":\"Organization\",\"@id\":\"https:\/\/snehovyservis.cz\/#organization\",\"name\":\"Sn\u011bhov\u00fdServis.cz\",\"url\":\"https:\/\/snehovyservis.cz\/\",\"logo\":{\"@type\":\"ImageObject\",\"inLanguage\":\"cs\",\"@id\":\"https:\/\/snehovyservis.cz\/#\/schema\/logo\/image\/\",\"url\":\"https:\/\/snehovyservis.cz\/wp-content\/uploads\/2024\/12\/cropped-Logo_Snehovy-Servis.jpg\",\"contentUrl\":\"https:\/\/snehovyservis.cz\/wp-content\/uploads\/2024\/12\/cropped-Logo_Snehovy-Servis.jpg\",\"width\":290,\"height\":154,\"caption\":\"Sn\u011bhov\u00fdServis.cz\"},\"image\":{\"@id\":\"https:\/\/snehovyservis.cz\/#\/schema\/logo\/image\/\"}},{\"@type\":\"Person\",\"@id\":\"https:\/\/snehovyservis.cz\/#\/schema\/person\/292a322d4c00948520695cbe2b3fffbe\",\"name\":\"Jolana Hol\u00e1\u0148ov\u00e1\",\"image\":{\"@type\":\"ImageObject\",\"inLanguage\":\"cs\",\"@id\":\"https:\/\/snehovyservis.cz\/#\/schema\/person\/image\/\",\"url\":\"https:\/\/secure.gravatar.com\/avatar\/5863c504ed89cd419ff3a5e812c722ff?s=96&d=mm&r=g\",\"contentUrl\":\"https:\/\/secure.gravatar.com\/avatar\/5863c504ed89cd419ff3a5e812c722ff?s=96&d=mm&r=g\",\"caption\":\"Jolana Hol\u00e1\u0148ov\u00e1\"},\"sameAs\":[\"http:\/\/Sn\u011bhov\u00fdServis.cz\"],\"url\":\"https:\/\/snehovyservis.cz\/index.php\/author\/jolhol\/\"}]}<\/script>\n<!-- \/ Yoast SEO plugin. -->","yoast_head_json":{"title":"Po\u010das\u00ed: Varov\u00e1n\u00ed p\u0159ed siln\u00fdm v\u011btrem - v\u011bt\u0161ina skiare\u00e1l\u016f dnes a z\u00edtra nebude v provozu! - Sn\u011bhov\u00fdServis.cz","robots":{"index":"index","follow":"follow","max-snippet":"max-snippet:-1","max-image-preview":"max-image-preview:large","max-video-preview":"max-video-preview:-1"},"canonical":"https:\/\/snehovyservis.cz\/index.php\/news\/pocasi-varovani-pred-silnym-vetrem-vetsina-skiarealu-dnes-a-zitra-nebude-v-provozu\/","og_locale":"cs_CZ","og_type":"article","og_title":"Po\u010das\u00ed: Varov\u00e1n\u00ed p\u0159ed siln\u00fdm v\u011btrem - v\u011bt\u0161ina skiare\u00e1l\u016f dnes a z\u00edtra nebude v provozu! - Sn\u011bhov\u00fdServis.cz","og_description":"Dnes si dejte na v\u011bt\u0161in\u011b na\u0161eho \u00fazem\u00ed pozor na velmi siln\u00fd v\u00edtr. N\u00e1razy dokonce dos\u00e1hnou i v ni\u017e\u0161\u00edch poloh\u00e1ch 70 a\u017e 100 km\/h. Na hor\u00e1ch bude m\u00edsty a\u017e kolem 110 km\/h. Ve v\u011bt\u0161in\u011b zimn\u00edch st\u0159edisek v \u010cR se z bezpe\u010dnostn\u00edch d\u016fvod\u016f zastavuj\u00ed lanovky a vleky! Nepo\u010d\u00edtejte tedy s ve\u010dern\u00edm ly\u017eov\u00e1n\u00edm. Nejv\u011bt\u0161\u00ed rychlost v\u011btru bude v rann\u00edch i poledn\u00edch hodin\u00e1ch, b\u011bhem ve\u010dera za\u010dne v\u00edtr pozvolna sl\u00e1bnout, ale s v\u011bt\u0161\u00edm v\u011btrem se mus\u00ed po\u010d\u00edtat i b\u011bhem z\u00edt\u0159ka. Bu\u010fte opatrn\u00ed &#8211; siln\u00fd v\u00edtr znamen\u00e1 i riziko mo\u017en\u00fdch \u0161kod! Nevyj\u00edmaje ani l\u00e1man\u00ed \u010di vyvracen\u00ed&hellip;","og_url":"https:\/\/snehovyservis.cz\/index.php\/news\/pocasi-varovani-pred-silnym-vetrem-vetsina-skiarealu-dnes-a-zitra-nebude-v-provozu\/","og_site_name":"Sn\u011bhov\u00fdServis.cz","article_published_time":"2022-02-16T23:15:00+00:00","article_modified_time":"2022-02-17T14:59:18+00:00","og_image":[{"width":811,"height":720,"url":"https:\/\/snehovyservis.cz\/wp-content\/uploads\/2022\/02\/roadsigns-30908_960_720.png","type":"image\/png"}],"author":"Jolana Hol\u00e1\u0148ov\u00e1","twitter_card":"summary_large_image","twitter_misc":{"Napsal(a)":"Jolana Hol\u00e1\u0148ov\u00e1","Odhadovan\u00e1 doba \u010dten\u00ed":"1 minuta"},"schema":{"@context":"https:\/\/schema.org","@graph":[{"@type":"Article","@id":"https:\/\/snehovyservis.cz\/index.php\/news\/pocasi-varovani-pred-silnym-vetrem-vetsina-skiarealu-dnes-a-zitra-nebude-v-provozu\/#article","isPartOf":{"@id":"https:\/\/snehovyservis.cz\/index.php\/news\/pocasi-varovani-pred-silnym-vetrem-vetsina-skiarealu-dnes-a-zitra-nebude-v-provozu\/"},"author":{"name":"Jolana Hol\u00e1\u0148ov\u00e1","@id":"https:\/\/snehovyservis.cz\/#\/schema\/person\/292a322d4c00948520695cbe2b3fffbe"},"headline":"Po\u010das\u00ed: Varov\u00e1n\u00ed p\u0159ed siln\u00fdm v\u011btrem &#8211; v\u011bt\u0161ina skiare\u00e1l\u016f dnes a z\u00edtra nebude v provozu!","datePublished":"2022-02-16T23:15:00+00:00","dateModified":"2022-02-17T14:59:18+00:00","mainEntityOfPage":{"@id":"https:\/\/snehovyservis.cz\/index.php\/news\/pocasi-varovani-pred-silnym-vetrem-vetsina-skiarealu-dnes-a-zitra-nebude-v-provozu\/"},"wordCount":266,"publisher":{"@id":"https:\/\/snehovyservis.cz\/#organization"},"articleSection":["NEWS","PO\u010cAS\u00cd"],"inLanguage":"cs"},{"@type":"WebPage","@id":"https:\/\/snehovyservis.cz\/index.php\/news\/pocasi-varovani-pred-silnym-vetrem-vetsina-skiarealu-dnes-a-zitra-nebude-v-provozu\/","url":"https:\/\/snehovyservis.cz\/index.php\/news\/pocasi-varovani-pred-silnym-vetrem-vetsina-skiarealu-dnes-a-zitra-nebude-v-provozu\/","name":"Po\u010das\u00ed: Varov\u00e1n\u00ed p\u0159ed siln\u00fdm v\u011btrem - v\u011bt\u0161ina skiare\u00e1l\u016f dnes a z\u00edtra nebude v provozu! - Sn\u011bhov\u00fdServis.cz","isPartOf":{"@id":"https:\/\/snehovyservis.cz\/#website"},"datePublished":"2022-02-16T23:15:00+00:00","dateModified":"2022-02-17T14:59:18+00:00","breadcrumb":{"@id":"https:\/\/snehovyservis.cz\/index.php\/news\/pocasi-varovani-pred-silnym-vetrem-vetsina-skiarealu-dnes-a-zitra-nebude-v-provozu\/#breadcrumb"},"inLanguage":"cs","potentialAction":[{"@type":"ReadAction","target":["https:\/\/snehovyservis.cz\/index.php\/news\/pocasi-varovani-pred-silnym-vetrem-vetsina-skiarealu-dnes-a-zitra-nebude-v-provozu\/"]}]},{"@type":"BreadcrumbList","@id":"https:\/\/snehovyservis.cz\/index.php\/news\/pocasi-varovani-pred-silnym-vetrem-vetsina-skiarealu-dnes-a-zitra-nebude-v-provozu\/#breadcrumb","itemListElement":[{"@type":"ListItem","position":1,"name":"Dom\u016f","item":"https:\/\/snehovyservis.cz\/"},{"@type":"ListItem","position":2,"name":"Po\u010das\u00ed: Varov\u00e1n\u00ed p\u0159ed siln\u00fdm v\u011btrem &#8211; v\u011bt\u0161ina skiare\u00e1l\u016f dnes a z\u00edtra nebude v provozu!"}]},{"@type":"WebSite","@id":"https:\/\/snehovyservis.cz\/#website","url":"https:\/\/snehovyservis.cz\/","name":"Sn\u011bhov\u00fdServis.cz","description":"Nejaktu\u00e1ln\u011bj\u0161\u00ed sn\u011bhov\u00e9 a ly\u017ea\u0159sk\u00e9 zpravodajstv\u00ed","publisher":{"@id":"https:\/\/snehovyservis.cz\/#organization"},"potentialAction":[{"@type":"SearchAction","target":{"@type":"EntryPoint","urlTemplate":"https:\/\/snehovyservis.cz\/?s={search_term_string}"},"query-input":"required name=search_term_string"}],"inLanguage":"cs"},{"@type":"Organization","@id":"https:\/\/snehovyservis.cz\/#organization","name":"Sn\u011bhov\u00fdServis.cz","url":"https:\/\/snehovyservis.cz\/","logo":{"@type":"ImageObject","inLanguage":"cs","@id":"https:\/\/snehovyservis.cz\/#\/schema\/logo\/image\/","url":"https:\/\/snehovyservis.cz\/wp-content\/uploads\/2024\/12\/cropped-Logo_Snehovy-Servis.jpg","contentUrl":"https:\/\/snehovyservis.cz\/wp-content\/uploads\/2024\/12\/cropped-Logo_Snehovy-Servis.jpg","width":290,"height":154,"caption":"Sn\u011bhov\u00fdServis.cz"},"image":{"@id":"https:\/\/snehovyservis.cz\/#\/schema\/logo\/image\/"}},{"@type":"Person","@id":"https:\/\/snehovyservis.cz\/#\/schema\/person\/292a322d4c00948520695cbe2b3fffbe","name":"Jolana Hol\u00e1\u0148ov\u00e1","image":{"@type":"ImageObject","inLanguage":"cs","@id":"https:\/\/snehovyservis.cz\/#\/schema\/person\/image\/","url":"https:\/\/secure.gravatar.com\/avatar\/5863c504ed89cd419ff3a5e812c722ff?s=96&d=mm&r=g","contentUrl":"https:\/\/secure.gravatar.com\/avatar\/5863c504ed89cd419ff3a5e812c722ff?s=96&d=mm&r=g","caption":"Jolana Hol\u00e1\u0148ov\u00e1"},"sameAs":["http:\/\/Sn\u011bhov\u00fdServis.cz"],"url":"https:\/\/snehovyservis.cz\/index.php\/author\/jolhol\/"}]}},"_links":{"self":[{"href":"https:\/\/snehovyservis.cz\/index.php\/wp-json\/wp\/v2\/posts\/856"}],"collection":[{"href":"https:\/\/snehovyservis.cz\/index.php\/wp-json\/wp\/v2\/posts"}],"about":[{"href":"https:\/\/snehovyservis.cz\/index.php\/wp-json\/wp\/v2\/types\/post"}],"author":[{"embeddable":true,"href":"https:\/\/snehovyservis.cz\/index.php\/wp-json\/wp\/v2\/users\/3"}],"replies":[{"embeddable":true,"href":"https:\/\/snehovyservis.cz\/index.php\/wp-json\/wp\/v2\/comments?post=856"}],"version-history":[{"count":4,"href":"https:\/\/snehovyservis.cz\/index.php\/wp-json\/wp\/v2\/posts\/856\/revisions"}],"predecessor-version":[{"id":867,"href":"https:\/\/snehovyservis.cz\/index.php\/wp-json\/wp\/v2\/posts\/856\/revisions\/867"}],"wp:featuredmedia":[{"embeddable":true,"href":"https:\/\/snehovyservis.cz\/index.php\/wp-json\/wp\/v2\/media\/861"}],"wp:attachment":[{"href":"https:\/\/snehovyservis.cz\/index.php\/wp-json\/wp\/v2\/media?parent=856"}],"wp:term":[{"taxonomy":"category","embeddable":true,"href":"https:\/\/snehovyservis.cz\/index.php\/wp-json\/wp\/v2\/categories?post=856"},{"taxonomy":"post_tag","embeddable":true,"href":"https:\/\/snehovyservis.cz\/index.php\/wp-json\/wp\/v2\/tags?post=856"}],"curies":[{"name":"wp","href":"https:\/\/api.w.org\/{rel}","templated":true}]}}