{"id":703,"date":"2021-12-24T22:56:00","date_gmt":"2021-12-24T21:56:00","guid":{"rendered":"https:\/\/snehovyservis.cz\/?p=703"},"modified":"2021-12-25T23:52:44","modified_gmt":"2021-12-25T22:52:44","slug":"pocasi-na-vanocni-svatky-ocekavejte-velikou-zimu-a-to-nejen-na-horach","status":"publish","type":"post","link":"https:\/\/snehovyservis.cz\/index.php\/news\/pocasi-na-vanocni-svatky-ocekavejte-velikou-zimu-a-to-nejen-na-horach\/","title":{"rendered":"Po\u010das\u00ed na v\u00e1no\u010dn\u00ed sv\u00e1tky: O\u010dek\u00e1vejte velikou zimu a to nejen na hor\u00e1ch"},"content":{"rendered":"\n<p><strong>Zima se vrac\u00ed do \u010ceska! Alespo\u0148 na prvn\u00ed dva sv\u00e1tky v\u00e1no\u010dn\u00ed o\u010dek\u00e1vejte velik\u00e9 mrazy.<\/strong><\/p>\n\n\n\n<p><strong>V sobotu a ned\u011bli (25. a 26.12.), bude na cel\u00e9m \u00fazem\u00ed \u010cesk\u00e9 republiky opravdu velk\u00e1 zima. Teploty se budou pohybovat mezi -3 a\u017e -12 \u00b0C, a to po oba dva dny. Bude p\u0159ev\u00e1\u017en\u011b polojasno a m\u00edsty \u010dekejte i \u010derstv\u00fd v\u00edtr.<\/strong><\/p>\n\n\n\n<div style=\"height:20px\" aria-hidden=\"true\" class=\"wp-block-spacer\"><\/div>\n\n\n\n<figure class=\"wp-block-image size-large\"><img decoding=\"async\" loading=\"lazy\" width=\"960\" height=\"640\" src=\"https:\/\/snehovyservis.cz\/wp-content\/uploads\/2021\/12\/winter-4066634_960_720.jpg\" alt=\"\" class=\"wp-image-706\" srcset=\"https:\/\/snehovyservis.cz\/wp-content\/uploads\/2021\/12\/winter-4066634_960_720.jpg 960w, https:\/\/snehovyservis.cz\/wp-content\/uploads\/2021\/12\/winter-4066634_960_720-300x200.jpg 300w, https:\/\/snehovyservis.cz\/wp-content\/uploads\/2021\/12\/winter-4066634_960_720-768x512.jpg 768w\" sizes=\"(max-width: 960px) 100vw, 960px\" \/><\/figure>\n\n\n\n<div style=\"height:20px\" aria-hidden=\"true\" class=\"wp-block-spacer\"><\/div>\n\n\n\n<p><strong>Zimn\u00ed st\u0159ediska rychle doh\u00e1n\u00ed do\u010dasnou oblevu ve\u010dern\u00edm zasn\u011b\u017eov\u00e1n\u00edm a skoro ve v\u0161ech are\u00e1lech se ly\u017euje. Podm\u00ednky jsou velmi dobr\u00e9, jen je pot\u0159eba si d\u00e1vat pozor na vznikaj\u00edc\u00ed ledovku, hlavn\u011b na silnic\u00edch. <\/strong><\/p>\n\n\n\n<div style=\"height:20px\" aria-hidden=\"true\" class=\"wp-block-spacer\"><\/div>\n\n\n\n<figure class=\"wp-block-image size-large\"><img decoding=\"async\" loading=\"lazy\" width=\"960\" height=\"640\" src=\"https:\/\/snehovyservis.cz\/wp-content\/uploads\/2021\/12\/ski-holiday-4748690_960_720.jpg\" alt=\"\" class=\"wp-image-704\" srcset=\"https:\/\/snehovyservis.cz\/wp-content\/uploads\/2021\/12\/ski-holiday-4748690_960_720.jpg 960w, https:\/\/snehovyservis.cz\/wp-content\/uploads\/2021\/12\/ski-holiday-4748690_960_720-300x200.jpg 300w, https:\/\/snehovyservis.cz\/wp-content\/uploads\/2021\/12\/ski-holiday-4748690_960_720-768x512.jpg 768w\" sizes=\"(max-width: 960px) 100vw, 960px\" \/><\/figure>\n\n\n\n<div style=\"height:20px\" aria-hidden=\"true\" class=\"wp-block-spacer\"><\/div>\n\n\n\n<p>Co se ly\u017ea\u0159sk\u00fdch podm\u00ednek t\u00fd\u010de &#8211; jsou skoro ide\u00e1ln\u00ed, u\u017e\u00edvat si skoro v\u0161ude m\u016f\u017eete od 3 a\u017e do 10 cm nov\u00e9ho sn\u011bhu.<\/p>\n\n\n\n<p><strong>Na aktu\u00e1ln\u00ed <a href=\"https:\/\/snehovyservis.cz\/index.php\/snehove-podminky\/\">sn\u011bhov\u00e9 podm\u00ednky v \u010desk\u00fdch are\u00e1lech se m\u016f\u017eete pod\u00edvat zde v ODKAZU<\/a>.<\/strong><\/p>\n\n\n\n<div style=\"height:48px\" aria-hidden=\"true\" class=\"wp-block-spacer\"><\/div>\n\n\n\n<figure class=\"wp-block-gallery columns-2 is-cropped wp-block-gallery-1 is-layout-flex wp-block-gallery-is-layout-flex\"><ul class=\"blocks-gallery-grid\"><li class=\"blocks-gallery-item\"><figure><img decoding=\"async\" loading=\"lazy\" width=\"960\" height=\"640\" src=\"https:\/\/snehovyservis.cz\/wp-content\/uploads\/2021\/12\/winter-4066634_960_720.jpg\" alt=\"\" data-id=\"706\" data-full-url=\"https:\/\/snehovyservis.cz\/wp-content\/uploads\/2021\/12\/winter-4066634_960_720.jpg\" data-link=\"https:\/\/snehovyservis.cz\/?attachment_id=706\" class=\"wp-image-706\" srcset=\"https:\/\/snehovyservis.cz\/wp-content\/uploads\/2021\/12\/winter-4066634_960_720.jpg 960w, https:\/\/snehovyservis.cz\/wp-content\/uploads\/2021\/12\/winter-4066634_960_720-300x200.jpg 300w, https:\/\/snehovyservis.cz\/wp-content\/uploads\/2021\/12\/winter-4066634_960_720-768x512.jpg 768w\" sizes=\"(max-width: 960px) 100vw, 960px\" \/><\/figure><\/li><li class=\"blocks-gallery-item\"><figure><img decoding=\"async\" loading=\"lazy\" width=\"960\" height=\"640\" src=\"https:\/\/snehovyservis.cz\/wp-content\/uploads\/2021\/12\/ski-holiday-4748690_960_720.jpg\" alt=\"\" data-id=\"704\" data-full-url=\"https:\/\/snehovyservis.cz\/wp-content\/uploads\/2021\/12\/ski-holiday-4748690_960_720.jpg\" data-link=\"https:\/\/snehovyservis.cz\/?attachment_id=704\" class=\"wp-image-704\" srcset=\"https:\/\/snehovyservis.cz\/wp-content\/uploads\/2021\/12\/ski-holiday-4748690_960_720.jpg 960w, https:\/\/snehovyservis.cz\/wp-content\/uploads\/2021\/12\/ski-holiday-4748690_960_720-300x200.jpg 300w, https:\/\/snehovyservis.cz\/wp-content\/uploads\/2021\/12\/ski-holiday-4748690_960_720-768x512.jpg 768w\" sizes=\"(max-width: 960px) 100vw, 960px\" \/><\/figure><\/li><li class=\"blocks-gallery-item\"><figure><img decoding=\"async\" loading=\"lazy\" width=\"960\" height=\"719\" src=\"https:\/\/snehovyservis.cz\/wp-content\/uploads\/2021\/12\/skiing-4835024_960_720.jpg\" alt=\"\" data-id=\"705\" data-full-url=\"https:\/\/snehovyservis.cz\/wp-content\/uploads\/2021\/12\/skiing-4835024_960_720.jpg\" data-link=\"https:\/\/snehovyservis.cz\/?attachment_id=705\" class=\"wp-image-705\" srcset=\"https:\/\/snehovyservis.cz\/wp-content\/uploads\/2021\/12\/skiing-4835024_960_720.jpg 960w, https:\/\/snehovyservis.cz\/wp-content\/uploads\/2021\/12\/skiing-4835024_960_720-300x225.jpg 300w, https:\/\/snehovyservis.cz\/wp-content\/uploads\/2021\/12\/skiing-4835024_960_720-768x575.jpg 768w\" sizes=\"(max-width: 960px) 100vw, 960px\" \/><\/figure><\/li><\/ul><\/figure>\n\n\n\n<div style=\"height:40px\" aria-hidden=\"true\" class=\"wp-block-spacer\"><\/div>\n\n\n\n<p><\/p>\n","protected":false},"excerpt":{"rendered":"<p>Zima se vrac\u00ed do \u010ceska! Alespo\u0148 na prvn\u00ed dva sv\u00e1tky v\u00e1no\u010dn\u00ed o\u010dek\u00e1vejte velik\u00e9 mrazy. V sobotu a ned\u011bli (25. a 26.12.), bude na cel\u00e9m \u00fazem\u00ed \u010cesk\u00e9 republiky opravdu velk\u00e1 zima. Teploty se budou pohybovat mezi -3 a\u017e -12 \u00b0C, a to po oba dva dny. Bude p\u0159ev\u00e1\u017en\u011b polojasno a m\u00edsty \u010dekejte i \u010derstv\u00fd v\u00edtr. Zimn\u00ed st\u0159ediska rychle doh\u00e1n\u00ed do\u010dasnou oblevu ve\u010dern\u00edm zasn\u011b\u017eov\u00e1n\u00edm a skoro ve v\u0161ech are\u00e1lech se ly\u017euje. Podm\u00ednky jsou velmi dobr\u00e9, jen je pot\u0159eba si d\u00e1vat pozor na vznikaj\u00edc\u00ed ledovku, hlavn\u011b na silnic\u00edch. Co se ly\u017ea\u0159sk\u00fdch podm\u00ednek t\u00fd\u010de&hellip;<\/p>\n","protected":false},"author":3,"featured_media":705,"comment_status":"closed","ping_status":"closed","sticky":false,"template":"","format":"standard","meta":{"_mi_skip_tracking":false,"_monsterinsights_sitenote_active":false,"_monsterinsights_sitenote_note":"","_monsterinsights_sitenote_category":0,"footnotes":""},"categories":[1,18],"tags":[],"yoast_head":"<!-- This site is optimized with the Yoast SEO plugin v21.5 - https:\/\/yoast.com\/wordpress\/plugins\/seo\/ -->\n<title>Po\u010das\u00ed na v\u00e1no\u010dn\u00ed sv\u00e1tky: O\u010dek\u00e1vejte velikou zimu a to nejen na hor\u00e1ch - Sn\u011bhov\u00fdServis.cz<\/title>\n<meta name=\"robots\" content=\"index, follow, max-snippet:-1, max-image-preview:large, max-video-preview:-1\" \/>\n<link rel=\"canonical\" href=\"https:\/\/snehovyservis.cz\/index.php\/news\/pocasi-na-vanocni-svatky-ocekavejte-velikou-zimu-a-to-nejen-na-horach\/\" \/>\n<meta property=\"og:locale\" content=\"cs_CZ\" \/>\n<meta property=\"og:type\" content=\"article\" \/>\n<meta property=\"og:title\" content=\"Po\u010das\u00ed na v\u00e1no\u010dn\u00ed sv\u00e1tky: O\u010dek\u00e1vejte velikou zimu a to nejen na hor\u00e1ch - Sn\u011bhov\u00fdServis.cz\" \/>\n<meta property=\"og:description\" content=\"Zima se vrac\u00ed do \u010ceska! Alespo\u0148 na prvn\u00ed dva sv\u00e1tky v\u00e1no\u010dn\u00ed o\u010dek\u00e1vejte velik\u00e9 mrazy. V sobotu a ned\u011bli (25. a 26.12.), bude na cel\u00e9m \u00fazem\u00ed \u010cesk\u00e9 republiky opravdu velk\u00e1 zima. Teploty se budou pohybovat mezi -3 a\u017e -12 \u00b0C, a to po oba dva dny. Bude p\u0159ev\u00e1\u017en\u011b polojasno a m\u00edsty \u010dekejte i \u010derstv\u00fd v\u00edtr. Zimn\u00ed st\u0159ediska rychle doh\u00e1n\u00ed do\u010dasnou oblevu ve\u010dern\u00edm zasn\u011b\u017eov\u00e1n\u00edm a skoro ve v\u0161ech are\u00e1lech se ly\u017euje. Podm\u00ednky jsou velmi dobr\u00e9, jen je pot\u0159eba si d\u00e1vat pozor na vznikaj\u00edc\u00ed ledovku, hlavn\u011b na silnic\u00edch. Co se ly\u017ea\u0159sk\u00fdch podm\u00ednek t\u00fd\u010de&hellip;\" \/>\n<meta property=\"og:url\" content=\"https:\/\/snehovyservis.cz\/index.php\/news\/pocasi-na-vanocni-svatky-ocekavejte-velikou-zimu-a-to-nejen-na-horach\/\" \/>\n<meta property=\"og:site_name\" content=\"Sn\u011bhov\u00fdServis.cz\" \/>\n<meta property=\"article:published_time\" content=\"2021-12-24T21:56:00+00:00\" \/>\n<meta property=\"article:modified_time\" content=\"2021-12-25T22:52:44+00:00\" \/>\n<meta property=\"og:image\" content=\"https:\/\/snehovyservis.cz\/wp-content\/uploads\/2021\/12\/skiing-4835024_960_720.jpg\" \/>\n\t<meta property=\"og:image:width\" content=\"960\" \/>\n\t<meta property=\"og:image:height\" content=\"719\" \/>\n\t<meta property=\"og:image:type\" content=\"image\/jpeg\" \/>\n<meta name=\"author\" content=\"Jolana Hol\u00e1\u0148ov\u00e1\" \/>\n<meta name=\"twitter:card\" content=\"summary_large_image\" \/>\n<meta name=\"twitter:label1\" content=\"Napsal(a)\" \/>\n\t<meta name=\"twitter:data1\" content=\"Jolana Hol\u00e1\u0148ov\u00e1\" \/>\n\t<meta name=\"twitter:label2\" content=\"Odhadovan\u00e1 doba \u010dten\u00ed\" \/>\n\t<meta name=\"twitter:data2\" content=\"1 minuta\" \/>\n<script type=\"application\/ld+json\" class=\"yoast-schema-graph\">{\"@context\":\"https:\/\/schema.org\",\"@graph\":[{\"@type\":\"Article\",\"@id\":\"https:\/\/snehovyservis.cz\/index.php\/news\/pocasi-na-vanocni-svatky-ocekavejte-velikou-zimu-a-to-nejen-na-horach\/#article\",\"isPartOf\":{\"@id\":\"https:\/\/snehovyservis.cz\/index.php\/news\/pocasi-na-vanocni-svatky-ocekavejte-velikou-zimu-a-to-nejen-na-horach\/\"},\"author\":{\"name\":\"Jolana Hol\u00e1\u0148ov\u00e1\",\"@id\":\"https:\/\/snehovyservis.cz\/#\/schema\/person\/292a322d4c00948520695cbe2b3fffbe\"},\"headline\":\"Po\u010das\u00ed na v\u00e1no\u010dn\u00ed sv\u00e1tky: O\u010dek\u00e1vejte velikou zimu a to nejen na hor\u00e1ch\",\"datePublished\":\"2021-12-24T21:56:00+00:00\",\"dateModified\":\"2021-12-25T22:52:44+00:00\",\"mainEntityOfPage\":{\"@id\":\"https:\/\/snehovyservis.cz\/index.php\/news\/pocasi-na-vanocni-svatky-ocekavejte-velikou-zimu-a-to-nejen-na-horach\/\"},\"wordCount\":182,\"publisher\":{\"@id\":\"https:\/\/snehovyservis.cz\/#organization\"},\"articleSection\":[\"NEWS\",\"PO\u010cAS\u00cd\"],\"inLanguage\":\"cs\"},{\"@type\":\"WebPage\",\"@id\":\"https:\/\/snehovyservis.cz\/index.php\/news\/pocasi-na-vanocni-svatky-ocekavejte-velikou-zimu-a-to-nejen-na-horach\/\",\"url\":\"https:\/\/snehovyservis.cz\/index.php\/news\/pocasi-na-vanocni-svatky-ocekavejte-velikou-zimu-a-to-nejen-na-horach\/\",\"name\":\"Po\u010das\u00ed na v\u00e1no\u010dn\u00ed sv\u00e1tky: O\u010dek\u00e1vejte velikou zimu a to nejen na hor\u00e1ch - Sn\u011bhov\u00fdServis.cz\",\"isPartOf\":{\"@id\":\"https:\/\/snehovyservis.cz\/#website\"},\"datePublished\":\"2021-12-24T21:56:00+00:00\",\"dateModified\":\"2021-12-25T22:52:44+00:00\",\"breadcrumb\":{\"@id\":\"https:\/\/snehovyservis.cz\/index.php\/news\/pocasi-na-vanocni-svatky-ocekavejte-velikou-zimu-a-to-nejen-na-horach\/#breadcrumb\"},\"inLanguage\":\"cs\",\"potentialAction\":[{\"@type\":\"ReadAction\",\"target\":[\"https:\/\/snehovyservis.cz\/index.php\/news\/pocasi-na-vanocni-svatky-ocekavejte-velikou-zimu-a-to-nejen-na-horach\/\"]}]},{\"@type\":\"BreadcrumbList\",\"@id\":\"https:\/\/snehovyservis.cz\/index.php\/news\/pocasi-na-vanocni-svatky-ocekavejte-velikou-zimu-a-to-nejen-na-horach\/#breadcrumb\",\"itemListElement\":[{\"@type\":\"ListItem\",\"position\":1,\"name\":\"Dom\u016f\",\"item\":\"https:\/\/snehovyservis.cz\/\"},{\"@type\":\"ListItem\",\"position\":2,\"name\":\"Po\u010das\u00ed na v\u00e1no\u010dn\u00ed sv\u00e1tky: O\u010dek\u00e1vejte velikou zimu a to nejen na hor\u00e1ch\"}]},{\"@type\":\"WebSite\",\"@id\":\"https:\/\/snehovyservis.cz\/#website\",\"url\":\"https:\/\/snehovyservis.cz\/\",\"name\":\"Sn\u011bhov\u00fdServis.cz\",\"description\":\"Nejaktu\u00e1ln\u011bj\u0161\u00ed sn\u011bhov\u00e9 a ly\u017ea\u0159sk\u00e9 zpravodajstv\u00ed\",\"publisher\":{\"@id\":\"https:\/\/snehovyservis.cz\/#organization\"},\"potentialAction\":[{\"@type\":\"SearchAction\",\"target\":{\"@type\":\"EntryPoint\",\"urlTemplate\":\"https:\/\/snehovyservis.cz\/?s={search_term_string}\"},\"query-input\":\"required name=search_term_string\"}],\"inLanguage\":\"cs\"},{\"@type\":\"Organization\",\"@id\":\"https:\/\/snehovyservis.cz\/#organization\",\"name\":\"Sn\u011bhov\u00fdServis.cz\",\"url\":\"https:\/\/snehovyservis.cz\/\",\"logo\":{\"@type\":\"ImageObject\",\"inLanguage\":\"cs\",\"@id\":\"https:\/\/snehovyservis.cz\/#\/schema\/logo\/image\/\",\"url\":\"https:\/\/snehovyservis.cz\/wp-content\/uploads\/2024\/12\/cropped-Logo_Snehovy-Servis.jpg\",\"contentUrl\":\"https:\/\/snehovyservis.cz\/wp-content\/uploads\/2024\/12\/cropped-Logo_Snehovy-Servis.jpg\",\"width\":290,\"height\":154,\"caption\":\"Sn\u011bhov\u00fdServis.cz\"},\"image\":{\"@id\":\"https:\/\/snehovyservis.cz\/#\/schema\/logo\/image\/\"}},{\"@type\":\"Person\",\"@id\":\"https:\/\/snehovyservis.cz\/#\/schema\/person\/292a322d4c00948520695cbe2b3fffbe\",\"name\":\"Jolana Hol\u00e1\u0148ov\u00e1\",\"image\":{\"@type\":\"ImageObject\",\"inLanguage\":\"cs\",\"@id\":\"https:\/\/snehovyservis.cz\/#\/schema\/person\/image\/\",\"url\":\"https:\/\/secure.gravatar.com\/avatar\/5863c504ed89cd419ff3a5e812c722ff?s=96&d=mm&r=g\",\"contentUrl\":\"https:\/\/secure.gravatar.com\/avatar\/5863c504ed89cd419ff3a5e812c722ff?s=96&d=mm&r=g\",\"caption\":\"Jolana Hol\u00e1\u0148ov\u00e1\"},\"sameAs\":[\"http:\/\/Sn\u011bhov\u00fdServis.cz\"],\"url\":\"https:\/\/snehovyservis.cz\/index.php\/author\/jolhol\/\"}]}<\/script>\n<!-- \/ Yoast SEO plugin. -->","yoast_head_json":{"title":"Po\u010das\u00ed na v\u00e1no\u010dn\u00ed sv\u00e1tky: O\u010dek\u00e1vejte velikou zimu a to nejen na hor\u00e1ch - Sn\u011bhov\u00fdServis.cz","robots":{"index":"index","follow":"follow","max-snippet":"max-snippet:-1","max-image-preview":"max-image-preview:large","max-video-preview":"max-video-preview:-1"},"canonical":"https:\/\/snehovyservis.cz\/index.php\/news\/pocasi-na-vanocni-svatky-ocekavejte-velikou-zimu-a-to-nejen-na-horach\/","og_locale":"cs_CZ","og_type":"article","og_title":"Po\u010das\u00ed na v\u00e1no\u010dn\u00ed sv\u00e1tky: O\u010dek\u00e1vejte velikou zimu a to nejen na hor\u00e1ch - Sn\u011bhov\u00fdServis.cz","og_description":"Zima se vrac\u00ed do \u010ceska! Alespo\u0148 na prvn\u00ed dva sv\u00e1tky v\u00e1no\u010dn\u00ed o\u010dek\u00e1vejte velik\u00e9 mrazy. V sobotu a ned\u011bli (25. a 26.12.), bude na cel\u00e9m \u00fazem\u00ed \u010cesk\u00e9 republiky opravdu velk\u00e1 zima. Teploty se budou pohybovat mezi -3 a\u017e -12 \u00b0C, a to po oba dva dny. Bude p\u0159ev\u00e1\u017en\u011b polojasno a m\u00edsty \u010dekejte i \u010derstv\u00fd v\u00edtr. Zimn\u00ed st\u0159ediska rychle doh\u00e1n\u00ed do\u010dasnou oblevu ve\u010dern\u00edm zasn\u011b\u017eov\u00e1n\u00edm a skoro ve v\u0161ech are\u00e1lech se ly\u017euje. Podm\u00ednky jsou velmi dobr\u00e9, jen je pot\u0159eba si d\u00e1vat pozor na vznikaj\u00edc\u00ed ledovku, hlavn\u011b na silnic\u00edch. Co se ly\u017ea\u0159sk\u00fdch podm\u00ednek t\u00fd\u010de&hellip;","og_url":"https:\/\/snehovyservis.cz\/index.php\/news\/pocasi-na-vanocni-svatky-ocekavejte-velikou-zimu-a-to-nejen-na-horach\/","og_site_name":"Sn\u011bhov\u00fdServis.cz","article_published_time":"2021-12-24T21:56:00+00:00","article_modified_time":"2021-12-25T22:52:44+00:00","og_image":[{"width":960,"height":719,"url":"https:\/\/snehovyservis.cz\/wp-content\/uploads\/2021\/12\/skiing-4835024_960_720.jpg","type":"image\/jpeg"}],"author":"Jolana Hol\u00e1\u0148ov\u00e1","twitter_card":"summary_large_image","twitter_misc":{"Napsal(a)":"Jolana Hol\u00e1\u0148ov\u00e1","Odhadovan\u00e1 doba \u010dten\u00ed":"1 minuta"},"schema":{"@context":"https:\/\/schema.org","@graph":[{"@type":"Article","@id":"https:\/\/snehovyservis.cz\/index.php\/news\/pocasi-na-vanocni-svatky-ocekavejte-velikou-zimu-a-to-nejen-na-horach\/#article","isPartOf":{"@id":"https:\/\/snehovyservis.cz\/index.php\/news\/pocasi-na-vanocni-svatky-ocekavejte-velikou-zimu-a-to-nejen-na-horach\/"},"author":{"name":"Jolana Hol\u00e1\u0148ov\u00e1","@id":"https:\/\/snehovyservis.cz\/#\/schema\/person\/292a322d4c00948520695cbe2b3fffbe"},"headline":"Po\u010das\u00ed na v\u00e1no\u010dn\u00ed sv\u00e1tky: O\u010dek\u00e1vejte velikou zimu a to nejen na hor\u00e1ch","datePublished":"2021-12-24T21:56:00+00:00","dateModified":"2021-12-25T22:52:44+00:00","mainEntityOfPage":{"@id":"https:\/\/snehovyservis.cz\/index.php\/news\/pocasi-na-vanocni-svatky-ocekavejte-velikou-zimu-a-to-nejen-na-horach\/"},"wordCount":182,"publisher":{"@id":"https:\/\/snehovyservis.cz\/#organization"},"articleSection":["NEWS","PO\u010cAS\u00cd"],"inLanguage":"cs"},{"@type":"WebPage","@id":"https:\/\/snehovyservis.cz\/index.php\/news\/pocasi-na-vanocni-svatky-ocekavejte-velikou-zimu-a-to-nejen-na-horach\/","url":"https:\/\/snehovyservis.cz\/index.php\/news\/pocasi-na-vanocni-svatky-ocekavejte-velikou-zimu-a-to-nejen-na-horach\/","name":"Po\u010das\u00ed na v\u00e1no\u010dn\u00ed sv\u00e1tky: O\u010dek\u00e1vejte velikou zimu a to nejen na hor\u00e1ch - Sn\u011bhov\u00fdServis.cz","isPartOf":{"@id":"https:\/\/snehovyservis.cz\/#website"},"datePublished":"2021-12-24T21:56:00+00:00","dateModified":"2021-12-25T22:52:44+00:00","breadcrumb":{"@id":"https:\/\/snehovyservis.cz\/index.php\/news\/pocasi-na-vanocni-svatky-ocekavejte-velikou-zimu-a-to-nejen-na-horach\/#breadcrumb"},"inLanguage":"cs","potentialAction":[{"@type":"ReadAction","target":["https:\/\/snehovyservis.cz\/index.php\/news\/pocasi-na-vanocni-svatky-ocekavejte-velikou-zimu-a-to-nejen-na-horach\/"]}]},{"@type":"BreadcrumbList","@id":"https:\/\/snehovyservis.cz\/index.php\/news\/pocasi-na-vanocni-svatky-ocekavejte-velikou-zimu-a-to-nejen-na-horach\/#breadcrumb","itemListElement":[{"@type":"ListItem","position":1,"name":"Dom\u016f","item":"https:\/\/snehovyservis.cz\/"},{"@type":"ListItem","position":2,"name":"Po\u010das\u00ed na v\u00e1no\u010dn\u00ed sv\u00e1tky: O\u010dek\u00e1vejte velikou zimu a to nejen na hor\u00e1ch"}]},{"@type":"WebSite","@id":"https:\/\/snehovyservis.cz\/#website","url":"https:\/\/snehovyservis.cz\/","name":"Sn\u011bhov\u00fdServis.cz","description":"Nejaktu\u00e1ln\u011bj\u0161\u00ed sn\u011bhov\u00e9 a ly\u017ea\u0159sk\u00e9 zpravodajstv\u00ed","publisher":{"@id":"https:\/\/snehovyservis.cz\/#organization"},"potentialAction":[{"@type":"SearchAction","target":{"@type":"EntryPoint","urlTemplate":"https:\/\/snehovyservis.cz\/?s={search_term_string}"},"query-input":"required name=search_term_string"}],"inLanguage":"cs"},{"@type":"Organization","@id":"https:\/\/snehovyservis.cz\/#organization","name":"Sn\u011bhov\u00fdServis.cz","url":"https:\/\/snehovyservis.cz\/","logo":{"@type":"ImageObject","inLanguage":"cs","@id":"https:\/\/snehovyservis.cz\/#\/schema\/logo\/image\/","url":"https:\/\/snehovyservis.cz\/wp-content\/uploads\/2024\/12\/cropped-Logo_Snehovy-Servis.jpg","contentUrl":"https:\/\/snehovyservis.cz\/wp-content\/uploads\/2024\/12\/cropped-Logo_Snehovy-Servis.jpg","width":290,"height":154,"caption":"Sn\u011bhov\u00fdServis.cz"},"image":{"@id":"https:\/\/snehovyservis.cz\/#\/schema\/logo\/image\/"}},{"@type":"Person","@id":"https:\/\/snehovyservis.cz\/#\/schema\/person\/292a322d4c00948520695cbe2b3fffbe","name":"Jolana Hol\u00e1\u0148ov\u00e1","image":{"@type":"ImageObject","inLanguage":"cs","@id":"https:\/\/snehovyservis.cz\/#\/schema\/person\/image\/","url":"https:\/\/secure.gravatar.com\/avatar\/5863c504ed89cd419ff3a5e812c722ff?s=96&d=mm&r=g","contentUrl":"https:\/\/secure.gravatar.com\/avatar\/5863c504ed89cd419ff3a5e812c722ff?s=96&d=mm&r=g","caption":"Jolana Hol\u00e1\u0148ov\u00e1"},"sameAs":["http:\/\/Sn\u011bhov\u00fdServis.cz"],"url":"https:\/\/snehovyservis.cz\/index.php\/author\/jolhol\/"}]}},"_links":{"self":[{"href":"https:\/\/snehovyservis.cz\/index.php\/wp-json\/wp\/v2\/posts\/703"}],"collection":[{"href":"https:\/\/snehovyservis.cz\/index.php\/wp-json\/wp\/v2\/posts"}],"about":[{"href":"https:\/\/snehovyservis.cz\/index.php\/wp-json\/wp\/v2\/types\/post"}],"author":[{"embeddable":true,"href":"https:\/\/snehovyservis.cz\/index.php\/wp-json\/wp\/v2\/users\/3"}],"replies":[{"embeddable":true,"href":"https:\/\/snehovyservis.cz\/index.php\/wp-json\/wp\/v2\/comments?post=703"}],"version-history":[{"count":3,"href":"https:\/\/snehovyservis.cz\/index.php\/wp-json\/wp\/v2\/posts\/703\/revisions"}],"predecessor-version":[{"id":709,"href":"https:\/\/snehovyservis.cz\/index.php\/wp-json\/wp\/v2\/posts\/703\/revisions\/709"}],"wp:featuredmedia":[{"embeddable":true,"href":"https:\/\/snehovyservis.cz\/index.php\/wp-json\/wp\/v2\/media\/705"}],"wp:attachment":[{"href":"https:\/\/snehovyservis.cz\/index.php\/wp-json\/wp\/v2\/media?parent=703"}],"wp:term":[{"taxonomy":"category","embeddable":true,"href":"https:\/\/snehovyservis.cz\/index.php\/wp-json\/wp\/v2\/categories?post=703"},{"taxonomy":"post_tag","embeddable":true,"href":"https:\/\/snehovyservis.cz\/index.php\/wp-json\/wp\/v2\/tags?post=703"}],"curies":[{"name":"wp","href":"https:\/\/api.w.org\/{rel}","templated":true}]}}