{"id":1382,"date":"2026-03-12T01:01:00","date_gmt":"2026-03-12T00:01:00","guid":{"rendered":"https:\/\/snehovyservis.cz\/?p=1382"},"modified":"2026-03-15T01:32:27","modified_gmt":"2026-03-15T00:32:27","slug":"gopass-festival-spindl-2026-spindleruv-mlyn-zazije-dva-dny-elektronicke-hudby-primo-na-snehu","status":"publish","type":"post","link":"https:\/\/snehovyservis.cz\/index.php\/spindleruv-mlyn\/gopass-festival-spindl-2026-spindleruv-mlyn-zazije-dva-dny-elektronicke-hudby-primo-na-snehu\/","title":{"rendered":"Gopass Festival \u0160pindl 2026: \u0160pindler\u016fv Ml\u00fdn za\u017eije dva dny elektronick\u00e9 hudby p\u0159\u00edmo na sn\u011bhu"},"content":{"rendered":"\n<div style=\"height:38px\" aria-hidden=\"true\" class=\"wp-block-spacer\"><\/div>\n\n\n\n<p class=\"has-medium-font-size\"><strong>\u0160pindler\u016fv Ml\u00fdn se letos na ja\u0159e chyst\u00e1 na ud\u00e1lost, kter\u00e1 v Krkono\u0161\u00edch zat\u00edm nem\u00e1 obdoby. V samotn\u00e9m centru hor se toti\u017e uskute\u010dn\u00ed premi\u00e9rov\u00fd ro\u010dn\u00edk hudebn\u00edho festivalu, kter\u00fd spoj\u00ed zimn\u00ed sporty, jedine\u010dnou atmosf\u00e9ru hor a \u0161pi\u010dkovou elektronickou hudbu.<\/strong><\/p>\n\n\n\n<p class=\"has-medium-font-size\"><strong>U\u017e 13. a 14. b\u0159ezna 2026 <\/strong>se <strong><a href=\"https:\/\/spindleruvmlyn.cz\/\" type=\"link\" id=\"https:\/\/spindleruvmlyn.cz\/\">\u0160pindler\u016fv Ml\u00fdn<\/a><\/strong>, \u010dasto p\u0159ezd\u00edvan\u00fd jednodu\u0161e <strong>\u0160pindl<\/strong>, prom\u011bn\u00ed v pulzuj\u00edc\u00ed centrum tane\u010dn\u00ed hudby. Dva dny pln\u00e9 energick\u00fdch beat\u016f, drum and bassu a nezapomenuteln\u00e9 atmosf\u00e9ry p\u0159inesou do <strong><a href=\"https:\/\/centrumkrkonos.cz\/\" type=\"link\" id=\"https:\/\/centrumkrkonos.cz\/\">centra Krkono\u0161<\/a><\/strong> zcela nov\u00fd festivalov\u00fd koncept \u2013 party p\u0159\u00edmo na sn\u011bhu.<\/p>\n\n\n\n<div style=\"height:38px\" aria-hidden=\"true\" class=\"wp-block-spacer\"><\/div>\n\n\n\n<figure class=\"wp-block-gallery has-nested-images columns-default is-cropped wp-block-gallery-1 is-layout-flex wp-block-gallery-is-layout-flex\">\n<figure class=\"wp-block-image size-large\"><img decoding=\"async\" data-id=\"8162\" src=\"https:\/\/vcentru.cz\/wp-content\/uploads\/2026\/03\/650666449_899923752655682_5127094610654874140_n-819x1024.jpg\" alt=\"Gopass Festival \u0160pindl 2026: \u0160pindler\u016fv Ml\u00fdn za\u017eije dva dny elektronick\u00e9 hudby p\u0159\u00edmo na sn\u011bhu\" class=\"wp-image-8162\"\/><\/figure>\n\n\n\n<figure class=\"wp-block-image size-large\"><img decoding=\"async\" data-id=\"8164\" src=\"https:\/\/vcentru.cz\/wp-content\/uploads\/2026\/03\/649852619_899923759322348_6544257952901573617_n-819x1024.jpg\" alt=\"Gopass Festival \u0160pindl 2026: \u0160pindler\u016fv Ml\u00fdn za\u017eije dva dny elektronick\u00e9 hudby p\u0159\u00edmo na sn\u011bhu\" class=\"wp-image-8164\"\/><\/figure>\n<\/figure>\n\n\n\n<div style=\"height:38px\" aria-hidden=\"true\" class=\"wp-block-spacer\"><\/div>\n\n\n\n<h2 class=\"wp-block-heading\">V centru Krkono\u0161 vznikne unik\u00e1tn\u00ed hudebn\u00ed festival<\/h2>\n\n\n\n<div style=\"height:38px\" aria-hidden=\"true\" class=\"wp-block-spacer\"><\/div>\n\n\n\n<p class=\"has-medium-font-size\">Ly\u017ea\u0159sk\u00e9 st\u0159edisko <strong>Skiare\u00e1l \u0160pindler\u016fv Ml\u00fdn<\/strong> je zn\u00e1m\u00e9 p\u0159edev\u0161\u00edm jako jedno z nejpopul\u00e1rn\u011bj\u0161\u00edch zimn\u00edch st\u0159edisek v \u010cesku. Tentokr\u00e1t v\u0161ak nab\u00eddne n\u00e1v\u0161t\u011bvn\u00edk\u016fm je\u0161t\u011b n\u011bco nav\u00edc. V <strong>centru \u0160pindlu<\/strong> toti\u017e vznikne \u00fapln\u011b nov\u00fd hudebn\u00ed festival, kter\u00fd propoj\u00ed zimn\u00ed sport, horskou atmosf\u00e9ru a sv\u011btovou elektronickou sc\u00e9nu.<\/p>\n\n\n\n<p class=\"has-medium-font-size\">B\u011bhem dvou festivalov\u00fdch dn\u00ed se n\u00e1v\u0161t\u011bvn\u00edci mohou t\u011b\u0161it na n\u011bkolik venkovn\u00edch pop-up stag\u00ed p\u0159\u00edmo na svaz\u00edch. Hudba se tak bude rozl\u00e9hat po sjezdovk\u00e1ch a vytvo\u0159\u00ed jedine\u010dnou kulisu pro ly\u017ea\u0159e i v\u0161echny milovn\u00edky zimn\u00edch hor.<\/p>\n\n\n\n<p class=\"has-medium-font-size\">Denn\u00ed program bude prob\u00edhat v p\u00e1tek i v sobotu a dobrou zpr\u00e1vou je, \u017ee vstup na tyto venkovn\u00ed stage bude zcela zdarma. U\u017e od odpoledn\u00edch hodin tak za\u010dne <a href=\"https:\/\/vcentru.cz\/podcast\/podcast-v-centru-krkonos\/\" type=\"link\" id=\"https:\/\/vcentru.cz\/podcast\/podcast-v-centru-krkonos\/\"><strong>v<\/strong> <strong>centru Krkono\u0161<\/strong><\/a> postupn\u011b o\u017e\u00edvat atmosf\u00e9ra pln\u00e1 hudby, z\u00e1bavy a horsk\u00e9 energie.<\/p>\n\n\n\n<div style=\"height:38px\" aria-hidden=\"true\" class=\"wp-block-spacer\"><\/div>\n\n\n\n<figure class=\"wp-block-gallery has-nested-images columns-default is-cropped wp-block-gallery-3 is-layout-flex wp-block-gallery-is-layout-flex\">\n<figure class=\"wp-block-image size-large\"><img decoding=\"async\" data-id=\"8160\" src=\"https:\/\/vcentru.cz\/wp-content\/uploads\/2026\/03\/650463673_18004016420889481_4163352332111487357_n-768x1024.jpg\" alt=\"Gopass Festival \u0160pindl 2026: \u0160pindler\u016fv Ml\u00fdn za\u017eije dva dny elektronick\u00e9 hudby p\u0159\u00edmo na sn\u011bhu\" class=\"wp-image-8160\"\/><\/figure>\n\n\n\n<figure class=\"wp-block-image size-large\"><img decoding=\"async\" data-id=\"8159\" src=\"https:\/\/vcentru.cz\/wp-content\/uploads\/2026\/03\/651914444_18004016516889481_8929299632818567099_n-768x1024.jpg\" alt=\"Gopass Festival \u0160pindl 2026: \u0160pindler\u016fv Ml\u00fdn za\u017eije dva dny elektronick\u00e9 hudby p\u0159\u00edmo na sn\u011bhu\" class=\"wp-image-8159\"\/><\/figure>\n<\/figure>\n\n\n\n<div style=\"height:38px\" aria-hidden=\"true\" class=\"wp-block-spacer\"><\/div>\n\n\n\n<h2 class=\"wp-block-heading\">Hudba p\u0159\u00edmo na svaz\u00edch Skiare\u00e1lu \u0160pindler\u016fv Ml\u00fdn<\/h2>\n\n\n\n<div style=\"height:38px\" aria-hidden=\"true\" class=\"wp-block-spacer\"><\/div>\n\n\n\n<p class=\"has-medium-font-size\">Festivalov\u00fd koncept je postaven\u00fd na propojen\u00ed ly\u017eov\u00e1n\u00ed a hudebn\u00ed z\u00e1bavy. V pr\u016fb\u011bhu dne se tak mohou n\u00e1v\u0161t\u011bvn\u00edci proh\u00e1n\u011bt po sjezdovk\u00e1ch a z\u00e1rove\u0148 si u\u017e\u00edvat DJ sety na venkovn\u00edch sc\u00e9n\u00e1ch.<\/p>\n\n\n\n<p class=\"has-medium-font-size\">V <strong><a href=\"https:\/\/www.skiareal.cz\/\" type=\"link\" id=\"https:\/\/www.skiareal.cz\/\">Skiare\u00e1lu \u0160pindler\u016fv Ml\u00fdn<\/a><\/strong> vyrostou speci\u00e1ln\u00ed pop-up stage, kter\u00e9 nab\u00eddnou energickou elektronickou hudbu, drum and bass i dal\u0161\u00ed tane\u010dn\u00ed \u017e\u00e1nry. Atmosf\u00e9ra horsk\u00e9ho st\u0159ediska v kombinaci s modern\u00ed klubovou hudbou vytvo\u0159\u00ed z\u00e1\u017eitek, kter\u00fd je v \u010desk\u00fdch hor\u00e1ch st\u00e1le sp\u00ed\u0161e v\u00fdjime\u010dn\u00fd.<\/p>\n\n\n\n<p class=\"has-medium-font-size\">Pr\u00e1v\u011b propojen\u00ed zimn\u00edch sport\u016f a hudebn\u00edho festivalu d\u011bl\u00e1 z t\u00e9to akce n\u011bco zcela unik\u00e1tn\u00edho. <strong>\u0160pindl<\/strong> se tak na dva dny prom\u011bn\u00ed v m\u00edsto, kde se potkaj\u00ed milovn\u00edci hor, ly\u017ea\u0159i i fanou\u0161ci elektronick\u00e9 hudby z cel\u00e9 republiky.<\/p>\n\n\n\n<div style=\"height:38px\" aria-hidden=\"true\" class=\"wp-block-spacer\"><\/div>\n\n\n\n<h2 class=\"wp-block-heading\">Ve\u010dern\u00ed party ve Svat\u00e9m Petru<\/h2>\n\n\n\n<div style=\"height:38px\" aria-hidden=\"true\" class=\"wp-block-spacer\"><\/div>\n\n\n\n<p class=\"has-medium-font-size\">Jakmile se setm\u00ed a svahy utichnou, festival se p\u0159esune do vnit\u0159n\u00edch prostor. Hlavn\u00ed ve\u010dern\u00ed program toti\u017e prob\u011bhne v p\u00e1tek i v sobotu v Restauraci Stadion ve Svat\u00e9m Petru.<\/p>\n\n\n\n<p class=\"has-medium-font-size\">Tento prostor se na dv\u011b noci prom\u011bn\u00ed v plnohodnotnou klubovou sc\u00e9nu s profesion\u00e1ln\u00edm sound syst\u00e9mem, sv\u011bteln\u00fdmi efekty a atmosf\u00e9rou, kter\u00e1 bude p\u0159ipom\u00ednat velk\u00e9 evropsk\u00e9 festivaly. Party zde potrv\u00e1 a\u017e do brzk\u00fdch rann\u00edch hodin.<\/p>\n\n\n\n<p class=\"has-medium-font-size\">Pr\u00e1v\u011b ve\u010dern\u00ed program p\u0159inese to nejv\u011bt\u0161\u00ed hudebn\u00ed l\u00e1kadlo cel\u00e9ho festivalu \u2013 line-up s hv\u011bzdami sv\u011btov\u00e9 drum and bass sc\u00e9ny.<\/p>\n\n\n\n<div style=\"height:38px\" aria-hidden=\"true\" class=\"wp-block-spacer\"><\/div>\n\n\n\n<figure class=\"wp-block-gallery has-nested-images columns-default is-cropped wp-block-gallery-5 is-layout-flex wp-block-gallery-is-layout-flex\">\n<figure class=\"wp-block-image size-large\"><img decoding=\"async\" data-id=\"8163\" src=\"https:\/\/vcentru.cz\/wp-content\/uploads\/2026\/03\/650024673_899923829322341_6957403072917615120_n-819x1024.jpg\" alt=\"Gopass Festival \u0160pindl 2026: \u0160pindler\u016fv Ml\u00fdn za\u017eije dva dny elektronick\u00e9 hudby p\u0159\u00edmo na sn\u011bhu\" class=\"wp-image-8163\"\/><\/figure>\n\n\n\n<figure class=\"wp-block-image size-large\"><img decoding=\"async\" data-id=\"8161\" src=\"https:\/\/vcentru.cz\/wp-content\/uploads\/2026\/03\/649926171_899923755989015_895595558048981215_n-819x1024.jpg\" alt=\"Gopass Festival \u0160pindl 2026: \u0160pindler\u016fv Ml\u00fdn za\u017eije dva dny elektronick\u00e9 hudby p\u0159\u00edmo na sn\u011bhu\" class=\"wp-image-8161\"\/><\/figure>\n<\/figure>\n\n\n\n<div style=\"height:38px\" aria-hidden=\"true\" class=\"wp-block-spacer\"><\/div>\n\n\n\n<h2 class=\"wp-block-heading\">Hv\u011bzdy sv\u011btov\u00e9 drum and bass sc\u00e9ny v centru \u0160pindlu<\/h2>\n\n\n\n<div style=\"height:38px\" aria-hidden=\"true\" class=\"wp-block-spacer\"><\/div>\n\n\n\n<p class=\"has-medium-font-size\">N\u00e1v\u0161t\u011bvn\u00edci se mohou t\u011b\u0161it na v\u00fdrazn\u00e1 jm\u00e9na mezin\u00e1rodn\u00ed elektronick\u00e9 sc\u00e9ny. Na p\u00f3diu se p\u0159edstav\u00ed nap\u0159\u00edklad brit\u0161t\u00ed DJs <strong>Kanine<\/strong>, <strong>Grafix<\/strong>, <strong>SOTA<\/strong> a tak\u00e9 zn\u00e1m\u00e9 duo <strong>Delta Heavy<\/strong>.<\/p>\n\n\n\n<p class=\"has-medium-font-size\">Tito interpreti pat\u0159\u00ed mezi respektovan\u00e1 jm\u00e9na drum and bassu a pravideln\u011b vystupuj\u00ed na velk\u00fdch evropsk\u00fdch festivalech i v nejlep\u0161\u00edch klubech sv\u011bta. Jejich vystoupen\u00ed <strong><a href=\"https:\/\/vcentru.cz\/podcast\/podcast-v-centru-spindlu\/\" type=\"link\" id=\"https:\/\/vcentru.cz\/podcast\/podcast-v-centru-spindlu\/\">v centru \u0160pindlerova Ml\u00fdna<\/a><\/strong> tak slibuje mimo\u0159\u00e1dnou hudebn\u00ed energii a show, kter\u00e1 bude pat\u0159it k vrchol\u016fm cel\u00e9ho v\u00edkendu.<\/p>\n\n\n\n<p class=\"has-medium-font-size\">Krom\u011b zahrani\u010dn\u00edch hv\u011bzd nab\u00eddne festival tak\u00e9 vystoupen\u00ed \u010desk\u00fdch DJs, kte\u0159\u00ed dopln\u00ed line-up o dal\u0161\u00ed energick\u00e9 sety a postaraj\u00ed se o nep\u0159etr\u017eitou hudebn\u00ed atmosf\u00e9ru.<\/p>\n\n\n\n<div style=\"height:38px\" aria-hidden=\"true\" class=\"wp-block-spacer\"><\/div>\n\n\n<div class=\"wp-block-image\">\n<figure class=\"aligncenter size-large\"><img decoding=\"async\" src=\"https:\/\/vcentru.cz\/wp-content\/uploads\/2026\/03\/648961262_1478575506960941_7725543707110874079_n-819x1024.jpg\" alt=\"Gopass Festival \u0160pindl 2026: \u0160pindler\u016fv Ml\u00fdn za\u017eije dva dny elektronick\u00e9 hudby p\u0159\u00edmo na sn\u011bhu\" class=\"wp-image-8168\"\/><\/figure><\/div>\n\n\n<div style=\"height:38px\" aria-hidden=\"true\" class=\"wp-block-spacer\"><\/div>\n\n\n\n<h2 class=\"wp-block-heading\">\u0160pindler\u016fv Ml\u00fdn jako nov\u00e9 m\u00edsto zimn\u00edch festival\u016f<\/h2>\n\n\n\n<div style=\"height:38px\" aria-hidden=\"true\" class=\"wp-block-spacer\"><\/div>\n\n\n\n<p class=\"has-medium-font-size\"><strong><a href=\"https:\/\/spindleruvmlyn.cz\/\" type=\"link\" id=\"https:\/\/spindleruvmlyn.cz\/\">\u0160pindler\u016fv Ml\u00fdn<\/a><\/strong> je dlouhodob\u011b pova\u017eov\u00e1n za jedno z nej\u017eiv\u011bj\u0161\u00edch horsk\u00fdch st\u0159edisek v \u010cesku. Nab\u00edz\u00ed nejen kvalitn\u00ed ly\u017eov\u00e1n\u00ed, ale tak\u00e9 pestr\u00fd spole\u010densk\u00fd \u017eivot, restaurace, bary a zimn\u00ed z\u00e1bavu.<\/p>\n\n\n\n<p class=\"has-medium-font-size\">Nov\u00fd festival v\u0161ak posouv\u00e1 atmosf\u00e9ru <strong><a href=\"https:\/\/centrumkrkonos.cz\/\" type=\"link\" id=\"https:\/\/centrumkrkonos.cz\/\">centra Krkono\u0161<\/a><\/strong> je\u0161t\u011b o krok d\u00e1l. Spojen\u00ed hudebn\u00ed sc\u00e9ny a horsk\u00e9ho prost\u0159ed\u00ed m\u00e1 ambici vytvo\u0159it novou tradici zimn\u00edch akc\u00ed, kter\u00e9 do <strong>\u0160pindlu<\/strong> p\u0159ivedou n\u00e1v\u0161t\u011bvn\u00edky nejen kv\u016fli ly\u017eov\u00e1n\u00ed, ale tak\u00e9 kv\u016fli hudb\u011b a z\u00e1bav\u011b.<\/p>\n\n\n\n<p class=\"has-medium-font-size\">Takov\u00fd koncept je b\u011b\u017en\u00fd nap\u0159\u00edklad v alpsk\u00fdch st\u0159edisc\u00edch, kde jsou party na sn\u011bhu a festivaly p\u0159\u00edmo na svaz\u00edch b\u011b\u017enou sou\u010d\u00e1st\u00ed zimn\u00ed sezony. Nyn\u00ed se podobn\u00fd z\u00e1\u017eitek chyst\u00e1 tak\u00e9 v \u010desk\u00fdch <strong>Krkono\u0161\u00edch<\/strong>.<\/p>\n\n\n\n<div style=\"height:38px\" aria-hidden=\"true\" class=\"wp-block-spacer\"><\/div>\n\n\n\n<h2 class=\"wp-block-heading\">Party v\u00edkend v srdci Krkono\u0161<\/h2>\n\n\n\n<div style=\"height:38px\" aria-hidden=\"true\" class=\"wp-block-spacer\"><\/div>\n\n\n\n<p class=\"has-medium-font-size\">Pokud pat\u0159\u00edte mezi fanou\u0161ky elektronick\u00e9 hudby, milovn\u00edky zimn\u00edch hor nebo prost\u011b hled\u00e1te origin\u00e1ln\u00ed v\u00edkendov\u00fd z\u00e1\u017eitek, m\u016f\u017ee b\u00fdt tento festival ide\u00e1ln\u00ed p\u0159\u00edle\u017eitost\u00ed.<\/p>\n\n\n\n<p class=\"has-medium-font-size\">B\u011bhem dvou dn\u00ed nab\u00eddne <strong>\u0160pindler\u016fv Ml\u00fdn<\/strong> kombinaci ly\u017eov\u00e1n\u00ed, hudby a horsk\u00e9 atmosf\u00e9ry, kter\u00e1 se jen tak neza\u017eije. P\u0159es den v\u00e1s \u010dekaj\u00ed DJ sety p\u0159\u00edmo na svaz\u00edch <strong><a href=\"https:\/\/www.skiareal.cz\/\" type=\"link\" id=\"https:\/\/www.skiareal.cz\/\">Skiare\u00e1lu \u0160pindler\u016fv Ml\u00fdn<\/a><\/strong>, ve\u010der pak velk\u00e1 klubov\u00e1 show ve Svat\u00e9m Petru.<\/p>\n\n\n\n<p class=\"has-medium-font-size\">Pr\u00e1v\u011b spojen\u00ed t\u011bchto dvou sv\u011bt\u016f \u2013 zimn\u00edch sport\u016f a tane\u010dn\u00ed hudby \u2013 vytv\u00e1\u0159\u00ed unik\u00e1tn\u00ed koncept, kter\u00fd m\u016f\u017ee zaujmout jak skaln\u00ed fanou\u0161ky drum and bassu, tak n\u00e1v\u0161t\u011bvn\u00edky, kte\u0159\u00ed si cht\u011bj\u00ed u\u017e\u00edt netradi\u010dn\u00ed v\u00edkend v hor\u00e1ch.<\/p>\n\n\n\n<div style=\"height:38px\" aria-hidden=\"true\" class=\"wp-block-spacer\"><\/div>\n\n\n<div class=\"wp-block-image\">\n<figure class=\"aligncenter size-large\"><img decoding=\"async\" src=\"https:\/\/vcentru.cz\/wp-content\/uploads\/2026\/03\/649194232_1531202982339499_7500130046185482094_n-819x1024.jpg\" alt=\"Gopass Festival \u0160pindl 2026: \u0160pindler\u016fv Ml\u00fdn za\u017eije dva dny elektronick\u00e9 hudby p\u0159\u00edmo na sn\u011bhu\" class=\"wp-image-8169\"\/><\/figure><\/div>\n\n\n<div style=\"height:38px\" aria-hidden=\"true\" class=\"wp-block-spacer\"><\/div>\n\n\n\n<h2 class=\"wp-block-heading\">Gopass Festival \u0160pindl 2026: rezervujte si m\u00edsto v\u010das<\/h2>\n\n\n\n<div style=\"height:38px\" aria-hidden=\"true\" class=\"wp-block-spacer\"><\/div>\n\n\n\n<p class=\"has-medium-font-size\">Premi\u00e9rov\u00fd ro\u010dn\u00edk festivalu slibuje mimo\u0159\u00e1dnou atmosf\u00e9ru a velk\u00fd z\u00e1jem n\u00e1v\u0161t\u011bvn\u00edk\u016f. Pokud si tedy chcete u\u017e\u00edt dva dny hudby, hor a zimn\u00ed party v jedine\u010dn\u00e9m prost\u0159ed\u00ed <strong><a href=\"https:\/\/vcentru.cz\/podcast\/podcast-v-centru-spindlu\/\" type=\"link\" id=\"https:\/\/vcentru.cz\/podcast\/podcast-v-centru-spindlu\/\">v centru \u0160pindlu<\/a><\/strong>, vyplat\u00ed se s n\u00e1kupem vstupenek p\u0159\u00edli\u0161 neot\u00e1let.<\/p>\n\n\n\n<p class=\"has-medium-font-size\">Spojte ly\u017eov\u00e1n\u00ed, hudbu a nezapomenutelnou atmosf\u00e9ru horsk\u00e9ho st\u0159ediska. <strong><a href=\"https:\/\/www.gopass.travel\/CZ\/zazitky-a-vstupenky\/ev-19337-gopass-festival\" type=\"link\" id=\"https:\/\/www.gopass.travel\/CZ\/zazitky-a-vstupenky\/ev-19337-gopass-festival\">Gopass Festival \u0160pindl 2026<\/a><\/strong> m\u00e1 ambici st\u00e1t se jednou z nejzaj\u00edmav\u011bj\u0161\u00edch zimn\u00edch ud\u00e1lost\u00ed roku v <strong>Krkono\u0161\u00edch<\/strong> \u2013 a vy m\u016f\u017eete b\u00fdt u toho.<\/p>\n\n\n\n<div style=\"height:111px\" aria-hidden=\"true\" class=\"wp-block-spacer\"><\/div>\n\n\n\n<figure class=\"wp-block-gallery has-nested-images columns-2 is-cropped wp-block-gallery-7 is-layout-flex wp-block-gallery-is-layout-flex\">\n<figure class=\"wp-block-image size-large\"><img decoding=\"async\" data-id=\"8162\" src=\"https:\/\/vcentru.cz\/wp-content\/uploads\/2026\/03\/650666449_899923752655682_5127094610654874140_n-819x1024.jpg\" alt=\"Gopass Festival \u0160pindl 2026: \u0160pindler\u016fv Ml\u00fdn za\u017eije dva dny elektronick\u00e9 hudby p\u0159\u00edmo na sn\u011bhu\" class=\"wp-image-8162\"\/><\/figure>\n\n\n\n<figure class=\"wp-block-image size-large\"><img decoding=\"async\" data-id=\"8164\" src=\"https:\/\/vcentru.cz\/wp-content\/uploads\/2026\/03\/649852619_899923759322348_6544257952901573617_n-819x1024.jpg\" alt=\"Gopass Festival \u0160pindl 2026: \u0160pindler\u016fv Ml\u00fdn za\u017eije dva dny elektronick\u00e9 hudby p\u0159\u00edmo na sn\u011bhu\" class=\"wp-image-8164\"\/><\/figure>\n\n\n\n<figure class=\"wp-block-image size-large\"><img decoding=\"async\" data-id=\"8163\" src=\"https:\/\/vcentru.cz\/wp-content\/uploads\/2026\/03\/650024673_899923829322341_6957403072917615120_n-819x1024.jpg\" alt=\"Gopass Festival \u0160pindl 2026: \u0160pindler\u016fv Ml\u00fdn za\u017eije dva dny elektronick\u00e9 hudby p\u0159\u00edmo na sn\u011bhu\" class=\"wp-image-8163\"\/><\/figure>\n\n\n\n<figure class=\"wp-block-image size-large\"><img decoding=\"async\" data-id=\"8161\" src=\"https:\/\/vcentru.cz\/wp-content\/uploads\/2026\/03\/649926171_899923755989015_895595558048981215_n-819x1024.jpg\" alt=\"Gopass Festival \u0160pindl 2026: \u0160pindler\u016fv Ml\u00fdn za\u017eije dva dny elektronick\u00e9 hudby p\u0159\u00edmo na sn\u011bhu\" class=\"wp-image-8161\"\/><\/figure>\n\n\n\n<figure class=\"wp-block-image size-large\"><img decoding=\"async\" data-id=\"8159\" src=\"https:\/\/vcentru.cz\/wp-content\/uploads\/2026\/03\/651914444_18004016516889481_8929299632818567099_n-768x1024.jpg\" alt=\"Gopass Festival \u0160pindl 2026: \u0160pindler\u016fv Ml\u00fdn za\u017eije dva dny elektronick\u00e9 hudby p\u0159\u00edmo na sn\u011bhu\" class=\"wp-image-8159\"\/><\/figure>\n\n\n\n<figure class=\"wp-block-image size-large\"><img decoding=\"async\" data-id=\"8160\" src=\"https:\/\/vcentru.cz\/wp-content\/uploads\/2026\/03\/650463673_18004016420889481_4163352332111487357_n-768x1024.jpg\" alt=\"Gopass Festival \u0160pindl 2026: \u0160pindler\u016fv Ml\u00fdn za\u017eije dva dny elektronick\u00e9 hudby p\u0159\u00edmo na sn\u011bhu\" class=\"wp-image-8160\"\/><\/figure>\n\n\n\n<figure class=\"wp-block-image size-large\"><img decoding=\"async\" data-id=\"8168\" src=\"https:\/\/vcentru.cz\/wp-content\/uploads\/2026\/03\/648961262_1478575506960941_7725543707110874079_n-819x1024.jpg\" alt=\"Gopass Festival \u0160pindl 2026: \u0160pindler\u016fv Ml\u00fdn za\u017eije dva dny elektronick\u00e9 hudby p\u0159\u00edmo na sn\u011bhu\" class=\"wp-image-8168\"\/><\/figure>\n\n\n\n<figure class=\"wp-block-image size-large\"><img decoding=\"async\" data-id=\"8169\" src=\"https:\/\/vcentru.cz\/wp-content\/uploads\/2026\/03\/649194232_1531202982339499_7500130046185482094_n-819x1024.jpg\" alt=\"Gopass Festival \u0160pindl 2026: \u0160pindler\u016fv Ml\u00fdn za\u017eije dva dny elektronick\u00e9 hudby p\u0159\u00edmo na sn\u011bhu\" class=\"wp-image-8169\"\/><\/figure>\n\n\n\n<figure class=\"wp-block-image size-large\"><img decoding=\"async\" data-id=\"8165\" src=\"https:\/\/vcentru.cz\/wp-content\/uploads\/2026\/03\/631072823_876842704963787_5063173483028367273_n-1024x576.jpg\" alt=\"Gopass Festival \u0160pindl 2026: \u0160pindler\u016fv Ml\u00fdn za\u017eije dva dny elektronick\u00e9 hudby p\u0159\u00edmo na sn\u011bhu\" class=\"wp-image-8165\"\/><\/figure>\n<\/figure>\n\n\n\n<div style=\"height:40px\" aria-hidden=\"true\" class=\"wp-block-spacer\"><\/div>\n\n\n\n<p class=\"has-medium-font-size\"><strong>Zdroj foto: <\/strong>Skiare\u00e1l \u0160pindler\u016fv Ml\u00fdn, Gopass, Gopass Festival<\/p>\n\n\n\n<div style=\"height:100px\" aria-hidden=\"true\" class=\"wp-block-spacer\"><\/div>\n","protected":false},"excerpt":{"rendered":"<p>\u0160pindler\u016fv Ml\u00fdn se letos na ja\u0159e chyst\u00e1 na ud\u00e1lost, kter\u00e1 v Krkono\u0161\u00edch zat\u00edm nem\u00e1 obdoby. V samotn\u00e9m centru hor se toti\u017e uskute\u010dn\u00ed premi\u00e9rov\u00fd ro\u010dn\u00edk hudebn\u00edho festivalu, kter\u00fd spoj\u00ed zimn\u00ed sporty, jedine\u010dnou atmosf\u00e9ru hor a \u0161pi\u010dkovou elektronickou hudbu. U\u017e 13. a 14. b\u0159ezna 2026 se \u0160pindler\u016fv Ml\u00fdn, \u010dasto p\u0159ezd\u00edvan\u00fd jednodu\u0161e \u0160pindl, prom\u011bn\u00ed v pulzuj\u00edc\u00ed centrum tane\u010dn\u00ed hudby. Dva dny pln\u00e9 energick\u00fdch beat\u016f, drum and bassu a nezapomenuteln\u00e9 atmosf\u00e9ry p\u0159inesou do centra Krkono\u0161 zcela nov\u00fd festivalov\u00fd koncept \u2013 party p\u0159\u00edmo na sn\u011bhu. V centru Krkono\u0161 vznikne unik\u00e1tn\u00ed hudebn\u00ed festival Ly\u017ea\u0159sk\u00e9 st\u0159edisko Skiare\u00e1l&hellip;<\/p>\n","protected":false},"author":6,"featured_media":1383,"comment_status":"closed","ping_status":"closed","sticky":false,"template":"","format":"standard","meta":{"_mi_skip_tracking":false,"_monsterinsights_sitenote_active":false,"_monsterinsights_sitenote_note":"","_monsterinsights_sitenote_category":0,"footnotes":""},"categories":[7,25,1,29,2,24],"tags":[41,46,39,44,38],"yoast_head":"<!-- This site is optimized with the Yoast SEO plugin v21.5 - https:\/\/yoast.com\/wordpress\/plugins\/seo\/ -->\n<title>Gopass Festival \u0160pindl 2026: \u0160pindler\u016fv Ml\u00fdn za\u017eije dva dny elektronick\u00e9 hudby p\u0159\u00edmo na sn\u011bhu - Sn\u011bhov\u00fdServis.cz<\/title>\n<meta name=\"description\" content=\"U\u017e 13. a 14. b\u0159ezna 2026 se \u0160pindler\u016fv Ml\u00fdn, \u010dasto p\u0159ezd\u00edvan\u00fd jednodu\u0161e \u0160pindl, prom\u011bn\u00ed v pulzuj\u00edc\u00ed centrum tane\u010dn\u00ed hudby.\" \/>\n<meta name=\"robots\" content=\"index, follow, max-snippet:-1, max-image-preview:large, max-video-preview:-1\" \/>\n<link rel=\"canonical\" href=\"https:\/\/snehovyservis.cz\/index.php\/spindleruv-mlyn\/gopass-festival-spindl-2026-spindleruv-mlyn-zazije-dva-dny-elektronicke-hudby-primo-na-snehu\/\" \/>\n<meta property=\"og:locale\" content=\"cs_CZ\" \/>\n<meta property=\"og:type\" content=\"article\" \/>\n<meta property=\"og:title\" content=\"Gopass Festival \u0160pindl 2026: \u0160pindler\u016fv Ml\u00fdn za\u017eije dva dny elektronick\u00e9 hudby p\u0159\u00edmo na sn\u011bhu - Sn\u011bhov\u00fdServis.cz\" \/>\n<meta property=\"og:description\" content=\"U\u017e 13. a 14. b\u0159ezna 2026 se \u0160pindler\u016fv Ml\u00fdn, \u010dasto p\u0159ezd\u00edvan\u00fd jednodu\u0161e \u0160pindl, prom\u011bn\u00ed v pulzuj\u00edc\u00ed centrum tane\u010dn\u00ed hudby.\" \/>\n<meta property=\"og:url\" content=\"https:\/\/snehovyservis.cz\/index.php\/spindleruv-mlyn\/gopass-festival-spindl-2026-spindleruv-mlyn-zazije-dva-dny-elektronicke-hudby-primo-na-snehu\/\" \/>\n<meta property=\"og:site_name\" content=\"Sn\u011bhov\u00fdServis.cz\" \/>\n<meta property=\"article:published_time\" content=\"2026-03-12T00:01:00+00:00\" \/>\n<meta property=\"article:modified_time\" content=\"2026-03-15T00:32:27+00:00\" \/>\n<meta property=\"og:image\" content=\"https:\/\/snehovyservis.cz\/wp-content\/uploads\/2026\/03\/631072823_876842704963787_5063173483028367273_n.jpg\" \/>\n\t<meta property=\"og:image:width\" content=\"2048\" \/>\n\t<meta property=\"og:image:height\" content=\"1152\" \/>\n\t<meta property=\"og:image:type\" content=\"image\/jpeg\" \/>\n<meta name=\"author\" content=\"Jan \u0160m\u00edd\" \/>\n<meta name=\"twitter:card\" content=\"summary_large_image\" \/>\n<meta name=\"twitter:label1\" content=\"Napsal(a)\" \/>\n\t<meta name=\"twitter:data1\" content=\"Jan \u0160m\u00edd\" \/>\n\t<meta name=\"twitter:label2\" content=\"Odhadovan\u00e1 doba \u010dten\u00ed\" \/>\n\t<meta name=\"twitter:data2\" content=\"8 minut\" \/>\n<script type=\"application\/ld+json\" class=\"yoast-schema-graph\">{\"@context\":\"https:\/\/schema.org\",\"@graph\":[{\"@type\":\"Article\",\"@id\":\"https:\/\/snehovyservis.cz\/index.php\/spindleruv-mlyn\/gopass-festival-spindl-2026-spindleruv-mlyn-zazije-dva-dny-elektronicke-hudby-primo-na-snehu\/#article\",\"isPartOf\":{\"@id\":\"https:\/\/snehovyservis.cz\/index.php\/spindleruv-mlyn\/gopass-festival-spindl-2026-spindleruv-mlyn-zazije-dva-dny-elektronicke-hudby-primo-na-snehu\/\"},\"author\":{\"name\":\"Jan \u0160m\u00edd\",\"@id\":\"https:\/\/snehovyservis.cz\/#\/schema\/person\/d588d85afe8e4b52319ab75b79926897\"},\"headline\":\"Gopass Festival \u0160pindl 2026: \u0160pindler\u016fv Ml\u00fdn za\u017eije dva dny elektronick\u00e9 hudby p\u0159\u00edmo na sn\u011bhu\",\"datePublished\":\"2026-03-12T00:01:00+00:00\",\"dateModified\":\"2026-03-15T00:32:27+00:00\",\"mainEntityOfPage\":{\"@id\":\"https:\/\/snehovyservis.cz\/index.php\/spindleruv-mlyn\/gopass-festival-spindl-2026-spindleruv-mlyn-zazije-dva-dny-elektronicke-hudby-primo-na-snehu\/\"},\"wordCount\":1101,\"publisher\":{\"@id\":\"https:\/\/snehovyservis.cz\/#organization\"},\"keywords\":[\"Centrum Krkono\u0161\",\"Gopass Festival \u0160pindl\",\"Krkono\u0161e\",\"\u0160pindl\",\"\u0160pindler\u016fv Ml\u00fdn\"],\"articleSection\":[\"AKCE\",\"KRKONO\u0160E\",\"NEWS\",\"SKI ARE\u00c1LY &amp; RESORTY\",\"SKI ARE\u00c1LY &amp; RESORTY (\u010cR)\",\"\u0160PINDLER\u016eV ML\u00ddN\"],\"inLanguage\":\"cs\"},{\"@type\":\"WebPage\",\"@id\":\"https:\/\/snehovyservis.cz\/index.php\/spindleruv-mlyn\/gopass-festival-spindl-2026-spindleruv-mlyn-zazije-dva-dny-elektronicke-hudby-primo-na-snehu\/\",\"url\":\"https:\/\/snehovyservis.cz\/index.php\/spindleruv-mlyn\/gopass-festival-spindl-2026-spindleruv-mlyn-zazije-dva-dny-elektronicke-hudby-primo-na-snehu\/\",\"name\":\"Gopass Festival \u0160pindl 2026: \u0160pindler\u016fv Ml\u00fdn za\u017eije dva dny elektronick\u00e9 hudby p\u0159\u00edmo na sn\u011bhu - Sn\u011bhov\u00fdServis.cz\",\"isPartOf\":{\"@id\":\"https:\/\/snehovyservis.cz\/#website\"},\"datePublished\":\"2026-03-12T00:01:00+00:00\",\"dateModified\":\"2026-03-15T00:32:27+00:00\",\"description\":\"U\u017e 13. a 14. b\u0159ezna 2026 se \u0160pindler\u016fv Ml\u00fdn, \u010dasto p\u0159ezd\u00edvan\u00fd jednodu\u0161e \u0160pindl, prom\u011bn\u00ed v pulzuj\u00edc\u00ed centrum tane\u010dn\u00ed hudby.\",\"breadcrumb\":{\"@id\":\"https:\/\/snehovyservis.cz\/index.php\/spindleruv-mlyn\/gopass-festival-spindl-2026-spindleruv-mlyn-zazije-dva-dny-elektronicke-hudby-primo-na-snehu\/#breadcrumb\"},\"inLanguage\":\"cs\",\"potentialAction\":[{\"@type\":\"ReadAction\",\"target\":[\"https:\/\/snehovyservis.cz\/index.php\/spindleruv-mlyn\/gopass-festival-spindl-2026-spindleruv-mlyn-zazije-dva-dny-elektronicke-hudby-primo-na-snehu\/\"]}]},{\"@type\":\"BreadcrumbList\",\"@id\":\"https:\/\/snehovyservis.cz\/index.php\/spindleruv-mlyn\/gopass-festival-spindl-2026-spindleruv-mlyn-zazije-dva-dny-elektronicke-hudby-primo-na-snehu\/#breadcrumb\",\"itemListElement\":[{\"@type\":\"ListItem\",\"position\":1,\"name\":\"Dom\u016f\",\"item\":\"https:\/\/snehovyservis.cz\/\"},{\"@type\":\"ListItem\",\"position\":2,\"name\":\"Gopass Festival \u0160pindl 2026: \u0160pindler\u016fv Ml\u00fdn za\u017eije dva dny elektronick\u00e9 hudby p\u0159\u00edmo na sn\u011bhu\"}]},{\"@type\":\"WebSite\",\"@id\":\"https:\/\/snehovyservis.cz\/#website\",\"url\":\"https:\/\/snehovyservis.cz\/\",\"name\":\"Sn\u011bhov\u00fdServis.cz\",\"description\":\"Nejaktu\u00e1ln\u011bj\u0161\u00ed sn\u011bhov\u00e9 a ly\u017ea\u0159sk\u00e9 zpravodajstv\u00ed\",\"publisher\":{\"@id\":\"https:\/\/snehovyservis.cz\/#organization\"},\"potentialAction\":[{\"@type\":\"SearchAction\",\"target\":{\"@type\":\"EntryPoint\",\"urlTemplate\":\"https:\/\/snehovyservis.cz\/?s={search_term_string}\"},\"query-input\":\"required name=search_term_string\"}],\"inLanguage\":\"cs\"},{\"@type\":\"Organization\",\"@id\":\"https:\/\/snehovyservis.cz\/#organization\",\"name\":\"Sn\u011bhov\u00fdServis.cz\",\"url\":\"https:\/\/snehovyservis.cz\/\",\"logo\":{\"@type\":\"ImageObject\",\"inLanguage\":\"cs\",\"@id\":\"https:\/\/snehovyservis.cz\/#\/schema\/logo\/image\/\",\"url\":\"https:\/\/snehovyservis.cz\/wp-content\/uploads\/2024\/12\/cropped-Logo_Snehovy-Servis.jpg\",\"contentUrl\":\"https:\/\/snehovyservis.cz\/wp-content\/uploads\/2024\/12\/cropped-Logo_Snehovy-Servis.jpg\",\"width\":290,\"height\":154,\"caption\":\"Sn\u011bhov\u00fdServis.cz\"},\"image\":{\"@id\":\"https:\/\/snehovyservis.cz\/#\/schema\/logo\/image\/\"}},{\"@type\":\"Person\",\"@id\":\"https:\/\/snehovyservis.cz\/#\/schema\/person\/d588d85afe8e4b52319ab75b79926897\",\"name\":\"Jan \u0160m\u00edd\",\"image\":{\"@type\":\"ImageObject\",\"inLanguage\":\"cs\",\"@id\":\"https:\/\/snehovyservis.cz\/#\/schema\/person\/image\/\",\"url\":\"https:\/\/secure.gravatar.com\/avatar\/70f8b575525c369952d0b7a7cdfa779b?s=96&d=mm&r=g\",\"contentUrl\":\"https:\/\/secure.gravatar.com\/avatar\/70f8b575525c369952d0b7a7cdfa779b?s=96&d=mm&r=g\",\"caption\":\"Jan \u0160m\u00edd\"},\"sameAs\":[\"http:\/\/SNEHOVYSERVIS.cz\"],\"url\":\"https:\/\/snehovyservis.cz\/index.php\/author\/sjan\/\"}]}<\/script>\n<!-- \/ Yoast SEO plugin. -->","yoast_head_json":{"title":"Gopass Festival \u0160pindl 2026: \u0160pindler\u016fv Ml\u00fdn za\u017eije dva dny elektronick\u00e9 hudby p\u0159\u00edmo na sn\u011bhu - Sn\u011bhov\u00fdServis.cz","description":"U\u017e 13. a 14. b\u0159ezna 2026 se \u0160pindler\u016fv Ml\u00fdn, \u010dasto p\u0159ezd\u00edvan\u00fd jednodu\u0161e \u0160pindl, prom\u011bn\u00ed v pulzuj\u00edc\u00ed centrum tane\u010dn\u00ed hudby.","robots":{"index":"index","follow":"follow","max-snippet":"max-snippet:-1","max-image-preview":"max-image-preview:large","max-video-preview":"max-video-preview:-1"},"canonical":"https:\/\/snehovyservis.cz\/index.php\/spindleruv-mlyn\/gopass-festival-spindl-2026-spindleruv-mlyn-zazije-dva-dny-elektronicke-hudby-primo-na-snehu\/","og_locale":"cs_CZ","og_type":"article","og_title":"Gopass Festival \u0160pindl 2026: \u0160pindler\u016fv Ml\u00fdn za\u017eije dva dny elektronick\u00e9 hudby p\u0159\u00edmo na sn\u011bhu - Sn\u011bhov\u00fdServis.cz","og_description":"U\u017e 13. a 14. b\u0159ezna 2026 se \u0160pindler\u016fv Ml\u00fdn, \u010dasto p\u0159ezd\u00edvan\u00fd jednodu\u0161e \u0160pindl, prom\u011bn\u00ed v pulzuj\u00edc\u00ed centrum tane\u010dn\u00ed hudby.","og_url":"https:\/\/snehovyservis.cz\/index.php\/spindleruv-mlyn\/gopass-festival-spindl-2026-spindleruv-mlyn-zazije-dva-dny-elektronicke-hudby-primo-na-snehu\/","og_site_name":"Sn\u011bhov\u00fdServis.cz","article_published_time":"2026-03-12T00:01:00+00:00","article_modified_time":"2026-03-15T00:32:27+00:00","og_image":[{"width":2048,"height":1152,"url":"https:\/\/snehovyservis.cz\/wp-content\/uploads\/2026\/03\/631072823_876842704963787_5063173483028367273_n.jpg","type":"image\/jpeg"}],"author":"Jan \u0160m\u00edd","twitter_card":"summary_large_image","twitter_misc":{"Napsal(a)":"Jan \u0160m\u00edd","Odhadovan\u00e1 doba \u010dten\u00ed":"8 minut"},"schema":{"@context":"https:\/\/schema.org","@graph":[{"@type":"Article","@id":"https:\/\/snehovyservis.cz\/index.php\/spindleruv-mlyn\/gopass-festival-spindl-2026-spindleruv-mlyn-zazije-dva-dny-elektronicke-hudby-primo-na-snehu\/#article","isPartOf":{"@id":"https:\/\/snehovyservis.cz\/index.php\/spindleruv-mlyn\/gopass-festival-spindl-2026-spindleruv-mlyn-zazije-dva-dny-elektronicke-hudby-primo-na-snehu\/"},"author":{"name":"Jan \u0160m\u00edd","@id":"https:\/\/snehovyservis.cz\/#\/schema\/person\/d588d85afe8e4b52319ab75b79926897"},"headline":"Gopass Festival \u0160pindl 2026: \u0160pindler\u016fv Ml\u00fdn za\u017eije dva dny elektronick\u00e9 hudby p\u0159\u00edmo na sn\u011bhu","datePublished":"2026-03-12T00:01:00+00:00","dateModified":"2026-03-15T00:32:27+00:00","mainEntityOfPage":{"@id":"https:\/\/snehovyservis.cz\/index.php\/spindleruv-mlyn\/gopass-festival-spindl-2026-spindleruv-mlyn-zazije-dva-dny-elektronicke-hudby-primo-na-snehu\/"},"wordCount":1101,"publisher":{"@id":"https:\/\/snehovyservis.cz\/#organization"},"keywords":["Centrum Krkono\u0161","Gopass Festival \u0160pindl","Krkono\u0161e","\u0160pindl","\u0160pindler\u016fv Ml\u00fdn"],"articleSection":["AKCE","KRKONO\u0160E","NEWS","SKI ARE\u00c1LY &amp; RESORTY","SKI ARE\u00c1LY &amp; RESORTY (\u010cR)","\u0160PINDLER\u016eV ML\u00ddN"],"inLanguage":"cs"},{"@type":"WebPage","@id":"https:\/\/snehovyservis.cz\/index.php\/spindleruv-mlyn\/gopass-festival-spindl-2026-spindleruv-mlyn-zazije-dva-dny-elektronicke-hudby-primo-na-snehu\/","url":"https:\/\/snehovyservis.cz\/index.php\/spindleruv-mlyn\/gopass-festival-spindl-2026-spindleruv-mlyn-zazije-dva-dny-elektronicke-hudby-primo-na-snehu\/","name":"Gopass Festival \u0160pindl 2026: \u0160pindler\u016fv Ml\u00fdn za\u017eije dva dny elektronick\u00e9 hudby p\u0159\u00edmo na sn\u011bhu - Sn\u011bhov\u00fdServis.cz","isPartOf":{"@id":"https:\/\/snehovyservis.cz\/#website"},"datePublished":"2026-03-12T00:01:00+00:00","dateModified":"2026-03-15T00:32:27+00:00","description":"U\u017e 13. a 14. b\u0159ezna 2026 se \u0160pindler\u016fv Ml\u00fdn, \u010dasto p\u0159ezd\u00edvan\u00fd jednodu\u0161e \u0160pindl, prom\u011bn\u00ed v pulzuj\u00edc\u00ed centrum tane\u010dn\u00ed hudby.","breadcrumb":{"@id":"https:\/\/snehovyservis.cz\/index.php\/spindleruv-mlyn\/gopass-festival-spindl-2026-spindleruv-mlyn-zazije-dva-dny-elektronicke-hudby-primo-na-snehu\/#breadcrumb"},"inLanguage":"cs","potentialAction":[{"@type":"ReadAction","target":["https:\/\/snehovyservis.cz\/index.php\/spindleruv-mlyn\/gopass-festival-spindl-2026-spindleruv-mlyn-zazije-dva-dny-elektronicke-hudby-primo-na-snehu\/"]}]},{"@type":"BreadcrumbList","@id":"https:\/\/snehovyservis.cz\/index.php\/spindleruv-mlyn\/gopass-festival-spindl-2026-spindleruv-mlyn-zazije-dva-dny-elektronicke-hudby-primo-na-snehu\/#breadcrumb","itemListElement":[{"@type":"ListItem","position":1,"name":"Dom\u016f","item":"https:\/\/snehovyservis.cz\/"},{"@type":"ListItem","position":2,"name":"Gopass Festival \u0160pindl 2026: \u0160pindler\u016fv Ml\u00fdn za\u017eije dva dny elektronick\u00e9 hudby p\u0159\u00edmo na sn\u011bhu"}]},{"@type":"WebSite","@id":"https:\/\/snehovyservis.cz\/#website","url":"https:\/\/snehovyservis.cz\/","name":"Sn\u011bhov\u00fdServis.cz","description":"Nejaktu\u00e1ln\u011bj\u0161\u00ed sn\u011bhov\u00e9 a ly\u017ea\u0159sk\u00e9 zpravodajstv\u00ed","publisher":{"@id":"https:\/\/snehovyservis.cz\/#organization"},"potentialAction":[{"@type":"SearchAction","target":{"@type":"EntryPoint","urlTemplate":"https:\/\/snehovyservis.cz\/?s={search_term_string}"},"query-input":"required name=search_term_string"}],"inLanguage":"cs"},{"@type":"Organization","@id":"https:\/\/snehovyservis.cz\/#organization","name":"Sn\u011bhov\u00fdServis.cz","url":"https:\/\/snehovyservis.cz\/","logo":{"@type":"ImageObject","inLanguage":"cs","@id":"https:\/\/snehovyservis.cz\/#\/schema\/logo\/image\/","url":"https:\/\/snehovyservis.cz\/wp-content\/uploads\/2024\/12\/cropped-Logo_Snehovy-Servis.jpg","contentUrl":"https:\/\/snehovyservis.cz\/wp-content\/uploads\/2024\/12\/cropped-Logo_Snehovy-Servis.jpg","width":290,"height":154,"caption":"Sn\u011bhov\u00fdServis.cz"},"image":{"@id":"https:\/\/snehovyservis.cz\/#\/schema\/logo\/image\/"}},{"@type":"Person","@id":"https:\/\/snehovyservis.cz\/#\/schema\/person\/d588d85afe8e4b52319ab75b79926897","name":"Jan \u0160m\u00edd","image":{"@type":"ImageObject","inLanguage":"cs","@id":"https:\/\/snehovyservis.cz\/#\/schema\/person\/image\/","url":"https:\/\/secure.gravatar.com\/avatar\/70f8b575525c369952d0b7a7cdfa779b?s=96&d=mm&r=g","contentUrl":"https:\/\/secure.gravatar.com\/avatar\/70f8b575525c369952d0b7a7cdfa779b?s=96&d=mm&r=g","caption":"Jan \u0160m\u00edd"},"sameAs":["http:\/\/SNEHOVYSERVIS.cz"],"url":"https:\/\/snehovyservis.cz\/index.php\/author\/sjan\/"}]}},"_links":{"self":[{"href":"https:\/\/snehovyservis.cz\/index.php\/wp-json\/wp\/v2\/posts\/1382"}],"collection":[{"href":"https:\/\/snehovyservis.cz\/index.php\/wp-json\/wp\/v2\/posts"}],"about":[{"href":"https:\/\/snehovyservis.cz\/index.php\/wp-json\/wp\/v2\/types\/post"}],"author":[{"embeddable":true,"href":"https:\/\/snehovyservis.cz\/index.php\/wp-json\/wp\/v2\/users\/6"}],"replies":[{"embeddable":true,"href":"https:\/\/snehovyservis.cz\/index.php\/wp-json\/wp\/v2\/comments?post=1382"}],"version-history":[{"count":1,"href":"https:\/\/snehovyservis.cz\/index.php\/wp-json\/wp\/v2\/posts\/1382\/revisions"}],"predecessor-version":[{"id":1384,"href":"https:\/\/snehovyservis.cz\/index.php\/wp-json\/wp\/v2\/posts\/1382\/revisions\/1384"}],"wp:featuredmedia":[{"embeddable":true,"href":"https:\/\/snehovyservis.cz\/index.php\/wp-json\/wp\/v2\/media\/1383"}],"wp:attachment":[{"href":"https:\/\/snehovyservis.cz\/index.php\/wp-json\/wp\/v2\/media?parent=1382"}],"wp:term":[{"taxonomy":"category","embeddable":true,"href":"https:\/\/snehovyservis.cz\/index.php\/wp-json\/wp\/v2\/categories?post=1382"},{"taxonomy":"post_tag","embeddable":true,"href":"https:\/\/snehovyservis.cz\/index.php\/wp-json\/wp\/v2\/tags?post=1382"}],"curies":[{"name":"wp","href":"https:\/\/api.w.org\/{rel}","templated":true}]}}