{"id":1379,"date":"2026-03-16T00:01:00","date_gmt":"2026-03-15T23:01:00","guid":{"rendered":"https:\/\/snehovyservis.cz\/?p=1379"},"modified":"2026-03-16T03:27:04","modified_gmt":"2026-03-16T02:27:04","slug":"historicke-minimum-v-krkonosich-mapa-republiky-letos-nasbirala-jen-necelych-pet-metru","status":"publish","type":"post","link":"https:\/\/snehovyservis.cz\/index.php\/krkonose\/historicke-minimum-v-krkonosich-mapa-republiky-letos-nasbirala-jen-necelych-pet-metru\/","title":{"rendered":"Historick\u00e9 minimum v Krkono\u0161\u00edch. Mapa republiky letos \u201enasb\u00edrala\u201c jen necel\u00fdch p\u011bt metr\u016f"},"content":{"rendered":"\n<div style=\"height:34px\" aria-hidden=\"true\" class=\"wp-block-spacer\"><\/div>\n\n\n\n<p class=\"has-medium-font-size\"><strong>V minul\u00e9m t\u00fddnu odborn\u00edci ze Spr\u00e1vy KRNAP provedli m\u011b\u0159en\u00ed na ji\u017en\u00edm svahu Studni\u010dn\u00ed hory a zjistili, \u017ee sn\u011bhov\u00e1 vrstva dosahuje mocnosti 4,8 m. Za 25 let souvisl\u00e9ho m\u011b\u0159en\u00ed v t\u00e9to lokalit\u011b na sn\u011bhov\u00e9m poli, zn\u00e1m\u00e9m pro sv\u016fj tvar p\u0159i odt\u00e1v\u00e1n\u00ed jako Mapa republiky, jde o absolutn\u011b nejni\u017e\u0161\u00ed nam\u011b\u0159enou hodnotu. To odpov\u00edd\u00e1 tomu, \u017ee zimn\u00ed sez\u00f3na 2025\/2026 se bude \u0159adit mezi podpr\u016fm\u011brn\u00e9.<\/strong><\/p>\n\n\n\n<div style=\"height:34px\" aria-hidden=\"true\" class=\"wp-block-spacer\"><\/div>\n\n\n<div class=\"wp-block-image\">\n<figure class=\"aligncenter size-large\"><img decoding=\"async\" src=\"https:\/\/vcentru.cz\/wp-content\/uploads\/2026\/03\/2026_03_03_MR-1024x723.jpg\" alt=\"Historick\u00e9 minimum v Krkono\u0161\u00edch. Mapa republiky letos \u201enasb\u00edrala\u201c jen necel\u00fdch p\u011bt metr\u016f\" class=\"wp-image-8156\"\/><\/figure><\/div>\n\n\n<div style=\"height:34px\" aria-hidden=\"true\" class=\"wp-block-spacer\"><\/div>\n\n\n\n<p class=\"has-medium-font-size\">\u201e<em>Mapu republiky sledujeme dlouhodob\u011b a vyu\u017e\u00edv\u00e1me dostupn\u00e9 modern\u00ed technologie. Posledn\u00ed roky ji zam\u011b\u0159ujeme s&nbsp;pomoc\u00ed dron\u016f. C\u00edlem monitoringu je pochopit, jak sn\u011bhov\u00e1 pokr\u00fdvka ovliv\u0148uje mikroklima a vegetaci v&nbsp;z\u00e1v\u011btrn\u00e9 oblasti Studni\u010dn\u00ed hory a zda a jak se m\u011bn\u00ed v\u00fd\u0161ka sn\u011bhu a jeho rozlo\u017een\u00ed v \u010dase,\u201c<\/em> <strong>uvedl botanik Spr\u00e1vy KRNAP Josef Har\u010darik. <\/strong><\/p>\n\n\n\n<p class=\"has-medium-font-size\">Mapa republiky p\u0159itahuje v\u011bdce \u0159adu let. Nejprve s pou\u017eit\u00edm technologie GPS a nyn\u00ed i s&nbsp;dronem odborn\u00edci p\u0159esn\u00fdm zam\u011b\u0159en\u00edm ter\u00e9nu bez sn\u011bhu i ter\u00e9nu se sn\u011bhovou vrstvou a jejich porovn\u00e1n\u00edm z\u00edsk\u00e1vaj\u00ed nejp\u0159esn\u011bj\u0161\u00ed mo\u017en\u00e1 data.<\/p>\n\n\n\n<div style=\"height:34px\" aria-hidden=\"true\" class=\"wp-block-spacer\"><\/div>\n\n\n<div class=\"wp-block-image\">\n<figure class=\"aligncenter size-large\"><img decoding=\"async\" src=\"https:\/\/vcentru.cz\/wp-content\/uploads\/2026\/03\/mapa_republiky_idealni_tvar2-1024x576.jpg\" alt=\"Historick\u00e9 minimum v Krkono\u0161\u00edch. Mapa republiky letos \u201enasb\u00edrala\u201c jen necel\u00fdch p\u011bt metr\u016f\" class=\"wp-image-8155\"\/><\/figure><\/div>\n\n\n<div style=\"height:34px\" aria-hidden=\"true\" class=\"wp-block-spacer\"><\/div>\n\n\n\n<p class=\"has-medium-font-size\">Mapou republiky je naz\u00fdv\u00e1no sn\u011bhov\u00e9 pole na ji\u017en\u00edm svahu Studni\u010dn\u00ed hory. P\u0159esto\u017ee le\u017e\u00ed na ji\u017en\u00edm svahu, kter\u00fd na jin\u00fdch m\u00edstech odt\u00e1v\u00e1 nejd\u0159\u00edve, zde sn\u00edh naopak z\u016fst\u00e1v\u00e1 prakticky nejd\u00e9le v&nbsp;Krkono\u0161\u00edch. <\/p>\n\n\n\n<p class=\"has-medium-font-size\">D\u016fvodem je modelace ter\u00e9nu a v\u011btrn\u00e9 proudy anemo-orografick\u00e9ho syst\u00e9mu B\u00edl\u00e9ho Labe, kter\u00e9 zde pravideln\u011b ukl\u00e1daj\u00ed obrovsk\u00e1 mno\u017estv\u00ed sn\u011bhu. Sn\u011bhov\u00e1 vrstva pak dosahuje mnohametrov\u00e9 v\u00fd\u0161ky. Jak sn\u011bhov\u00e9 pole odt\u00e1v\u00e1, ztr\u00e1c\u00ed postupn\u011b tvar prvorepublikov\u00e9ho \u010ceskoslovenska s&nbsp;Podkarpatskou Rus\u00ed, posl\u00e9ze odt\u00e1v\u00e1 Slovensko, a\u017e nakonec z\u016fst\u00e1vaj\u00ed st\u0159edn\u00ed \u010cechy. <\/p>\n\n\n\n<p class=\"has-medium-font-size\">Charakteristick\u00e9ho tvaru sn\u011bhov\u00e9ho pole si v\u0161imli turist\u00e9 a za\u010dali mu p\u0159ezd\u00edvat Mapa republiky. Proto\u017ee se dnes nach\u00e1z\u00ed v&nbsp;klidov\u00e9m \u00fazem\u00ed (d\u0159\u00edve I. z\u00f3n\u011b) n\u00e1rodn\u00edho parku, p\u011b\u0161ky se p\u0159\u00edmo k&nbsp;n\u00ed n\u00e1v\u0161t\u011bvn\u00edk hor nepod\u00edv\u00e1. Dob\u0159e viditeln\u00e9 je ale od Chalupy na Rozcest\u00ed nebo z&nbsp;cesty mezi V\u00fdrovkou a Pam\u00e1tn\u00edkem ob\u011btem hor v&nbsp;Modr\u00e9m sedle mezi Lu\u010dn\u00ed a Studni\u010dn\u00ed horou. D\u00edky sv\u00e9mu charakteristick\u00e9mu tvaru a barv\u011b je vid\u011bt i z&nbsp;dalek\u00e9ho Podkrkono\u0161\u00ed.<\/p>\n\n\n\n<div style=\"height:35px\" aria-hidden=\"true\" class=\"wp-block-spacer\"><\/div>\n\n\n\n<figure class=\"wp-block-table\"><table class=\"has-fixed-layout\"><tbody><tr><td>zima<\/td><td>max. v\u00fd\u0161ka sn\u011bhu (m)<\/td><td>datum odt\u00e1t\u00ed sn\u011bhu<\/td><\/tr><tr><td>1999\/2000<\/td><td>15,7<\/td><td>1. dek\u00e1da srpna<\/td><\/tr><tr><td>2000\/2001<\/td><td>6,1<\/td><td>3. dek\u00e1da \u010dervna<\/td><\/tr><tr><td>2001\/2002<\/td><td>13,4<\/td><td>2. dek\u00e1da srpna<\/td><\/tr><tr><td>2002\/2003<\/td><td>7,6<\/td><td>3. dek\u00e1da \u010dervna<\/td><\/tr><tr><td>2003\/2004<\/td><td>14,2<\/td><td>data nejsou k dispozici<\/td><\/tr><tr><td>2004\/2005<\/td><td>15,4<\/td><td>22. srpna<\/td><\/tr><tr><td>2005\/2006<\/td><td>12,3<\/td><td>22. \u010dervence<\/td><\/tr><tr><td>2006\/2007<\/td><td>12,5<\/td><td>5. \u010dervence<\/td><\/tr><tr><td>2007\/2008<\/td><td>14,1<\/td><td>29. \u010dervence<\/td><\/tr><tr><td>2008\/2009<\/td><td>13,3<\/td><td>17. \u010dervence<\/td><\/tr><tr><td>2009\/2010<\/td><td>8,1<\/td><td>30. \u010dervna<\/td><\/tr><tr><td>2010\/2011<\/td><td>9,6<\/td><td>14. \u010dervna<\/td><\/tr><tr><td>2011\/2012<\/td><td>13<\/td><td>4. srpna<\/td><\/tr><tr><td>2012\/2013<\/td><td>8,8<\/td><td>17. \u010dervna<\/td><\/tr><tr><td>2013\/2014<\/td><td>5,4<\/td><td>10. \u010dervna<\/td><\/tr><tr><td>2014\/2015<\/td><td>9,7<\/td><td>4. \u010dervence<\/td><\/tr><tr><td>2015\/2016<\/td><td>7,3<\/td><td>15. \u010dervna<\/td><\/tr><tr><td>2016\/2017<\/td><td>9,5<\/td><td>4. \u010dervna<\/td><\/tr><tr><td>2017\/2018<\/td><td>7,5<\/td><td>28. kv\u011btna<\/td><\/tr><tr><td>2018\/2019<\/td><td>14,5<\/td><td>22. \u010dervence<\/td><\/tr><tr><td>2019\/2020<\/td><td>9,5<\/td><td>6. \u010dervence<\/td><\/tr><tr><td>2020\/2021<\/td><td>9,6<\/td><td>13. \u010dervence<\/td><\/tr><tr><td>2021\/2022<\/td><td>11,2<\/td><td>8. \u010dervence<\/td><\/tr><tr><td>2022\/2023<\/td><td>9,7<\/td><td>8. \u010dervence<\/td><\/tr><tr><td>2023\/2024<\/td><td>8<\/td><td>6. \u010dervna<\/td><\/tr><tr><td>2024\/2025<\/td><td>7,7<\/td><td>15. \u010dervna<\/td><\/tr><tr><td>2025\/2026<\/td><td>4,8<\/td><td><br><\/td><\/tr><\/tbody><\/table><\/figure>\n\n\n\n<div style=\"height:111px\" aria-hidden=\"true\" class=\"wp-block-spacer\"><\/div>\n\n\n\n<p class=\"has-medium-font-size\">Zdroj foto: KRNAP<\/p>\n\n\n\n<div style=\"height:69px\" aria-hidden=\"true\" class=\"wp-block-spacer\"><\/div>\n\n\n\n<p class=\"has-medium-font-size\"><\/p>\n","protected":false},"excerpt":{"rendered":"<p>V minul\u00e9m t\u00fddnu odborn\u00edci ze Spr\u00e1vy KRNAP provedli m\u011b\u0159en\u00ed na ji\u017en\u00edm svahu Studni\u010dn\u00ed hory a zjistili, \u017ee sn\u011bhov\u00e1 vrstva dosahuje mocnosti 4,8 m. Za 25 let souvisl\u00e9ho m\u011b\u0159en\u00ed v t\u00e9to lokalit\u011b na sn\u011bhov\u00e9m poli, zn\u00e1m\u00e9m pro sv\u016fj tvar p\u0159i odt\u00e1v\u00e1n\u00ed jako Mapa republiky, jde o absolutn\u011b nejni\u017e\u0161\u00ed nam\u011b\u0159enou hodnotu. To odpov\u00edd\u00e1 tomu, \u017ee zimn\u00ed sez\u00f3na 2025\/2026 se bude \u0159adit mezi podpr\u016fm\u011brn\u00e9. \u201eMapu republiky sledujeme dlouhodob\u011b a vyu\u017e\u00edv\u00e1me dostupn\u00e9 modern\u00ed technologie. Posledn\u00ed roky ji zam\u011b\u0159ujeme s&nbsp;pomoc\u00ed dron\u016f. C\u00edlem monitoringu je pochopit, jak sn\u011bhov\u00e1 pokr\u00fdvka ovliv\u0148uje mikroklima a vegetaci v&nbsp;z\u00e1v\u011btrn\u00e9 oblasti Studni\u010dn\u00ed&hellip;<\/p>\n","protected":false},"author":6,"featured_media":1380,"comment_status":"closed","ping_status":"closed","sticky":false,"template":"","format":"standard","meta":{"_mi_skip_tracking":false,"_monsterinsights_sitenote_active":false,"_monsterinsights_sitenote_note":"","_monsterinsights_sitenote_category":0,"footnotes":""},"categories":[25,1],"tags":[41,39,45],"yoast_head":"<!-- This site is optimized with the Yoast SEO plugin v21.5 - https:\/\/yoast.com\/wordpress\/plugins\/seo\/ -->\n<title>Historick\u00e9 minimum v Krkono\u0161\u00edch. Mapa republiky letos \u201enasb\u00edrala\u201c jen necel\u00fdch p\u011bt metr\u016f - Sn\u011bhov\u00fdServis.cz<\/title>\n<meta name=\"description\" content=\"Odborn\u00edci ze Spr\u00e1vy KRNAP provedli m\u011b\u0159en\u00ed na ji\u017en\u00edm svahu Studni\u010dn\u00ed hory a zjistili, \u017ee sn\u011bhov\u00e1 vrstva dosahuje mocnosti 4,8 m.\" \/>\n<meta name=\"robots\" content=\"index, follow, max-snippet:-1, max-image-preview:large, max-video-preview:-1\" \/>\n<link rel=\"canonical\" href=\"https:\/\/snehovyservis.cz\/index.php\/news\/historicke-minimum-v-krkonosich-mapa-republiky-letos-nasbirala-jen-necelych-pet-metru\/\" \/>\n<meta property=\"og:locale\" content=\"cs_CZ\" \/>\n<meta property=\"og:type\" content=\"article\" \/>\n<meta property=\"og:title\" content=\"Historick\u00e9 minimum v Krkono\u0161\u00edch. Mapa republiky letos \u201enasb\u00edrala\u201c jen necel\u00fdch p\u011bt metr\u016f - Sn\u011bhov\u00fdServis.cz\" \/>\n<meta property=\"og:description\" content=\"Odborn\u00edci ze Spr\u00e1vy KRNAP provedli m\u011b\u0159en\u00ed na ji\u017en\u00edm svahu Studni\u010dn\u00ed hory a zjistili, \u017ee sn\u011bhov\u00e1 vrstva dosahuje mocnosti 4,8 m.\" \/>\n<meta property=\"og:url\" content=\"https:\/\/snehovyservis.cz\/index.php\/news\/historicke-minimum-v-krkonosich-mapa-republiky-letos-nasbirala-jen-necelych-pet-metru\/\" \/>\n<meta property=\"og:site_name\" content=\"Sn\u011bhov\u00fdServis.cz\" \/>\n<meta property=\"article:published_time\" content=\"2026-03-15T23:01:00+00:00\" \/>\n<meta property=\"article:modified_time\" content=\"2026-03-16T02:27:04+00:00\" \/>\n<meta property=\"og:image\" content=\"https:\/\/snehovyservis.cz\/wp-content\/uploads\/2026\/03\/mapa_republiky_idealni_tvar2.jpg\" \/>\n\t<meta property=\"og:image:width\" content=\"1180\" \/>\n\t<meta property=\"og:image:height\" content=\"664\" \/>\n\t<meta property=\"og:image:type\" content=\"image\/jpeg\" \/>\n<meta name=\"author\" content=\"Jan \u0160m\u00edd\" \/>\n<meta name=\"twitter:card\" content=\"summary_large_image\" \/>\n<meta name=\"twitter:label1\" content=\"Napsal(a)\" \/>\n\t<meta name=\"twitter:data1\" content=\"Jan \u0160m\u00edd\" \/>\n\t<meta name=\"twitter:label2\" content=\"Odhadovan\u00e1 doba \u010dten\u00ed\" \/>\n\t<meta name=\"twitter:data2\" content=\"3 minuty\" \/>\n<script type=\"application\/ld+json\" class=\"yoast-schema-graph\">{\"@context\":\"https:\/\/schema.org\",\"@graph\":[{\"@type\":\"Article\",\"@id\":\"https:\/\/snehovyservis.cz\/index.php\/news\/historicke-minimum-v-krkonosich-mapa-republiky-letos-nasbirala-jen-necelych-pet-metru\/#article\",\"isPartOf\":{\"@id\":\"https:\/\/snehovyservis.cz\/index.php\/news\/historicke-minimum-v-krkonosich-mapa-republiky-letos-nasbirala-jen-necelych-pet-metru\/\"},\"author\":{\"name\":\"Jan \u0160m\u00edd\",\"@id\":\"https:\/\/snehovyservis.cz\/#\/schema\/person\/d588d85afe8e4b52319ab75b79926897\"},\"headline\":\"Historick\u00e9 minimum v Krkono\u0161\u00edch. Mapa republiky letos \u201enasb\u00edrala\u201c jen necel\u00fdch p\u011bt metr\u016f\",\"datePublished\":\"2026-03-15T23:01:00+00:00\",\"dateModified\":\"2026-03-16T02:27:04+00:00\",\"mainEntityOfPage\":{\"@id\":\"https:\/\/snehovyservis.cz\/index.php\/news\/historicke-minimum-v-krkonosich-mapa-republiky-letos-nasbirala-jen-necelych-pet-metru\/\"},\"wordCount\":517,\"publisher\":{\"@id\":\"https:\/\/snehovyservis.cz\/#organization\"},\"keywords\":[\"Centrum Krkono\u0161\",\"Krkono\u0161e\",\"KRNAP\"],\"articleSection\":[\"KRKONO\u0160E\",\"NEWS\"],\"inLanguage\":\"cs\"},{\"@type\":\"WebPage\",\"@id\":\"https:\/\/snehovyservis.cz\/index.php\/news\/historicke-minimum-v-krkonosich-mapa-republiky-letos-nasbirala-jen-necelych-pet-metru\/\",\"url\":\"https:\/\/snehovyservis.cz\/index.php\/news\/historicke-minimum-v-krkonosich-mapa-republiky-letos-nasbirala-jen-necelych-pet-metru\/\",\"name\":\"Historick\u00e9 minimum v Krkono\u0161\u00edch. Mapa republiky letos \u201enasb\u00edrala\u201c jen necel\u00fdch p\u011bt metr\u016f - Sn\u011bhov\u00fdServis.cz\",\"isPartOf\":{\"@id\":\"https:\/\/snehovyservis.cz\/#website\"},\"datePublished\":\"2026-03-15T23:01:00+00:00\",\"dateModified\":\"2026-03-16T02:27:04+00:00\",\"description\":\"Odborn\u00edci ze Spr\u00e1vy KRNAP provedli m\u011b\u0159en\u00ed na ji\u017en\u00edm svahu Studni\u010dn\u00ed hory a zjistili, \u017ee sn\u011bhov\u00e1 vrstva dosahuje mocnosti 4,8 m.\",\"breadcrumb\":{\"@id\":\"https:\/\/snehovyservis.cz\/index.php\/news\/historicke-minimum-v-krkonosich-mapa-republiky-letos-nasbirala-jen-necelych-pet-metru\/#breadcrumb\"},\"inLanguage\":\"cs\",\"potentialAction\":[{\"@type\":\"ReadAction\",\"target\":[\"https:\/\/snehovyservis.cz\/index.php\/news\/historicke-minimum-v-krkonosich-mapa-republiky-letos-nasbirala-jen-necelych-pet-metru\/\"]}]},{\"@type\":\"BreadcrumbList\",\"@id\":\"https:\/\/snehovyservis.cz\/index.php\/news\/historicke-minimum-v-krkonosich-mapa-republiky-letos-nasbirala-jen-necelych-pet-metru\/#breadcrumb\",\"itemListElement\":[{\"@type\":\"ListItem\",\"position\":1,\"name\":\"Dom\u016f\",\"item\":\"https:\/\/snehovyservis.cz\/\"},{\"@type\":\"ListItem\",\"position\":2,\"name\":\"Historick\u00e9 minimum v Krkono\u0161\u00edch. Mapa republiky letos \u201enasb\u00edrala\u201c jen necel\u00fdch p\u011bt metr\u016f\"}]},{\"@type\":\"WebSite\",\"@id\":\"https:\/\/snehovyservis.cz\/#website\",\"url\":\"https:\/\/snehovyservis.cz\/\",\"name\":\"Sn\u011bhov\u00fdServis.cz\",\"description\":\"Nejaktu\u00e1ln\u011bj\u0161\u00ed sn\u011bhov\u00e9 a ly\u017ea\u0159sk\u00e9 zpravodajstv\u00ed\",\"publisher\":{\"@id\":\"https:\/\/snehovyservis.cz\/#organization\"},\"potentialAction\":[{\"@type\":\"SearchAction\",\"target\":{\"@type\":\"EntryPoint\",\"urlTemplate\":\"https:\/\/snehovyservis.cz\/?s={search_term_string}\"},\"query-input\":\"required name=search_term_string\"}],\"inLanguage\":\"cs\"},{\"@type\":\"Organization\",\"@id\":\"https:\/\/snehovyservis.cz\/#organization\",\"name\":\"Sn\u011bhov\u00fdServis.cz\",\"url\":\"https:\/\/snehovyservis.cz\/\",\"logo\":{\"@type\":\"ImageObject\",\"inLanguage\":\"cs\",\"@id\":\"https:\/\/snehovyservis.cz\/#\/schema\/logo\/image\/\",\"url\":\"https:\/\/snehovyservis.cz\/wp-content\/uploads\/2024\/12\/cropped-Logo_Snehovy-Servis.jpg\",\"contentUrl\":\"https:\/\/snehovyservis.cz\/wp-content\/uploads\/2024\/12\/cropped-Logo_Snehovy-Servis.jpg\",\"width\":290,\"height\":154,\"caption\":\"Sn\u011bhov\u00fdServis.cz\"},\"image\":{\"@id\":\"https:\/\/snehovyservis.cz\/#\/schema\/logo\/image\/\"}},{\"@type\":\"Person\",\"@id\":\"https:\/\/snehovyservis.cz\/#\/schema\/person\/d588d85afe8e4b52319ab75b79926897\",\"name\":\"Jan \u0160m\u00edd\",\"image\":{\"@type\":\"ImageObject\",\"inLanguage\":\"cs\",\"@id\":\"https:\/\/snehovyservis.cz\/#\/schema\/person\/image\/\",\"url\":\"https:\/\/secure.gravatar.com\/avatar\/70f8b575525c369952d0b7a7cdfa779b?s=96&d=mm&r=g\",\"contentUrl\":\"https:\/\/secure.gravatar.com\/avatar\/70f8b575525c369952d0b7a7cdfa779b?s=96&d=mm&r=g\",\"caption\":\"Jan \u0160m\u00edd\"},\"sameAs\":[\"http:\/\/SNEHOVYSERVIS.cz\"],\"url\":\"https:\/\/snehovyservis.cz\/index.php\/author\/sjan\/\"}]}<\/script>\n<!-- \/ Yoast SEO plugin. -->","yoast_head_json":{"title":"Historick\u00e9 minimum v Krkono\u0161\u00edch. Mapa republiky letos \u201enasb\u00edrala\u201c jen necel\u00fdch p\u011bt metr\u016f - Sn\u011bhov\u00fdServis.cz","description":"Odborn\u00edci ze Spr\u00e1vy KRNAP provedli m\u011b\u0159en\u00ed na ji\u017en\u00edm svahu Studni\u010dn\u00ed hory a zjistili, \u017ee sn\u011bhov\u00e1 vrstva dosahuje mocnosti 4,8 m.","robots":{"index":"index","follow":"follow","max-snippet":"max-snippet:-1","max-image-preview":"max-image-preview:large","max-video-preview":"max-video-preview:-1"},"canonical":"https:\/\/snehovyservis.cz\/index.php\/news\/historicke-minimum-v-krkonosich-mapa-republiky-letos-nasbirala-jen-necelych-pet-metru\/","og_locale":"cs_CZ","og_type":"article","og_title":"Historick\u00e9 minimum v Krkono\u0161\u00edch. Mapa republiky letos \u201enasb\u00edrala\u201c jen necel\u00fdch p\u011bt metr\u016f - Sn\u011bhov\u00fdServis.cz","og_description":"Odborn\u00edci ze Spr\u00e1vy KRNAP provedli m\u011b\u0159en\u00ed na ji\u017en\u00edm svahu Studni\u010dn\u00ed hory a zjistili, \u017ee sn\u011bhov\u00e1 vrstva dosahuje mocnosti 4,8 m.","og_url":"https:\/\/snehovyservis.cz\/index.php\/news\/historicke-minimum-v-krkonosich-mapa-republiky-letos-nasbirala-jen-necelych-pet-metru\/","og_site_name":"Sn\u011bhov\u00fdServis.cz","article_published_time":"2026-03-15T23:01:00+00:00","article_modified_time":"2026-03-16T02:27:04+00:00","og_image":[{"width":1180,"height":664,"url":"https:\/\/snehovyservis.cz\/wp-content\/uploads\/2026\/03\/mapa_republiky_idealni_tvar2.jpg","type":"image\/jpeg"}],"author":"Jan \u0160m\u00edd","twitter_card":"summary_large_image","twitter_misc":{"Napsal(a)":"Jan \u0160m\u00edd","Odhadovan\u00e1 doba \u010dten\u00ed":"3 minuty"},"schema":{"@context":"https:\/\/schema.org","@graph":[{"@type":"Article","@id":"https:\/\/snehovyservis.cz\/index.php\/news\/historicke-minimum-v-krkonosich-mapa-republiky-letos-nasbirala-jen-necelych-pet-metru\/#article","isPartOf":{"@id":"https:\/\/snehovyservis.cz\/index.php\/news\/historicke-minimum-v-krkonosich-mapa-republiky-letos-nasbirala-jen-necelych-pet-metru\/"},"author":{"name":"Jan \u0160m\u00edd","@id":"https:\/\/snehovyservis.cz\/#\/schema\/person\/d588d85afe8e4b52319ab75b79926897"},"headline":"Historick\u00e9 minimum v Krkono\u0161\u00edch. Mapa republiky letos \u201enasb\u00edrala\u201c jen necel\u00fdch p\u011bt metr\u016f","datePublished":"2026-03-15T23:01:00+00:00","dateModified":"2026-03-16T02:27:04+00:00","mainEntityOfPage":{"@id":"https:\/\/snehovyservis.cz\/index.php\/news\/historicke-minimum-v-krkonosich-mapa-republiky-letos-nasbirala-jen-necelych-pet-metru\/"},"wordCount":517,"publisher":{"@id":"https:\/\/snehovyservis.cz\/#organization"},"keywords":["Centrum Krkono\u0161","Krkono\u0161e","KRNAP"],"articleSection":["KRKONO\u0160E","NEWS"],"inLanguage":"cs"},{"@type":"WebPage","@id":"https:\/\/snehovyservis.cz\/index.php\/news\/historicke-minimum-v-krkonosich-mapa-republiky-letos-nasbirala-jen-necelych-pet-metru\/","url":"https:\/\/snehovyservis.cz\/index.php\/news\/historicke-minimum-v-krkonosich-mapa-republiky-letos-nasbirala-jen-necelych-pet-metru\/","name":"Historick\u00e9 minimum v Krkono\u0161\u00edch. Mapa republiky letos \u201enasb\u00edrala\u201c jen necel\u00fdch p\u011bt metr\u016f - Sn\u011bhov\u00fdServis.cz","isPartOf":{"@id":"https:\/\/snehovyservis.cz\/#website"},"datePublished":"2026-03-15T23:01:00+00:00","dateModified":"2026-03-16T02:27:04+00:00","description":"Odborn\u00edci ze Spr\u00e1vy KRNAP provedli m\u011b\u0159en\u00ed na ji\u017en\u00edm svahu Studni\u010dn\u00ed hory a zjistili, \u017ee sn\u011bhov\u00e1 vrstva dosahuje mocnosti 4,8 m.","breadcrumb":{"@id":"https:\/\/snehovyservis.cz\/index.php\/news\/historicke-minimum-v-krkonosich-mapa-republiky-letos-nasbirala-jen-necelych-pet-metru\/#breadcrumb"},"inLanguage":"cs","potentialAction":[{"@type":"ReadAction","target":["https:\/\/snehovyservis.cz\/index.php\/news\/historicke-minimum-v-krkonosich-mapa-republiky-letos-nasbirala-jen-necelych-pet-metru\/"]}]},{"@type":"BreadcrumbList","@id":"https:\/\/snehovyservis.cz\/index.php\/news\/historicke-minimum-v-krkonosich-mapa-republiky-letos-nasbirala-jen-necelych-pet-metru\/#breadcrumb","itemListElement":[{"@type":"ListItem","position":1,"name":"Dom\u016f","item":"https:\/\/snehovyservis.cz\/"},{"@type":"ListItem","position":2,"name":"Historick\u00e9 minimum v Krkono\u0161\u00edch. Mapa republiky letos \u201enasb\u00edrala\u201c jen necel\u00fdch p\u011bt metr\u016f"}]},{"@type":"WebSite","@id":"https:\/\/snehovyservis.cz\/#website","url":"https:\/\/snehovyservis.cz\/","name":"Sn\u011bhov\u00fdServis.cz","description":"Nejaktu\u00e1ln\u011bj\u0161\u00ed sn\u011bhov\u00e9 a ly\u017ea\u0159sk\u00e9 zpravodajstv\u00ed","publisher":{"@id":"https:\/\/snehovyservis.cz\/#organization"},"potentialAction":[{"@type":"SearchAction","target":{"@type":"EntryPoint","urlTemplate":"https:\/\/snehovyservis.cz\/?s={search_term_string}"},"query-input":"required name=search_term_string"}],"inLanguage":"cs"},{"@type":"Organization","@id":"https:\/\/snehovyservis.cz\/#organization","name":"Sn\u011bhov\u00fdServis.cz","url":"https:\/\/snehovyservis.cz\/","logo":{"@type":"ImageObject","inLanguage":"cs","@id":"https:\/\/snehovyservis.cz\/#\/schema\/logo\/image\/","url":"https:\/\/snehovyservis.cz\/wp-content\/uploads\/2024\/12\/cropped-Logo_Snehovy-Servis.jpg","contentUrl":"https:\/\/snehovyservis.cz\/wp-content\/uploads\/2024\/12\/cropped-Logo_Snehovy-Servis.jpg","width":290,"height":154,"caption":"Sn\u011bhov\u00fdServis.cz"},"image":{"@id":"https:\/\/snehovyservis.cz\/#\/schema\/logo\/image\/"}},{"@type":"Person","@id":"https:\/\/snehovyservis.cz\/#\/schema\/person\/d588d85afe8e4b52319ab75b79926897","name":"Jan \u0160m\u00edd","image":{"@type":"ImageObject","inLanguage":"cs","@id":"https:\/\/snehovyservis.cz\/#\/schema\/person\/image\/","url":"https:\/\/secure.gravatar.com\/avatar\/70f8b575525c369952d0b7a7cdfa779b?s=96&d=mm&r=g","contentUrl":"https:\/\/secure.gravatar.com\/avatar\/70f8b575525c369952d0b7a7cdfa779b?s=96&d=mm&r=g","caption":"Jan \u0160m\u00edd"},"sameAs":["http:\/\/SNEHOVYSERVIS.cz"],"url":"https:\/\/snehovyservis.cz\/index.php\/author\/sjan\/"}]}},"_links":{"self":[{"href":"https:\/\/snehovyservis.cz\/index.php\/wp-json\/wp\/v2\/posts\/1379"}],"collection":[{"href":"https:\/\/snehovyservis.cz\/index.php\/wp-json\/wp\/v2\/posts"}],"about":[{"href":"https:\/\/snehovyservis.cz\/index.php\/wp-json\/wp\/v2\/types\/post"}],"author":[{"embeddable":true,"href":"https:\/\/snehovyservis.cz\/index.php\/wp-json\/wp\/v2\/users\/6"}],"replies":[{"embeddable":true,"href":"https:\/\/snehovyservis.cz\/index.php\/wp-json\/wp\/v2\/comments?post=1379"}],"version-history":[{"count":1,"href":"https:\/\/snehovyservis.cz\/index.php\/wp-json\/wp\/v2\/posts\/1379\/revisions"}],"predecessor-version":[{"id":1381,"href":"https:\/\/snehovyservis.cz\/index.php\/wp-json\/wp\/v2\/posts\/1379\/revisions\/1381"}],"wp:featuredmedia":[{"embeddable":true,"href":"https:\/\/snehovyservis.cz\/index.php\/wp-json\/wp\/v2\/media\/1380"}],"wp:attachment":[{"href":"https:\/\/snehovyservis.cz\/index.php\/wp-json\/wp\/v2\/media?parent=1379"}],"wp:term":[{"taxonomy":"category","embeddable":true,"href":"https:\/\/snehovyservis.cz\/index.php\/wp-json\/wp\/v2\/categories?post=1379"},{"taxonomy":"post_tag","embeddable":true,"href":"https:\/\/snehovyservis.cz\/index.php\/wp-json\/wp\/v2\/tags?post=1379"}],"curies":[{"name":"wp","href":"https:\/\/api.w.org\/{rel}","templated":true}]}}