{"id":1266,"date":"2025-12-12T00:01:00","date_gmt":"2025-12-11T23:01:00","guid":{"rendered":"https:\/\/snehovyservis.cz\/?p=1266"},"modified":"2025-12-12T00:25:00","modified_gmt":"2025-12-11T23:25:00","slug":"vikend-plny-akci-v-peci-pod-snezkou-prijedte-si-uzit-predvanocni-atmosferu-do-centra-krkonos","status":"publish","type":"post","link":"https:\/\/snehovyservis.cz\/index.php\/pec-pod-snezkou\/vikend-plny-akci-v-peci-pod-snezkou-prijedte-si-uzit-predvanocni-atmosferu-do-centra-krkonos\/","title":{"rendered":"V\u00edkend pln\u00fd akc\u00ed v Peci pod Sn\u011b\u017ekou: P\u0159ije\u010fte si u\u017e\u00edt p\u0159edv\u00e1no\u010dn\u00ed atmosf\u00e9ru do centra Krkono\u0161"},"content":{"rendered":"\n<div style=\"height:40px\" aria-hidden=\"true\" class=\"wp-block-spacer\"><\/div>\n\n\n\n<p class=\"has-medium-font-size\"><strong>Pec pod Sn\u011b\u017ekou op\u011bt ukazuje, \u017ee je pr\u00e1vem pova\u017eov\u00e1na za \u017eiv\u00e9 centrum Krkono\u0161, kde se po cel\u00fd rok n\u011bco d\u011bje. A pr\u00e1v\u011b nyn\u00ed p\u0159ich\u00e1z\u00ed v\u00edkend, kter\u00fd nab\u00eddne jedine\u010dnou kombinaci p\u0159edv\u00e1no\u010dn\u00ed atmosf\u00e9ry, hudby, tradice i z\u00e1bavy. Pokud hled\u00e1te m\u00edsto, kde si u\u017e\u00edt hory, zimn\u00ed klid i energii spole\u010densk\u00fdch akc\u00ed, akce v Peci jsou tou pravou volbou.<\/strong><\/p>\n\n\n\n<p class=\"has-medium-font-size\">Tento prosincov\u00fd v\u00edkend bude nabit\u00fd z\u00e1\u017eitky, kter\u00e9 pot\u011b\u0161\u00ed rodiny, mlad\u00e9, m\u00edstn\u00ed i n\u00e1v\u0161t\u011bvn\u00edky. A k tomu v\u0161emu kulisa zasn\u011b\u017een\u00fdch <strong>Krkono\u0161<\/strong>, kter\u00e9 dodaj\u00ed ka\u017ed\u00e9 akci tu spr\u00e1vnou v\u00e1no\u010dn\u00ed jiskru.<\/p>\n\n\n\n<div style=\"height:40px\" aria-hidden=\"true\" class=\"wp-block-spacer\"><\/div>\n\n\n<div class=\"wp-block-image\">\n<figure class=\"aligncenter size-large\"><img decoding=\"async\" src=\"https:\/\/vcentru.cz\/wp-content\/uploads\/2025\/12\/597345111_1444633384330678_7179162267783239134_n-1024x1024.jpg\" alt=\"T\u00fdden pln\u00fd akc\u00ed v Peci pod Sn\u011b\u017ekou: P\u0159ije\u010fte si u\u017e\u00edt p\u0159edv\u00e1no\u010dn\u00ed atmosf\u00e9ru do centra Krkono\u0161\" class=\"wp-image-6272\"\/><\/figure><\/div>\n\n\n<div style=\"height:40px\" aria-hidden=\"true\" class=\"wp-block-spacer\"><\/div>\n\n\n\n<h2 class=\"wp-block-heading\">Coca-Cola V\u00e1no\u010dn\u00ed Kamion p\u0159iv\u00e1\u017e\u00ed magii V\u00e1noc<\/h2>\n\n\n\n<div style=\"height:40px\" aria-hidden=\"true\" class=\"wp-block-spacer\"><\/div>\n\n\n\n<p class=\"has-medium-font-size\"><strong>Sobota a ned\u011ble 13.\u201314. 12., Relaxpark Pec pod Sn\u011b\u017ekou<\/strong><\/p>\n\n\n\n<p class=\"has-medium-font-size\">Legend\u00e1rn\u00ed Coca-Cola V\u00e1no\u010dn\u00ed Kamion p\u0159ij\u00ed\u017ed\u00ed i letos \u2013 a tentokr\u00e1t p\u0159\u00edmo do Pece! Dva dny pln\u00e9 v\u00e1no\u010dn\u00ed atmosf\u00e9ry, sv\u011bt\u00fdlek, hudby a kouzeln\u00fdch z\u00e1\u017eitk\u016f \u010dekaj\u00ed n\u00e1v\u0161t\u011bvn\u00edky v Relaxparku. P\u0159ij\u010fte si vychutnat ikonickou v\u00e1no\u010dn\u00ed sc\u00e9nu, ud\u011blat si fotku na pam\u00e1tku nebo si dop\u0159\u00e1t sladk\u00fd v\u00e1no\u010dn\u00ed drink. Tahle zast\u00e1vka pat\u0159\u00ed k nejobl\u00edben\u011bj\u0161\u00edm <strong>akc\u00edm v Peci<\/strong>, tak\u017ee se p\u0159ipravte na po\u0159\u00e1dnou d\u00e1vku sv\u00e1te\u010dn\u00ed n\u00e1lady.<\/p>\n\n\n\n<div style=\"height:40px\" aria-hidden=\"true\" class=\"wp-block-spacer\"><\/div>\n\n\n<div class=\"wp-block-image\">\n<figure class=\"aligncenter size-full\"><img decoding=\"async\" src=\"https:\/\/vcentru.cz\/wp-content\/uploads\/2025\/12\/595139627_1444633424330674_2272602111613837777_n.jpg\" alt=\"T\u00fdden pln\u00fd akc\u00ed v Peci pod Sn\u011b\u017ekou: P\u0159ije\u010fte si u\u017e\u00edt p\u0159edv\u00e1no\u010dn\u00ed atmosf\u00e9ru do centra Krkono\u0161\" class=\"wp-image-6269\"\/><\/figure><\/div>\n\n\n<div style=\"height:40px\" aria-hidden=\"true\" class=\"wp-block-spacer\"><\/div>\n\n\n\n<h2 class=\"wp-block-heading\">Vypsan\u00e1 Fixa rozezn\u00ed KlonDike<\/h2>\n\n\n\n<div style=\"height:40px\" aria-hidden=\"true\" class=\"wp-block-spacer\"><\/div>\n\n\n\n<p class=\"has-medium-font-size\"><strong>Sobota 13. 12., KlonDike Music Club<\/strong><\/p>\n\n\n\n<p class=\"has-medium-font-size\">Energi\u00ed nabit\u00fd koncert, kter\u00fd v zimn\u00edch hor\u00e1ch jen tak neza\u017eijete \u2013 Vypsan\u00e1 Fixa m\u00ed\u0159\u00ed do Pece pod Sn\u011b\u017ekou! Obl\u00edben\u00e1 kapela prom\u011bn\u00ed ve\u010der v KlonDike Music Clubu v po\u0159\u00e1dnou hudebn\u00ed j\u00edzdu. A\u0165 u\u017e jste skaln\u00ed fanou\u0161ek nebo prost\u011b jen milujete \u017eivou hudbu na hor\u00e1ch, tohle bude z\u00e1\u017eitek, kter\u00fd v\u00e1s nabije na celou sez\u00f3nu.<\/p>\n\n\n\n<div style=\"height:40px\" aria-hidden=\"true\" class=\"wp-block-spacer\"><\/div>\n\n\n<div class=\"wp-block-image\">\n<figure class=\"aligncenter size-large\"><img decoding=\"async\" src=\"https:\/\/vcentru.cz\/wp-content\/uploads\/2025\/12\/596601769_1444633470997336_8604767126638289831_n-723x1024.jpg\" alt=\"T\u00fdden pln\u00fd akc\u00ed v Peci pod Sn\u011b\u017ekou: P\u0159ije\u010fte si u\u017e\u00edt p\u0159edv\u00e1no\u010dn\u00ed atmosf\u00e9ru do centra Krkono\u0161\" class=\"wp-image-6270\"\/><\/figure><\/div>\n\n\n<div style=\"height:40px\" aria-hidden=\"true\" class=\"wp-block-spacer\"><\/div>\n\n\n\n<h2 class=\"wp-block-heading\">28. reprezenta\u010dn\u00ed ples m\u011bsta Pec pod Sn\u011b\u017ekou a Hotelu****Horizont<\/h2>\n\n\n\n<p class=\"has-medium-font-size\"><strong>Sobota 13. 12.<\/strong><\/p>\n\n\n\n<p class=\"has-medium-font-size\">Tradi\u010dn\u00ed ud\u00e1lost zimn\u00ed sez\u00f3ny: elegantn\u00ed, slavnostn\u00ed a nezam\u011bniteln\u00e1. <strong>Reprezenta\u010dn\u00ed ples m\u011bsta Pec pod Sn\u011b\u017ekou<\/strong> se letos kon\u00e1 ji\u017e po osmadvac\u00e1t\u00e9, a to ve spolupr\u00e1ci s hotelem ****Horizont. \u010cek\u00e1 v\u00e1s noblesn\u00ed ve\u010der, \u017eiv\u00e1 hudba, tanec, spole\u010densk\u00e1 atmosf\u00e9ra i okam\u017eiky, kter\u00e9 si budete pamatovat. Pro milovn\u00edky tradice je to jednozna\u010dn\u00fd vrchol prosincov\u00e9ho t\u00fddne.<\/p>\n\n\n\n<div style=\"height:40px\" aria-hidden=\"true\" class=\"wp-block-spacer\"><\/div>\n\n\n<div class=\"wp-block-image\">\n<figure class=\"aligncenter size-full\"><img decoding=\"async\" src=\"https:\/\/vcentru.cz\/wp-content\/uploads\/2025\/12\/597027688_1444633517663998_3752223877564001999_n.jpg\" alt=\"T\u00fdden pln\u00fd akc\u00ed v Peci pod Sn\u011b\u017ekou: P\u0159ije\u010fte si u\u017e\u00edt p\u0159edv\u00e1no\u010dn\u00ed atmosf\u00e9ru do centra Krkono\u0161\" class=\"wp-image-6271\"\/><\/figure><\/div>\n\n\n<div style=\"height:40px\" aria-hidden=\"true\" class=\"wp-block-spacer\"><\/div>\n\n\n\n<h2 class=\"wp-block-heading\">Narozeninov\u00fd POP 7 UP v Craft coffee<\/h2>\n\n\n\n<p class=\"has-medium-font-size\"><strong>Sobota 13. 12., Craft coffee Pec pod Sn\u011b\u017ekou<\/strong><\/p>\n\n\n\n<p class=\"has-medium-font-size\">M\u00edstn\u00ed obl\u00edben\u00fd podnik slav\u00ed narozeniny \u2013 a zve v\u0161echny na oslavu! Narozeninov\u00fd POP 7 UP v Craft coffee slibuje skv\u011blou atmosf\u00e9ru, v\u00fdborn\u00e9 drinky, dobr\u00e9 j\u00eddlo, hudbu a pohodov\u00e9 horsk\u00e9 viby, kter\u00e9 se k Pecce tak hod\u00ed. Ide\u00e1ln\u00ed m\u00edsto, kde zah\u00e1jit ve\u010der nebo si dop\u0159\u00e1t trochu pohody mezi ostatn\u00edmi v\u00edkendov\u00fdmi akcemi.<\/p>\n\n\n\n<div style=\"height:40px\" aria-hidden=\"true\" class=\"wp-block-spacer\"><\/div>\n\n\n<div class=\"wp-block-image\">\n<figure class=\"aligncenter size-large\"><img decoding=\"async\" src=\"https:\/\/vcentru.cz\/wp-content\/uploads\/2025\/12\/593249864_1439386554855361_335989581998249760_n-1024x859.jpg\" alt=\"T\u00fdden pln\u00fd akc\u00ed v Peci pod Sn\u011b\u017ekou: P\u0159ije\u010fte si u\u017e\u00edt p\u0159edv\u00e1no\u010dn\u00ed atmosf\u00e9ru do centra Krkono\u0161\" class=\"wp-image-6274\"\/><\/figure><\/div>\n\n\n<div style=\"height:40px\" aria-hidden=\"true\" class=\"wp-block-spacer\"><\/div>\n\n\n\n<h2 class=\"wp-block-heading\">Pec pod Sn\u011b\u017ekou: zimn\u00ed t\u00fdden, kter\u00fd mus\u00edte za\u017e\u00edt<\/h2>\n\n\n\n<div style=\"height:40px\" aria-hidden=\"true\" class=\"wp-block-spacer\"><\/div>\n\n\n\n<p class=\"has-medium-font-size\">Kombinace t\u011bchto akc\u00ed vytv\u00e1\u0159\u00ed unik\u00e1tn\u00ed sm\u011bs z\u00e1bavy, atmosf\u00e9ry a z\u00e1\u017eitk\u016f, jakou najdete jen v <strong>Peci pod Sn\u011b\u017ekou<\/strong>. Ka\u017ed\u00e1 akce m\u00e1 sv\u00e9 kouzlo \u2013 od v\u00e1no\u010dn\u00edho kamionu p\u0159es koncert a ples a\u017e po pohodovou narozeninovou oslavu v m\u00edstn\u00ed kav\u00e1rn\u011b.<\/p>\n\n\n\n<p class=\"has-medium-font-size\">A\u0165 u\u017e p\u0159ijedete na cel\u00fd t\u00fdden, nebo jen na jeden den, \u010dekaj\u00ed v\u00e1s nezapomenuteln\u00e9 chv\u00edle v <strong>Centru Krkono\u0161<\/strong>, obklopen\u00e9 n\u00e1dhernou zimn\u00ed p\u0159\u00edrodou a energi\u00ed horsk\u00e9ho m\u011bste\u010dka, kter\u00e9 \u017eije od r\u00e1na do ve\u010dera.<\/p>\n\n\n\n<div style=\"height:40px\" aria-hidden=\"true\" class=\"wp-block-spacer\"><\/div>\n\n\n\n<h2 class=\"wp-block-heading\">P\u0159ije\u010fte do Pece \u2013 za z\u00e1\u017eitky, atmosf\u00e9rou a kr\u00e1sou Krkono\u0161<\/h2>\n\n\n\n<div style=\"height:40px\" aria-hidden=\"true\" class=\"wp-block-spacer\"><\/div>\n\n\n\n<p class=\"has-medium-font-size\">Pokud hled\u00e1te m\u00edsto, kde spoj\u00edte skv\u011bl\u00e9 z\u00e1\u017eitky, v\u00fdbornou atmosf\u00e9ru a kouzlo zimy, tenhle t\u00fdden je p\u0159esn\u011b pro v\u00e1s. Pec pod Sn\u011b\u017ekou nab\u00edz\u00ed v\u00edc ne\u017e jen sjezdovky \u2013 nab\u00edz\u00ed p\u0159\u00edb\u011bhy, kter\u00e9 si odvezete dom\u016f.<\/p>\n\n\n\n<p class=\"has-medium-font-size\">T\u011b\u0161\u00edme se na v\u00e1s v Peci, v \u017eiv\u00e9m <strong>Centru Krkono\u0161<\/strong>.<\/p>\n\n\n\n<div style=\"height:100px\" aria-hidden=\"true\" class=\"wp-block-spacer\"><\/div>\n\n\n\n<figure class=\"wp-block-gallery has-nested-images columns-2 is-cropped wp-block-gallery-1 is-layout-flex wp-block-gallery-is-layout-flex\">\n<figure class=\"wp-block-image size-large\"><img decoding=\"async\" data-id=\"6272\" src=\"https:\/\/vcentru.cz\/wp-content\/uploads\/2025\/12\/597345111_1444633384330678_7179162267783239134_n-1024x1024.jpg\" alt=\"T\u00fdden pln\u00fd akc\u00ed v Peci pod Sn\u011b\u017ekou: P\u0159ije\u010fte si u\u017e\u00edt p\u0159edv\u00e1no\u010dn\u00ed atmosf\u00e9ru do centra Krkono\u0161\" class=\"wp-image-6272\"\/><\/figure>\n\n\n\n<figure class=\"wp-block-image size-large\"><img decoding=\"async\" data-id=\"6269\" src=\"https:\/\/vcentru.cz\/wp-content\/uploads\/2025\/12\/595139627_1444633424330674_2272602111613837777_n.jpg\" alt=\"T\u00fdden pln\u00fd akc\u00ed v Peci pod Sn\u011b\u017ekou: P\u0159ije\u010fte si u\u017e\u00edt p\u0159edv\u00e1no\u010dn\u00ed atmosf\u00e9ru do centra Krkono\u0161\" class=\"wp-image-6269\"\/><\/figure>\n\n\n\n<figure class=\"wp-block-image size-large\"><img decoding=\"async\" data-id=\"6270\" src=\"https:\/\/vcentru.cz\/wp-content\/uploads\/2025\/12\/596601769_1444633470997336_8604767126638289831_n-723x1024.jpg\" alt=\"T\u00fdden pln\u00fd akc\u00ed v Peci pod Sn\u011b\u017ekou: P\u0159ije\u010fte si u\u017e\u00edt p\u0159edv\u00e1no\u010dn\u00ed atmosf\u00e9ru do centra Krkono\u0161\" class=\"wp-image-6270\"\/><\/figure>\n\n\n\n<figure class=\"wp-block-image size-large\"><img decoding=\"async\" data-id=\"6271\" src=\"https:\/\/vcentru.cz\/wp-content\/uploads\/2025\/12\/597027688_1444633517663998_3752223877564001999_n.jpg\" alt=\"T\u00fdden pln\u00fd akc\u00ed v Peci pod Sn\u011b\u017ekou: P\u0159ije\u010fte si u\u017e\u00edt p\u0159edv\u00e1no\u010dn\u00ed atmosf\u00e9ru do centra Krkono\u0161\" class=\"wp-image-6271\"\/><\/figure>\n\n\n\n<figure class=\"wp-block-image size-large\"><img decoding=\"async\" data-id=\"6273\" src=\"https:\/\/vcentru.cz\/wp-content\/uploads\/2025\/12\/584310421_1427872832673400_7301138626676419687_n-1024x379.jpg\" alt=\"T\u00fdden pln\u00fd akc\u00ed v Peci pod Sn\u011b\u017ekou: P\u0159ije\u010fte si u\u017e\u00edt p\u0159edv\u00e1no\u010dn\u00ed atmosf\u00e9ru do centra Krkono\u0161\" class=\"wp-image-6273\"\/><\/figure>\n<\/figure>\n\n\n\n<div style=\"height:36px\" aria-hidden=\"true\" class=\"wp-block-spacer\"><\/div>\n\n\n\n<p class=\"has-medium-font-size\"><strong>Zdroj foto:<\/strong> Pec pod Sn\u011b\u017ekou<\/p>\n\n\n\n<div style=\"height:37px\" aria-hidden=\"true\" class=\"wp-block-spacer\"><\/div>\n","protected":false},"excerpt":{"rendered":"<p>Pec pod Sn\u011b\u017ekou op\u011bt ukazuje, \u017ee je pr\u00e1vem pova\u017eov\u00e1na za \u017eiv\u00e9 centrum Krkono\u0161, kde se po cel\u00fd rok n\u011bco d\u011bje. A pr\u00e1v\u011b nyn\u00ed p\u0159ich\u00e1z\u00ed v\u00edkend, kter\u00fd nab\u00eddne jedine\u010dnou kombinaci p\u0159edv\u00e1no\u010dn\u00ed atmosf\u00e9ry, hudby, tradice i z\u00e1bavy. Pokud hled\u00e1te m\u00edsto, kde si u\u017e\u00edt hory, zimn\u00ed klid i energii spole\u010densk\u00fdch akc\u00ed, akce v Peci jsou tou pravou volbou. Tento prosincov\u00fd v\u00edkend bude nabit\u00fd z\u00e1\u017eitky, kter\u00e9 pot\u011b\u0161\u00ed rodiny, mlad\u00e9, m\u00edstn\u00ed i n\u00e1v\u0161t\u011bvn\u00edky. A k tomu v\u0161emu kulisa zasn\u011b\u017een\u00fdch Krkono\u0161, kter\u00e9 dodaj\u00ed ka\u017ed\u00e9 akci tu spr\u00e1vnou v\u00e1no\u010dn\u00ed jiskru. Coca-Cola V\u00e1no\u010dn\u00ed Kamion p\u0159iv\u00e1\u017e\u00ed magii V\u00e1noc Sobota&hellip;<\/p>\n","protected":false},"author":6,"featured_media":1282,"comment_status":"closed","ping_status":"closed","sticky":false,"template":"","format":"standard","meta":{"_mi_skip_tracking":false,"_monsterinsights_sitenote_active":false,"_monsterinsights_sitenote_note":"","_monsterinsights_sitenote_category":0,"footnotes":""},"categories":[7,1,34],"tags":[],"yoast_head":"<!-- This site is optimized with the Yoast SEO plugin v21.5 - https:\/\/yoast.com\/wordpress\/plugins\/seo\/ -->\n<title>V\u00edkend pln\u00fd akc\u00ed v Peci pod Sn\u011b\u017ekou: P\u0159ije\u010fte si u\u017e\u00edt p\u0159edv\u00e1no\u010dn\u00ed atmosf\u00e9ru do centra Krkono\u0161 - Sn\u011bhov\u00fdServis.cz<\/title>\n<meta name=\"description\" content=\"Pec pod Sn\u011b\u017ekou op\u011bt ukazuje, \u017ee je pr\u00e1vem pova\u017eov\u00e1na za \u017eiv\u00e9 centrum Krkono\u0161, kde se po cel\u00fd rok n\u011bco d\u011bje.\" \/>\n<meta name=\"robots\" content=\"index, follow, max-snippet:-1, max-image-preview:large, max-video-preview:-1\" \/>\n<link rel=\"canonical\" href=\"https:\/\/snehovyservis.cz\/index.php\/pec-pod-snezkou\/vikend-plny-akci-v-peci-pod-snezkou-prijedte-si-uzit-predvanocni-atmosferu-do-centra-krkonos\/\" \/>\n<meta property=\"og:locale\" content=\"cs_CZ\" \/>\n<meta property=\"og:type\" content=\"article\" \/>\n<meta property=\"og:title\" content=\"V\u00edkend pln\u00fd akc\u00ed v Peci pod Sn\u011b\u017ekou: P\u0159ije\u010fte si u\u017e\u00edt p\u0159edv\u00e1no\u010dn\u00ed atmosf\u00e9ru do centra Krkono\u0161 - Sn\u011bhov\u00fdServis.cz\" \/>\n<meta property=\"og:description\" content=\"Pec pod Sn\u011b\u017ekou op\u011bt ukazuje, \u017ee je pr\u00e1vem pova\u017eov\u00e1na za \u017eiv\u00e9 centrum Krkono\u0161, kde se po cel\u00fd rok n\u011bco d\u011bje.\" \/>\n<meta property=\"og:url\" content=\"https:\/\/snehovyservis.cz\/index.php\/pec-pod-snezkou\/vikend-plny-akci-v-peci-pod-snezkou-prijedte-si-uzit-predvanocni-atmosferu-do-centra-krkonos\/\" \/>\n<meta property=\"og:site_name\" content=\"Sn\u011bhov\u00fdServis.cz\" \/>\n<meta property=\"article:published_time\" content=\"2025-12-11T23:01:00+00:00\" \/>\n<meta property=\"article:modified_time\" content=\"2025-12-11T23:25:00+00:00\" \/>\n<meta property=\"og:image\" content=\"https:\/\/snehovyservis.cz\/wp-content\/uploads\/2025\/12\/584310421_1427872832673400_7301138626676419687_TTL.jpg\" \/>\n\t<meta property=\"og:image:width\" content=\"1881\" \/>\n\t<meta property=\"og:image:height\" content=\"984\" \/>\n\t<meta property=\"og:image:type\" content=\"image\/jpeg\" \/>\n<meta name=\"author\" content=\"Jan \u0160m\u00edd\" \/>\n<meta name=\"twitter:card\" content=\"summary_large_image\" \/>\n<meta name=\"twitter:label1\" content=\"Napsal(a)\" \/>\n\t<meta name=\"twitter:data1\" content=\"Jan \u0160m\u00edd\" \/>\n\t<meta name=\"twitter:label2\" content=\"Odhadovan\u00e1 doba \u010dten\u00ed\" \/>\n\t<meta name=\"twitter:data2\" content=\"5 minut\" \/>\n<script type=\"application\/ld+json\" class=\"yoast-schema-graph\">{\"@context\":\"https:\/\/schema.org\",\"@graph\":[{\"@type\":\"Article\",\"@id\":\"https:\/\/snehovyservis.cz\/index.php\/pec-pod-snezkou\/vikend-plny-akci-v-peci-pod-snezkou-prijedte-si-uzit-predvanocni-atmosferu-do-centra-krkonos\/#article\",\"isPartOf\":{\"@id\":\"https:\/\/snehovyservis.cz\/index.php\/pec-pod-snezkou\/vikend-plny-akci-v-peci-pod-snezkou-prijedte-si-uzit-predvanocni-atmosferu-do-centra-krkonos\/\"},\"author\":{\"name\":\"Jan \u0160m\u00edd\",\"@id\":\"https:\/\/snehovyservis.cz\/#\/schema\/person\/d588d85afe8e4b52319ab75b79926897\"},\"headline\":\"V\u00edkend pln\u00fd akc\u00ed v Peci pod Sn\u011b\u017ekou: P\u0159ije\u010fte si u\u017e\u00edt p\u0159edv\u00e1no\u010dn\u00ed atmosf\u00e9ru do centra Krkono\u0161\",\"datePublished\":\"2025-12-11T23:01:00+00:00\",\"dateModified\":\"2025-12-11T23:25:00+00:00\",\"mainEntityOfPage\":{\"@id\":\"https:\/\/snehovyservis.cz\/index.php\/pec-pod-snezkou\/vikend-plny-akci-v-peci-pod-snezkou-prijedte-si-uzit-predvanocni-atmosferu-do-centra-krkonos\/\"},\"wordCount\":680,\"publisher\":{\"@id\":\"https:\/\/snehovyservis.cz\/#organization\"},\"articleSection\":[\"AKCE\",\"NEWS\",\"PEC POD SN\u011a\u017dKOU\"],\"inLanguage\":\"cs\"},{\"@type\":\"WebPage\",\"@id\":\"https:\/\/snehovyservis.cz\/index.php\/pec-pod-snezkou\/vikend-plny-akci-v-peci-pod-snezkou-prijedte-si-uzit-predvanocni-atmosferu-do-centra-krkonos\/\",\"url\":\"https:\/\/snehovyservis.cz\/index.php\/pec-pod-snezkou\/vikend-plny-akci-v-peci-pod-snezkou-prijedte-si-uzit-predvanocni-atmosferu-do-centra-krkonos\/\",\"name\":\"V\u00edkend pln\u00fd akc\u00ed v Peci pod Sn\u011b\u017ekou: P\u0159ije\u010fte si u\u017e\u00edt p\u0159edv\u00e1no\u010dn\u00ed atmosf\u00e9ru do centra Krkono\u0161 - Sn\u011bhov\u00fdServis.cz\",\"isPartOf\":{\"@id\":\"https:\/\/snehovyservis.cz\/#website\"},\"datePublished\":\"2025-12-11T23:01:00+00:00\",\"dateModified\":\"2025-12-11T23:25:00+00:00\",\"description\":\"Pec pod Sn\u011b\u017ekou op\u011bt ukazuje, \u017ee je pr\u00e1vem pova\u017eov\u00e1na za \u017eiv\u00e9 centrum Krkono\u0161, kde se po cel\u00fd rok n\u011bco d\u011bje.\",\"breadcrumb\":{\"@id\":\"https:\/\/snehovyservis.cz\/index.php\/pec-pod-snezkou\/vikend-plny-akci-v-peci-pod-snezkou-prijedte-si-uzit-predvanocni-atmosferu-do-centra-krkonos\/#breadcrumb\"},\"inLanguage\":\"cs\",\"potentialAction\":[{\"@type\":\"ReadAction\",\"target\":[\"https:\/\/snehovyservis.cz\/index.php\/pec-pod-snezkou\/vikend-plny-akci-v-peci-pod-snezkou-prijedte-si-uzit-predvanocni-atmosferu-do-centra-krkonos\/\"]}]},{\"@type\":\"BreadcrumbList\",\"@id\":\"https:\/\/snehovyservis.cz\/index.php\/pec-pod-snezkou\/vikend-plny-akci-v-peci-pod-snezkou-prijedte-si-uzit-predvanocni-atmosferu-do-centra-krkonos\/#breadcrumb\",\"itemListElement\":[{\"@type\":\"ListItem\",\"position\":1,\"name\":\"Dom\u016f\",\"item\":\"https:\/\/snehovyservis.cz\/\"},{\"@type\":\"ListItem\",\"position\":2,\"name\":\"V\u00edkend pln\u00fd akc\u00ed v Peci pod Sn\u011b\u017ekou: P\u0159ije\u010fte si u\u017e\u00edt p\u0159edv\u00e1no\u010dn\u00ed atmosf\u00e9ru do centra Krkono\u0161\"}]},{\"@type\":\"WebSite\",\"@id\":\"https:\/\/snehovyservis.cz\/#website\",\"url\":\"https:\/\/snehovyservis.cz\/\",\"name\":\"Sn\u011bhov\u00fdServis.cz\",\"description\":\"Nejaktu\u00e1ln\u011bj\u0161\u00ed sn\u011bhov\u00e9 a ly\u017ea\u0159sk\u00e9 zpravodajstv\u00ed\",\"publisher\":{\"@id\":\"https:\/\/snehovyservis.cz\/#organization\"},\"potentialAction\":[{\"@type\":\"SearchAction\",\"target\":{\"@type\":\"EntryPoint\",\"urlTemplate\":\"https:\/\/snehovyservis.cz\/?s={search_term_string}\"},\"query-input\":\"required name=search_term_string\"}],\"inLanguage\":\"cs\"},{\"@type\":\"Organization\",\"@id\":\"https:\/\/snehovyservis.cz\/#organization\",\"name\":\"Sn\u011bhov\u00fdServis.cz\",\"url\":\"https:\/\/snehovyservis.cz\/\",\"logo\":{\"@type\":\"ImageObject\",\"inLanguage\":\"cs\",\"@id\":\"https:\/\/snehovyservis.cz\/#\/schema\/logo\/image\/\",\"url\":\"https:\/\/snehovyservis.cz\/wp-content\/uploads\/2024\/12\/cropped-Logo_Snehovy-Servis.jpg\",\"contentUrl\":\"https:\/\/snehovyservis.cz\/wp-content\/uploads\/2024\/12\/cropped-Logo_Snehovy-Servis.jpg\",\"width\":290,\"height\":154,\"caption\":\"Sn\u011bhov\u00fdServis.cz\"},\"image\":{\"@id\":\"https:\/\/snehovyservis.cz\/#\/schema\/logo\/image\/\"}},{\"@type\":\"Person\",\"@id\":\"https:\/\/snehovyservis.cz\/#\/schema\/person\/d588d85afe8e4b52319ab75b79926897\",\"name\":\"Jan \u0160m\u00edd\",\"image\":{\"@type\":\"ImageObject\",\"inLanguage\":\"cs\",\"@id\":\"https:\/\/snehovyservis.cz\/#\/schema\/person\/image\/\",\"url\":\"https:\/\/secure.gravatar.com\/avatar\/70f8b575525c369952d0b7a7cdfa779b?s=96&d=mm&r=g\",\"contentUrl\":\"https:\/\/secure.gravatar.com\/avatar\/70f8b575525c369952d0b7a7cdfa779b?s=96&d=mm&r=g\",\"caption\":\"Jan \u0160m\u00edd\"},\"sameAs\":[\"http:\/\/SNEHOVYSERVIS.cz\"],\"url\":\"https:\/\/snehovyservis.cz\/index.php\/author\/sjan\/\"}]}<\/script>\n<!-- \/ Yoast SEO plugin. -->","yoast_head_json":{"title":"V\u00edkend pln\u00fd akc\u00ed v Peci pod Sn\u011b\u017ekou: P\u0159ije\u010fte si u\u017e\u00edt p\u0159edv\u00e1no\u010dn\u00ed atmosf\u00e9ru do centra Krkono\u0161 - Sn\u011bhov\u00fdServis.cz","description":"Pec pod Sn\u011b\u017ekou op\u011bt ukazuje, \u017ee je pr\u00e1vem pova\u017eov\u00e1na za \u017eiv\u00e9 centrum Krkono\u0161, kde se po cel\u00fd rok n\u011bco d\u011bje.","robots":{"index":"index","follow":"follow","max-snippet":"max-snippet:-1","max-image-preview":"max-image-preview:large","max-video-preview":"max-video-preview:-1"},"canonical":"https:\/\/snehovyservis.cz\/index.php\/pec-pod-snezkou\/vikend-plny-akci-v-peci-pod-snezkou-prijedte-si-uzit-predvanocni-atmosferu-do-centra-krkonos\/","og_locale":"cs_CZ","og_type":"article","og_title":"V\u00edkend pln\u00fd akc\u00ed v Peci pod Sn\u011b\u017ekou: P\u0159ije\u010fte si u\u017e\u00edt p\u0159edv\u00e1no\u010dn\u00ed atmosf\u00e9ru do centra Krkono\u0161 - Sn\u011bhov\u00fdServis.cz","og_description":"Pec pod Sn\u011b\u017ekou op\u011bt ukazuje, \u017ee je pr\u00e1vem pova\u017eov\u00e1na za \u017eiv\u00e9 centrum Krkono\u0161, kde se po cel\u00fd rok n\u011bco d\u011bje.","og_url":"https:\/\/snehovyservis.cz\/index.php\/pec-pod-snezkou\/vikend-plny-akci-v-peci-pod-snezkou-prijedte-si-uzit-predvanocni-atmosferu-do-centra-krkonos\/","og_site_name":"Sn\u011bhov\u00fdServis.cz","article_published_time":"2025-12-11T23:01:00+00:00","article_modified_time":"2025-12-11T23:25:00+00:00","og_image":[{"width":1881,"height":984,"url":"https:\/\/snehovyservis.cz\/wp-content\/uploads\/2025\/12\/584310421_1427872832673400_7301138626676419687_TTL.jpg","type":"image\/jpeg"}],"author":"Jan \u0160m\u00edd","twitter_card":"summary_large_image","twitter_misc":{"Napsal(a)":"Jan \u0160m\u00edd","Odhadovan\u00e1 doba \u010dten\u00ed":"5 minut"},"schema":{"@context":"https:\/\/schema.org","@graph":[{"@type":"Article","@id":"https:\/\/snehovyservis.cz\/index.php\/pec-pod-snezkou\/vikend-plny-akci-v-peci-pod-snezkou-prijedte-si-uzit-predvanocni-atmosferu-do-centra-krkonos\/#article","isPartOf":{"@id":"https:\/\/snehovyservis.cz\/index.php\/pec-pod-snezkou\/vikend-plny-akci-v-peci-pod-snezkou-prijedte-si-uzit-predvanocni-atmosferu-do-centra-krkonos\/"},"author":{"name":"Jan \u0160m\u00edd","@id":"https:\/\/snehovyservis.cz\/#\/schema\/person\/d588d85afe8e4b52319ab75b79926897"},"headline":"V\u00edkend pln\u00fd akc\u00ed v Peci pod Sn\u011b\u017ekou: P\u0159ije\u010fte si u\u017e\u00edt p\u0159edv\u00e1no\u010dn\u00ed atmosf\u00e9ru do centra Krkono\u0161","datePublished":"2025-12-11T23:01:00+00:00","dateModified":"2025-12-11T23:25:00+00:00","mainEntityOfPage":{"@id":"https:\/\/snehovyservis.cz\/index.php\/pec-pod-snezkou\/vikend-plny-akci-v-peci-pod-snezkou-prijedte-si-uzit-predvanocni-atmosferu-do-centra-krkonos\/"},"wordCount":680,"publisher":{"@id":"https:\/\/snehovyservis.cz\/#organization"},"articleSection":["AKCE","NEWS","PEC POD SN\u011a\u017dKOU"],"inLanguage":"cs"},{"@type":"WebPage","@id":"https:\/\/snehovyservis.cz\/index.php\/pec-pod-snezkou\/vikend-plny-akci-v-peci-pod-snezkou-prijedte-si-uzit-predvanocni-atmosferu-do-centra-krkonos\/","url":"https:\/\/snehovyservis.cz\/index.php\/pec-pod-snezkou\/vikend-plny-akci-v-peci-pod-snezkou-prijedte-si-uzit-predvanocni-atmosferu-do-centra-krkonos\/","name":"V\u00edkend pln\u00fd akc\u00ed v Peci pod Sn\u011b\u017ekou: P\u0159ije\u010fte si u\u017e\u00edt p\u0159edv\u00e1no\u010dn\u00ed atmosf\u00e9ru do centra Krkono\u0161 - Sn\u011bhov\u00fdServis.cz","isPartOf":{"@id":"https:\/\/snehovyservis.cz\/#website"},"datePublished":"2025-12-11T23:01:00+00:00","dateModified":"2025-12-11T23:25:00+00:00","description":"Pec pod Sn\u011b\u017ekou op\u011bt ukazuje, \u017ee je pr\u00e1vem pova\u017eov\u00e1na za \u017eiv\u00e9 centrum Krkono\u0161, kde se po cel\u00fd rok n\u011bco d\u011bje.","breadcrumb":{"@id":"https:\/\/snehovyservis.cz\/index.php\/pec-pod-snezkou\/vikend-plny-akci-v-peci-pod-snezkou-prijedte-si-uzit-predvanocni-atmosferu-do-centra-krkonos\/#breadcrumb"},"inLanguage":"cs","potentialAction":[{"@type":"ReadAction","target":["https:\/\/snehovyservis.cz\/index.php\/pec-pod-snezkou\/vikend-plny-akci-v-peci-pod-snezkou-prijedte-si-uzit-predvanocni-atmosferu-do-centra-krkonos\/"]}]},{"@type":"BreadcrumbList","@id":"https:\/\/snehovyservis.cz\/index.php\/pec-pod-snezkou\/vikend-plny-akci-v-peci-pod-snezkou-prijedte-si-uzit-predvanocni-atmosferu-do-centra-krkonos\/#breadcrumb","itemListElement":[{"@type":"ListItem","position":1,"name":"Dom\u016f","item":"https:\/\/snehovyservis.cz\/"},{"@type":"ListItem","position":2,"name":"V\u00edkend pln\u00fd akc\u00ed v Peci pod Sn\u011b\u017ekou: P\u0159ije\u010fte si u\u017e\u00edt p\u0159edv\u00e1no\u010dn\u00ed atmosf\u00e9ru do centra Krkono\u0161"}]},{"@type":"WebSite","@id":"https:\/\/snehovyservis.cz\/#website","url":"https:\/\/snehovyservis.cz\/","name":"Sn\u011bhov\u00fdServis.cz","description":"Nejaktu\u00e1ln\u011bj\u0161\u00ed sn\u011bhov\u00e9 a ly\u017ea\u0159sk\u00e9 zpravodajstv\u00ed","publisher":{"@id":"https:\/\/snehovyservis.cz\/#organization"},"potentialAction":[{"@type":"SearchAction","target":{"@type":"EntryPoint","urlTemplate":"https:\/\/snehovyservis.cz\/?s={search_term_string}"},"query-input":"required name=search_term_string"}],"inLanguage":"cs"},{"@type":"Organization","@id":"https:\/\/snehovyservis.cz\/#organization","name":"Sn\u011bhov\u00fdServis.cz","url":"https:\/\/snehovyservis.cz\/","logo":{"@type":"ImageObject","inLanguage":"cs","@id":"https:\/\/snehovyservis.cz\/#\/schema\/logo\/image\/","url":"https:\/\/snehovyservis.cz\/wp-content\/uploads\/2024\/12\/cropped-Logo_Snehovy-Servis.jpg","contentUrl":"https:\/\/snehovyservis.cz\/wp-content\/uploads\/2024\/12\/cropped-Logo_Snehovy-Servis.jpg","width":290,"height":154,"caption":"Sn\u011bhov\u00fdServis.cz"},"image":{"@id":"https:\/\/snehovyservis.cz\/#\/schema\/logo\/image\/"}},{"@type":"Person","@id":"https:\/\/snehovyservis.cz\/#\/schema\/person\/d588d85afe8e4b52319ab75b79926897","name":"Jan \u0160m\u00edd","image":{"@type":"ImageObject","inLanguage":"cs","@id":"https:\/\/snehovyservis.cz\/#\/schema\/person\/image\/","url":"https:\/\/secure.gravatar.com\/avatar\/70f8b575525c369952d0b7a7cdfa779b?s=96&d=mm&r=g","contentUrl":"https:\/\/secure.gravatar.com\/avatar\/70f8b575525c369952d0b7a7cdfa779b?s=96&d=mm&r=g","caption":"Jan \u0160m\u00edd"},"sameAs":["http:\/\/SNEHOVYSERVIS.cz"],"url":"https:\/\/snehovyservis.cz\/index.php\/author\/sjan\/"}]}},"_links":{"self":[{"href":"https:\/\/snehovyservis.cz\/index.php\/wp-json\/wp\/v2\/posts\/1266"}],"collection":[{"href":"https:\/\/snehovyservis.cz\/index.php\/wp-json\/wp\/v2\/posts"}],"about":[{"href":"https:\/\/snehovyservis.cz\/index.php\/wp-json\/wp\/v2\/types\/post"}],"author":[{"embeddable":true,"href":"https:\/\/snehovyservis.cz\/index.php\/wp-json\/wp\/v2\/users\/6"}],"replies":[{"embeddable":true,"href":"https:\/\/snehovyservis.cz\/index.php\/wp-json\/wp\/v2\/comments?post=1266"}],"version-history":[{"count":2,"href":"https:\/\/snehovyservis.cz\/index.php\/wp-json\/wp\/v2\/posts\/1266\/revisions"}],"predecessor-version":[{"id":1281,"href":"https:\/\/snehovyservis.cz\/index.php\/wp-json\/wp\/v2\/posts\/1266\/revisions\/1281"}],"wp:featuredmedia":[{"embeddable":true,"href":"https:\/\/snehovyservis.cz\/index.php\/wp-json\/wp\/v2\/media\/1282"}],"wp:attachment":[{"href":"https:\/\/snehovyservis.cz\/index.php\/wp-json\/wp\/v2\/media?parent=1266"}],"wp:term":[{"taxonomy":"category","embeddable":true,"href":"https:\/\/snehovyservis.cz\/index.php\/wp-json\/wp\/v2\/categories?post=1266"},{"taxonomy":"post_tag","embeddable":true,"href":"https:\/\/snehovyservis.cz\/index.php\/wp-json\/wp\/v2\/tags?post=1266"}],"curies":[{"name":"wp","href":"https:\/\/api.w.org\/{rel}","templated":true}]}}