{"id":1263,"date":"2025-12-09T00:01:00","date_gmt":"2025-12-08T23:01:00","guid":{"rendered":"https:\/\/snehovyservis.cz\/?p=1263"},"modified":"2025-12-11T22:39:23","modified_gmt":"2025-12-11T21:39:23","slug":"spindl-skiopening-uz-se-pomalu-a-jiste-blizi-jiz-13-prosince-lucie-wohnout-a-psh","status":"publish","type":"post","link":"https:\/\/snehovyservis.cz\/index.php\/akce\/spindl-skiopening-uz-se-pomalu-a-jiste-blizi-jiz-13-prosince-lucie-wohnout-a-psh\/","title":{"rendered":"\u0160pindl SkiOpening u\u017e se pomalu a jist\u011b bl\u00ed\u017e\u00ed &#8211; ji\u017e 13. prosince: Lucie, Wohnout a PSH!"},"content":{"rendered":"\n<div style=\"height:45px\" aria-hidden=\"true\" class=\"wp-block-spacer\"><\/div>\n\n\n\n<p class=\"has-medium-font-size\"><strong>\u0160pindler\u016fv Ml\u00fdn se op\u011bt chyst\u00e1 na zimn\u00ed sez\u00f3nu stylov\u011b! Dal\u0161\u00ed ro\u010dn\u00edk \u0160pindl SkiOpening p\u0159inese nejen skv\u011bl\u00e9 ly\u017eov\u00e1n\u00ed, ale i hudebn\u00ed lah\u016fdky. Letos se m\u016f\u017eete t\u011b\u0161it na Lucii, Wohnout a PSH, kte\u0159\u00ed rozproud\u00ed energii p\u0159\u00edmo ve vyh\u0159\u00edvan\u00e9m stanu na dojezdu sjezdovek ve Svat\u00e9m Petru \u2013 Public stan.<\/strong><\/p>\n\n\n\n<p class=\"has-medium-font-size\">\u010casu se m\u016f\u017ee zd\u00e1t dost, ale vstupenky jsou omezen\u00e9 a prod\u00e1vaj\u00ed se v n\u011bkolika vln\u00e1ch. Nejv\u00fdhodn\u011bj\u0161\u00ed l\u00edstky si po\u0159\u00edd\u00edte pr\u00e1v\u011b te\u010f \u2013 na m\u00edst\u011b u\u017e nemus\u00ed b\u00fdt k dispozici.<\/p>\n\n\n\n<div style=\"height:45px\" aria-hidden=\"true\" class=\"wp-block-spacer\"><\/div>\n\n\n<div class=\"wp-block-image\">\n<figure class=\"aligncenter size-large\"><img decoding=\"async\" src=\"https:\/\/vcentru.cz\/wp-content\/uploads\/2025\/12\/533108782_737458982235494_6095441943468452557_n-1024x534.jpg\" alt=\"\u0160pindl SkiOpening u\u017e se pomalu a jist\u011b bl\u00ed\u017e\u00ed - ji\u017e 13. prosince: Lucie, Wohnout a PSH!\" class=\"wp-image-6155\"\/><\/figure><\/div>\n\n\n<div style=\"height:45px\" aria-hidden=\"true\" class=\"wp-block-spacer\"><\/div>\n\n\n\n<h2 class=\"wp-block-heading\">Harmonogram dne pln\u00e9ho z\u00e1bavy<\/h2>\n\n\n\n<div style=\"height:45px\" aria-hidden=\"true\" class=\"wp-block-spacer\"><\/div>\n\n\n\n<p class=\"has-medium-font-size\"><strong>8:30 \u2013 16:00<\/strong> \u2013 Zah\u00e1jen\u00ed ly\u017eov\u00e1n\u00ed a otev\u0159en\u00ed partnersk\u00e9 z\u00f3ny<br><strong>10:00<\/strong> \u2013 Warm up p\u00e1rty na Champagne Lounge<br><strong>11:00<\/strong> \u2013 Otev\u0159en\u00ed VIP z\u00f3ny<br><strong>16:00<\/strong> \u2013 Otev\u0159en\u00ed Public stanu<br><strong>17:30 \u2013 1:00<\/strong> \u2013 Hudebn\u00ed program<\/p>\n\n\n\n<p class=\"has-medium-font-size\">Vyh\u0159\u00edvan\u00fd Public stan p\u0159\u00edmo na dojezdu sjezdovek nab\u00edz\u00ed pohodl\u00ed a skv\u011blou atmosf\u00e9ru, ide\u00e1ln\u00ed pro v\u0161echny, kdo cht\u011bj\u00ed spojit den na svahu s ve\u010dern\u00ed hudebn\u00ed p\u00e1rty.<\/p>\n\n\n\n<div style=\"height:45px\" aria-hidden=\"true\" class=\"wp-block-spacer\"><\/div>\n\n\n\n<figure class=\"wp-block-gallery has-nested-images columns-2 is-cropped wp-block-gallery-1 is-layout-flex wp-block-gallery-is-layout-flex\">\n<figure class=\"wp-block-image size-large\"><img decoding=\"async\" data-id=\"6154\" src=\"https:\/\/vcentru.cz\/wp-content\/uploads\/2025\/12\/591737202_1471703374959226_2943935396868438938_n-1024x683.jpg\" alt=\"\u0160pindl SkiOpening u\u017e se pomalu a jist\u011b bl\u00ed\u017e\u00ed - ji\u017e 13. prosince: Lucie, Wohnout a PSH!\" class=\"wp-image-6154\"\/><\/figure>\n\n\n\n<figure class=\"wp-block-image size-large\"><img decoding=\"async\" data-id=\"6150\" src=\"https:\/\/vcentru.cz\/wp-content\/uploads\/2025\/12\/595133992_1471703358292561_4023344036414778082_n.jpg\" alt=\"\u0160pindl SkiOpening u\u017e se pomalu a jist\u011b bl\u00ed\u017e\u00ed - ji\u017e 13. prosince: Lucie, Wohnout a PSH!\" class=\"wp-image-6150\"\/><\/figure>\n\n\n\n<figure class=\"wp-block-image size-large\"><img decoding=\"async\" data-id=\"6151\" src=\"https:\/\/vcentru.cz\/wp-content\/uploads\/2025\/12\/591719335_1471703341625896_238520269595094986_n.jpg\" alt=\"\u0160pindl SkiOpening u\u017e se pomalu a jist\u011b bl\u00ed\u017e\u00ed - ji\u017e 13. prosince: Lucie, Wohnout a PSH!\" class=\"wp-image-6151\"\/><\/figure>\n<\/figure>\n\n\n\n<div style=\"height:45px\" aria-hidden=\"true\" class=\"wp-block-spacer\"><\/div>\n\n\n\n<h2 class=\"wp-block-heading\">Vstupenky na m\u00edru: Public, Ski&amp;Party i VIP<\/h2>\n\n\n\n<div style=\"height:45px\" aria-hidden=\"true\" class=\"wp-block-spacer\"><\/div>\n\n\n\n<h3 class=\"wp-block-heading\">Z\u00e1kladn\u00ed vstupenka \u2013 Public stan<\/h3>\n\n\n\n<ul class=\"wp-block-list\">\n<li>Vstup do vyh\u0159\u00edvan\u00e9ho Public stanu od 16:00 na cel\u00fd ve\u010dern\u00ed program<\/li>\n\n\n\n<li>Skipas nen\u00ed sou\u010d\u00e1st\u00ed<\/li>\n<\/ul>\n\n\n\n<h3 class=\"wp-block-heading\">Ski&amp;Party bal\u00ed\u010dek<\/h3>\n\n\n\n<ul class=\"wp-block-list\">\n<li>Vstup do Public stanu na ve\u010dern\u00ed program<\/li>\n\n\n\n<li>Celodenn\u00ed skipas na 13. prosince 2025<\/li>\n\n\n\n<li>Ide\u00e1ln\u00ed pro ty, kdo cht\u011bj\u00ed u\u017e\u00edt cel\u00fd den na svahu a ve\u010der party<\/li>\n<\/ul>\n\n\n\n<h3 class=\"wp-block-heading\">VIP vstup<\/h3>\n\n\n\n<ul class=\"wp-block-list\">\n<li>P\u0159\u00edstup do exkluzivn\u00ed VIP Lounge od 11:00 do konce akce<\/li>\n\n\n\n<li>Odd\u011blen\u00fd VIP vstup a terasa s v\u00fdhledem na stage<\/li>\n\n\n\n<li>Welcome drink, raut, k\u00e1va a nealko n\u00e1poje po celou dobu<\/li>\n\n\n\n<li>Dvoudenn\u00ed Fast Pass platn\u00fd 13. a 14. 12., vyzvednut\u00ed p\u0159\u00edmo na m\u00edst\u011b<\/li>\n<\/ul>\n\n\n\n<div style=\"height:45px\" aria-hidden=\"true\" class=\"wp-block-spacer\"><\/div>\n\n\n\n<p class=\"has-medium-font-size\"><strong>VIP vstup zaru\u010duje luxusn\u00ed komfort a nezapomenuteln\u00fd z\u00e1\u017eitek \u2013 od sn\u00eddan\u011b a\u017e po ve\u010dern\u00ed program. Kupte si svoji vstupenku co nejd\u0159\u00edve! 90% jich u\u017e je vyprodan\u00fdch.<\/strong><\/p>\n\n\n\n<div style=\"height:45px\" aria-hidden=\"true\" class=\"wp-block-spacer\"><\/div>\n\n\n<div class=\"wp-block-image is-resized\">\n<figure class=\"aligncenter size-full\"><img decoding=\"async\" src=\"https:\/\/vcentru.cz\/wp-content\/uploads\/2025\/12\/594733856_1471703841625846_4826839188374618618_n.jpg\" alt=\"\u0160pindl SkiOpening u\u017e se pomalu a jist\u011b bl\u00ed\u017e\u00ed - ji\u017e 13. prosince: Lucie, Wohnout a PSH!\" class=\"wp-image-6152\" style=\"aspect-ratio:0.7195709236715375\"\/><\/figure><\/div>\n\n\n<div style=\"height:45px\" aria-hidden=\"true\" class=\"wp-block-spacer\"><\/div>\n\n\n\n<h2 class=\"wp-block-heading\">Pro\u010d si nenechat uj\u00edt \u0160pindl SkiOpening<\/h2>\n\n\n\n<div style=\"height:45px\" aria-hidden=\"true\" class=\"wp-block-spacer\"><\/div>\n\n\n\n<p class=\"has-medium-font-size\">\u0160pindler\u016fv Ml\u00fdn, <strong>centrum Krkono\u0161<\/strong>, se st\u00e1v\u00e1 epicentrem zimn\u00ed z\u00e1bavy. Ly\u017eov\u00e1n\u00ed, hudba a skv\u011bl\u00e1 atmosf\u00e9ra v\u00e1s \u010dekaj\u00ed v <strong>sam\u00e9m centru Krkono\u0161<\/strong>, kde se setk\u00e1vaj\u00ed nad\u0161en\u00ed sportovci i fanou\u0161ci hudby.<\/p>\n\n\n\n<p class=\"has-medium-font-size\">Tak co v\u00e1s l\u00e1k\u00e1 v\u00edc? Energie <strong>Lucie<\/strong>, jedine\u010dn\u00fd groove <strong>Wohnout<\/strong> nebo rapov\u00e1 show <strong>PSH<\/strong>? Ne\u010dekejte \u2013 vstupenky miz\u00ed rychle a kapacita <strong>Public stanu<\/strong> je omezen\u00e1.<\/p>\n\n\n\n<p class=\"has-medium-font-size\"><strong>Rezervujte si vstupenky je\u0161t\u011b dnes a u\u017eijte si nejv\u011bt\u0161\u00ed zimn\u00ed opening sez\u00f3ny ve \u0160pindlerov\u011b Ml\u00fdn\u011b!<\/strong><\/p>\n\n\n\n<div style=\"height:100px\" aria-hidden=\"true\" class=\"wp-block-spacer\"><\/div>\n\n\n\n<figure class=\"wp-block-gallery has-nested-images columns-2 is-cropped wp-block-gallery-3 is-layout-flex wp-block-gallery-is-layout-flex\">\n<figure class=\"wp-block-image size-large\"><img decoding=\"async\" data-id=\"6152\" src=\"https:\/\/vcentru.cz\/wp-content\/uploads\/2025\/12\/594733856_1471703841625846_4826839188374618618_n.jpg\" alt=\"\u0160pindl SkiOpening u\u017e se pomalu a jist\u011b bl\u00ed\u017e\u00ed - ji\u017e 13. prosince: Lucie, Wohnout a PSH!\" class=\"wp-image-6152\"\/><\/figure>\n\n\n\n<figure class=\"wp-block-image size-large\"><img decoding=\"async\" data-id=\"6154\" src=\"https:\/\/vcentru.cz\/wp-content\/uploads\/2025\/12\/591737202_1471703374959226_2943935396868438938_n-1024x683.jpg\" alt=\"\u0160pindl SkiOpening u\u017e se pomalu a jist\u011b bl\u00ed\u017e\u00ed - ji\u017e 13. prosince: Lucie, Wohnout a PSH!\" class=\"wp-image-6154\"\/><\/figure>\n\n\n\n<figure class=\"wp-block-image size-large\"><img decoding=\"async\" data-id=\"6151\" src=\"https:\/\/vcentru.cz\/wp-content\/uploads\/2025\/12\/591719335_1471703341625896_238520269595094986_n.jpg\" alt=\"\u0160pindl SkiOpening u\u017e se pomalu a jist\u011b bl\u00ed\u017e\u00ed - ji\u017e 13. prosince: Lucie, Wohnout a PSH!\" class=\"wp-image-6151\"\/><\/figure>\n\n\n\n<figure class=\"wp-block-image size-large\"><img decoding=\"async\" data-id=\"6150\" src=\"https:\/\/vcentru.cz\/wp-content\/uploads\/2025\/12\/595133992_1471703358292561_4023344036414778082_n.jpg\" alt=\"\u0160pindl SkiOpening u\u017e se pomalu a jist\u011b bl\u00ed\u017e\u00ed - ji\u017e 13. prosince: Lucie, Wohnout a PSH!\" class=\"wp-image-6150\"\/><\/figure>\n\n\n\n<figure class=\"wp-block-image size-large\"><img decoding=\"async\" data-id=\"6155\" src=\"https:\/\/vcentru.cz\/wp-content\/uploads\/2025\/12\/533108782_737458982235494_6095441943468452557_n-1024x534.jpg\" alt=\"\u0160pindl SkiOpening u\u017e se pomalu a jist\u011b bl\u00ed\u017e\u00ed - ji\u017e 13. prosince: Lucie, Wohnout a PSH!\" class=\"wp-image-6155\"\/><\/figure>\n<\/figure>\n\n\n\n<div style=\"height:33px\" aria-hidden=\"true\" class=\"wp-block-spacer\"><\/div>\n\n\n\n<p class=\"has-medium-font-size\"><strong>Zdroj foto: <\/strong>Skiareal \u0160pindler\u016fv Ml\u00fdn<\/p>\n\n\n\n<div style=\"height:100px\" aria-hidden=\"true\" class=\"wp-block-spacer\"><\/div>\n\n\n\n<p><\/p>\n","protected":false},"excerpt":{"rendered":"<p>\u0160pindler\u016fv Ml\u00fdn se op\u011bt chyst\u00e1 na zimn\u00ed sez\u00f3nu stylov\u011b! Dal\u0161\u00ed ro\u010dn\u00edk \u0160pindl SkiOpening p\u0159inese nejen skv\u011bl\u00e9 ly\u017eov\u00e1n\u00ed, ale i hudebn\u00ed lah\u016fdky. Letos se m\u016f\u017eete t\u011b\u0161it na Lucii, Wohnout a PSH, kte\u0159\u00ed rozproud\u00ed energii p\u0159\u00edmo ve vyh\u0159\u00edvan\u00e9m stanu na dojezdu sjezdovek ve Svat\u00e9m Petru \u2013 Public stan. \u010casu se m\u016f\u017ee zd\u00e1t dost, ale vstupenky jsou omezen\u00e9 a prod\u00e1vaj\u00ed se v n\u011bkolika vln\u00e1ch. Nejv\u00fdhodn\u011bj\u0161\u00ed l\u00edstky si po\u0159\u00edd\u00edte pr\u00e1v\u011b te\u010f \u2013 na m\u00edst\u011b u\u017e nemus\u00ed b\u00fdt k dispozici. Harmonogram dne pln\u00e9ho z\u00e1bavy 8:30 \u2013 16:00 \u2013 Zah\u00e1jen\u00ed ly\u017eov\u00e1n\u00ed a otev\u0159en\u00ed partnersk\u00e9 z\u00f3ny10:00 \u2013&hellip;<\/p>\n","protected":false},"author":6,"featured_media":1264,"comment_status":"closed","ping_status":"closed","sticky":false,"template":"","format":"standard","meta":{"_mi_skip_tracking":false,"_monsterinsights_sitenote_active":false,"_monsterinsights_sitenote_note":"","_monsterinsights_sitenote_category":0,"footnotes":""},"categories":[7,25,1,24],"tags":[],"yoast_head":"<!-- This site is optimized with the Yoast SEO plugin v21.5 - https:\/\/yoast.com\/wordpress\/plugins\/seo\/ -->\n<title>\u0160pindl SkiOpening u\u017e se pomalu a jist\u011b bl\u00ed\u017e\u00ed - ji\u017e 13. prosince: Lucie, Wohnout a PSH! - Sn\u011bhov\u00fdServis.cz<\/title>\n<meta name=\"description\" content=\"Letos se m\u016f\u017eete t\u011b\u0161it na Lucii, Wohnout a PSH, kte\u0159\u00ed rozproud\u00ed energii p\u0159\u00edmo ve vyh\u0159\u00edvan\u00e9m stanu na dojezdu sjezdovek ve Svat\u00e9m Petru.\" \/>\n<meta name=\"robots\" content=\"index, follow, max-snippet:-1, max-image-preview:large, max-video-preview:-1\" \/>\n<link rel=\"canonical\" href=\"https:\/\/snehovyservis.cz\/index.php\/news\/spindl-skiopening-uz-se-pomalu-a-jiste-blizi-jiz-13-prosince-lucie-wohnout-a-psh\/\" \/>\n<meta property=\"og:locale\" content=\"cs_CZ\" \/>\n<meta property=\"og:type\" content=\"article\" \/>\n<meta property=\"og:title\" content=\"\u0160pindl SkiOpening u\u017e se pomalu a jist\u011b bl\u00ed\u017e\u00ed - ji\u017e 13. prosince: Lucie, Wohnout a PSH! - Sn\u011bhov\u00fdServis.cz\" \/>\n<meta property=\"og:description\" content=\"Letos se m\u016f\u017eete t\u011b\u0161it na Lucii, Wohnout a PSH, kte\u0159\u00ed rozproud\u00ed energii p\u0159\u00edmo ve vyh\u0159\u00edvan\u00e9m stanu na dojezdu sjezdovek ve Svat\u00e9m Petru.\" \/>\n<meta property=\"og:url\" content=\"https:\/\/snehovyservis.cz\/index.php\/news\/spindl-skiopening-uz-se-pomalu-a-jiste-blizi-jiz-13-prosince-lucie-wohnout-a-psh\/\" \/>\n<meta property=\"og:site_name\" content=\"Sn\u011bhov\u00fdServis.cz\" \/>\n<meta property=\"article:published_time\" content=\"2025-12-08T23:01:00+00:00\" \/>\n<meta property=\"article:modified_time\" content=\"2025-12-11T21:39:23+00:00\" \/>\n<meta property=\"og:image\" content=\"https:\/\/snehovyservis.cz\/wp-content\/uploads\/2025\/12\/531804243_736737732307619_6748096865816552221_n.jpg\" \/>\n\t<meta property=\"og:image:width\" content=\"1200\" \/>\n\t<meta property=\"og:image:height\" content=\"628\" \/>\n\t<meta property=\"og:image:type\" content=\"image\/jpeg\" \/>\n<meta name=\"author\" content=\"Jan \u0160m\u00edd\" \/>\n<meta name=\"twitter:card\" content=\"summary_large_image\" \/>\n<meta name=\"twitter:label1\" content=\"Napsal(a)\" \/>\n\t<meta name=\"twitter:data1\" content=\"Jan \u0160m\u00edd\" \/>\n\t<meta name=\"twitter:label2\" content=\"Odhadovan\u00e1 doba \u010dten\u00ed\" \/>\n\t<meta name=\"twitter:data2\" content=\"4 minuty\" \/>\n<script type=\"application\/ld+json\" class=\"yoast-schema-graph\">{\"@context\":\"https:\/\/schema.org\",\"@graph\":[{\"@type\":\"Article\",\"@id\":\"https:\/\/snehovyservis.cz\/index.php\/news\/spindl-skiopening-uz-se-pomalu-a-jiste-blizi-jiz-13-prosince-lucie-wohnout-a-psh\/#article\",\"isPartOf\":{\"@id\":\"https:\/\/snehovyservis.cz\/index.php\/news\/spindl-skiopening-uz-se-pomalu-a-jiste-blizi-jiz-13-prosince-lucie-wohnout-a-psh\/\"},\"author\":{\"name\":\"Jan \u0160m\u00edd\",\"@id\":\"https:\/\/snehovyservis.cz\/#\/schema\/person\/d588d85afe8e4b52319ab75b79926897\"},\"headline\":\"\u0160pindl SkiOpening u\u017e se pomalu a jist\u011b bl\u00ed\u017e\u00ed &#8211; ji\u017e 13. prosince: Lucie, Wohnout a PSH!\",\"datePublished\":\"2025-12-08T23:01:00+00:00\",\"dateModified\":\"2025-12-11T21:39:23+00:00\",\"mainEntityOfPage\":{\"@id\":\"https:\/\/snehovyservis.cz\/index.php\/news\/spindl-skiopening-uz-se-pomalu-a-jiste-blizi-jiz-13-prosince-lucie-wohnout-a-psh\/\"},\"wordCount\":428,\"publisher\":{\"@id\":\"https:\/\/snehovyservis.cz\/#organization\"},\"articleSection\":[\"AKCE\",\"KRKONO\u0160E\",\"NEWS\",\"\u0160PINDLER\u016eV ML\u00ddN\"],\"inLanguage\":\"cs\"},{\"@type\":\"WebPage\",\"@id\":\"https:\/\/snehovyservis.cz\/index.php\/news\/spindl-skiopening-uz-se-pomalu-a-jiste-blizi-jiz-13-prosince-lucie-wohnout-a-psh\/\",\"url\":\"https:\/\/snehovyservis.cz\/index.php\/news\/spindl-skiopening-uz-se-pomalu-a-jiste-blizi-jiz-13-prosince-lucie-wohnout-a-psh\/\",\"name\":\"\u0160pindl SkiOpening u\u017e se pomalu a jist\u011b bl\u00ed\u017e\u00ed - ji\u017e 13. prosince: Lucie, Wohnout a PSH! - Sn\u011bhov\u00fdServis.cz\",\"isPartOf\":{\"@id\":\"https:\/\/snehovyservis.cz\/#website\"},\"datePublished\":\"2025-12-08T23:01:00+00:00\",\"dateModified\":\"2025-12-11T21:39:23+00:00\",\"description\":\"Letos se m\u016f\u017eete t\u011b\u0161it na Lucii, Wohnout a PSH, kte\u0159\u00ed rozproud\u00ed energii p\u0159\u00edmo ve vyh\u0159\u00edvan\u00e9m stanu na dojezdu sjezdovek ve Svat\u00e9m Petru.\",\"breadcrumb\":{\"@id\":\"https:\/\/snehovyservis.cz\/index.php\/news\/spindl-skiopening-uz-se-pomalu-a-jiste-blizi-jiz-13-prosince-lucie-wohnout-a-psh\/#breadcrumb\"},\"inLanguage\":\"cs\",\"potentialAction\":[{\"@type\":\"ReadAction\",\"target\":[\"https:\/\/snehovyservis.cz\/index.php\/news\/spindl-skiopening-uz-se-pomalu-a-jiste-blizi-jiz-13-prosince-lucie-wohnout-a-psh\/\"]}]},{\"@type\":\"BreadcrumbList\",\"@id\":\"https:\/\/snehovyservis.cz\/index.php\/news\/spindl-skiopening-uz-se-pomalu-a-jiste-blizi-jiz-13-prosince-lucie-wohnout-a-psh\/#breadcrumb\",\"itemListElement\":[{\"@type\":\"ListItem\",\"position\":1,\"name\":\"Dom\u016f\",\"item\":\"https:\/\/snehovyservis.cz\/\"},{\"@type\":\"ListItem\",\"position\":2,\"name\":\"\u0160pindl SkiOpening u\u017e se pomalu a jist\u011b bl\u00ed\u017e\u00ed &#8211; ji\u017e 13. prosince: Lucie, Wohnout a PSH!\"}]},{\"@type\":\"WebSite\",\"@id\":\"https:\/\/snehovyservis.cz\/#website\",\"url\":\"https:\/\/snehovyservis.cz\/\",\"name\":\"Sn\u011bhov\u00fdServis.cz\",\"description\":\"Nejaktu\u00e1ln\u011bj\u0161\u00ed sn\u011bhov\u00e9 a ly\u017ea\u0159sk\u00e9 zpravodajstv\u00ed\",\"publisher\":{\"@id\":\"https:\/\/snehovyservis.cz\/#organization\"},\"potentialAction\":[{\"@type\":\"SearchAction\",\"target\":{\"@type\":\"EntryPoint\",\"urlTemplate\":\"https:\/\/snehovyservis.cz\/?s={search_term_string}\"},\"query-input\":\"required name=search_term_string\"}],\"inLanguage\":\"cs\"},{\"@type\":\"Organization\",\"@id\":\"https:\/\/snehovyservis.cz\/#organization\",\"name\":\"Sn\u011bhov\u00fdServis.cz\",\"url\":\"https:\/\/snehovyservis.cz\/\",\"logo\":{\"@type\":\"ImageObject\",\"inLanguage\":\"cs\",\"@id\":\"https:\/\/snehovyservis.cz\/#\/schema\/logo\/image\/\",\"url\":\"https:\/\/snehovyservis.cz\/wp-content\/uploads\/2024\/12\/cropped-Logo_Snehovy-Servis.jpg\",\"contentUrl\":\"https:\/\/snehovyservis.cz\/wp-content\/uploads\/2024\/12\/cropped-Logo_Snehovy-Servis.jpg\",\"width\":290,\"height\":154,\"caption\":\"Sn\u011bhov\u00fdServis.cz\"},\"image\":{\"@id\":\"https:\/\/snehovyservis.cz\/#\/schema\/logo\/image\/\"}},{\"@type\":\"Person\",\"@id\":\"https:\/\/snehovyservis.cz\/#\/schema\/person\/d588d85afe8e4b52319ab75b79926897\",\"name\":\"Jan \u0160m\u00edd\",\"image\":{\"@type\":\"ImageObject\",\"inLanguage\":\"cs\",\"@id\":\"https:\/\/snehovyservis.cz\/#\/schema\/person\/image\/\",\"url\":\"https:\/\/secure.gravatar.com\/avatar\/70f8b575525c369952d0b7a7cdfa779b?s=96&d=mm&r=g\",\"contentUrl\":\"https:\/\/secure.gravatar.com\/avatar\/70f8b575525c369952d0b7a7cdfa779b?s=96&d=mm&r=g\",\"caption\":\"Jan \u0160m\u00edd\"},\"sameAs\":[\"http:\/\/SNEHOVYSERVIS.cz\"],\"url\":\"https:\/\/snehovyservis.cz\/index.php\/author\/sjan\/\"}]}<\/script>\n<!-- \/ Yoast SEO plugin. -->","yoast_head_json":{"title":"\u0160pindl SkiOpening u\u017e se pomalu a jist\u011b bl\u00ed\u017e\u00ed - ji\u017e 13. prosince: Lucie, Wohnout a PSH! - Sn\u011bhov\u00fdServis.cz","description":"Letos se m\u016f\u017eete t\u011b\u0161it na Lucii, Wohnout a PSH, kte\u0159\u00ed rozproud\u00ed energii p\u0159\u00edmo ve vyh\u0159\u00edvan\u00e9m stanu na dojezdu sjezdovek ve Svat\u00e9m Petru.","robots":{"index":"index","follow":"follow","max-snippet":"max-snippet:-1","max-image-preview":"max-image-preview:large","max-video-preview":"max-video-preview:-1"},"canonical":"https:\/\/snehovyservis.cz\/index.php\/news\/spindl-skiopening-uz-se-pomalu-a-jiste-blizi-jiz-13-prosince-lucie-wohnout-a-psh\/","og_locale":"cs_CZ","og_type":"article","og_title":"\u0160pindl SkiOpening u\u017e se pomalu a jist\u011b bl\u00ed\u017e\u00ed - ji\u017e 13. prosince: Lucie, Wohnout a PSH! - Sn\u011bhov\u00fdServis.cz","og_description":"Letos se m\u016f\u017eete t\u011b\u0161it na Lucii, Wohnout a PSH, kte\u0159\u00ed rozproud\u00ed energii p\u0159\u00edmo ve vyh\u0159\u00edvan\u00e9m stanu na dojezdu sjezdovek ve Svat\u00e9m Petru.","og_url":"https:\/\/snehovyservis.cz\/index.php\/news\/spindl-skiopening-uz-se-pomalu-a-jiste-blizi-jiz-13-prosince-lucie-wohnout-a-psh\/","og_site_name":"Sn\u011bhov\u00fdServis.cz","article_published_time":"2025-12-08T23:01:00+00:00","article_modified_time":"2025-12-11T21:39:23+00:00","og_image":[{"width":1200,"height":628,"url":"https:\/\/snehovyservis.cz\/wp-content\/uploads\/2025\/12\/531804243_736737732307619_6748096865816552221_n.jpg","type":"image\/jpeg"}],"author":"Jan \u0160m\u00edd","twitter_card":"summary_large_image","twitter_misc":{"Napsal(a)":"Jan \u0160m\u00edd","Odhadovan\u00e1 doba \u010dten\u00ed":"4 minuty"},"schema":{"@context":"https:\/\/schema.org","@graph":[{"@type":"Article","@id":"https:\/\/snehovyservis.cz\/index.php\/news\/spindl-skiopening-uz-se-pomalu-a-jiste-blizi-jiz-13-prosince-lucie-wohnout-a-psh\/#article","isPartOf":{"@id":"https:\/\/snehovyservis.cz\/index.php\/news\/spindl-skiopening-uz-se-pomalu-a-jiste-blizi-jiz-13-prosince-lucie-wohnout-a-psh\/"},"author":{"name":"Jan \u0160m\u00edd","@id":"https:\/\/snehovyservis.cz\/#\/schema\/person\/d588d85afe8e4b52319ab75b79926897"},"headline":"\u0160pindl SkiOpening u\u017e se pomalu a jist\u011b bl\u00ed\u017e\u00ed &#8211; ji\u017e 13. prosince: Lucie, Wohnout a PSH!","datePublished":"2025-12-08T23:01:00+00:00","dateModified":"2025-12-11T21:39:23+00:00","mainEntityOfPage":{"@id":"https:\/\/snehovyservis.cz\/index.php\/news\/spindl-skiopening-uz-se-pomalu-a-jiste-blizi-jiz-13-prosince-lucie-wohnout-a-psh\/"},"wordCount":428,"publisher":{"@id":"https:\/\/snehovyservis.cz\/#organization"},"articleSection":["AKCE","KRKONO\u0160E","NEWS","\u0160PINDLER\u016eV ML\u00ddN"],"inLanguage":"cs"},{"@type":"WebPage","@id":"https:\/\/snehovyservis.cz\/index.php\/news\/spindl-skiopening-uz-se-pomalu-a-jiste-blizi-jiz-13-prosince-lucie-wohnout-a-psh\/","url":"https:\/\/snehovyservis.cz\/index.php\/news\/spindl-skiopening-uz-se-pomalu-a-jiste-blizi-jiz-13-prosince-lucie-wohnout-a-psh\/","name":"\u0160pindl SkiOpening u\u017e se pomalu a jist\u011b bl\u00ed\u017e\u00ed - ji\u017e 13. prosince: Lucie, Wohnout a PSH! - Sn\u011bhov\u00fdServis.cz","isPartOf":{"@id":"https:\/\/snehovyservis.cz\/#website"},"datePublished":"2025-12-08T23:01:00+00:00","dateModified":"2025-12-11T21:39:23+00:00","description":"Letos se m\u016f\u017eete t\u011b\u0161it na Lucii, Wohnout a PSH, kte\u0159\u00ed rozproud\u00ed energii p\u0159\u00edmo ve vyh\u0159\u00edvan\u00e9m stanu na dojezdu sjezdovek ve Svat\u00e9m Petru.","breadcrumb":{"@id":"https:\/\/snehovyservis.cz\/index.php\/news\/spindl-skiopening-uz-se-pomalu-a-jiste-blizi-jiz-13-prosince-lucie-wohnout-a-psh\/#breadcrumb"},"inLanguage":"cs","potentialAction":[{"@type":"ReadAction","target":["https:\/\/snehovyservis.cz\/index.php\/news\/spindl-skiopening-uz-se-pomalu-a-jiste-blizi-jiz-13-prosince-lucie-wohnout-a-psh\/"]}]},{"@type":"BreadcrumbList","@id":"https:\/\/snehovyservis.cz\/index.php\/news\/spindl-skiopening-uz-se-pomalu-a-jiste-blizi-jiz-13-prosince-lucie-wohnout-a-psh\/#breadcrumb","itemListElement":[{"@type":"ListItem","position":1,"name":"Dom\u016f","item":"https:\/\/snehovyservis.cz\/"},{"@type":"ListItem","position":2,"name":"\u0160pindl SkiOpening u\u017e se pomalu a jist\u011b bl\u00ed\u017e\u00ed &#8211; ji\u017e 13. prosince: Lucie, Wohnout a PSH!"}]},{"@type":"WebSite","@id":"https:\/\/snehovyservis.cz\/#website","url":"https:\/\/snehovyservis.cz\/","name":"Sn\u011bhov\u00fdServis.cz","description":"Nejaktu\u00e1ln\u011bj\u0161\u00ed sn\u011bhov\u00e9 a ly\u017ea\u0159sk\u00e9 zpravodajstv\u00ed","publisher":{"@id":"https:\/\/snehovyservis.cz\/#organization"},"potentialAction":[{"@type":"SearchAction","target":{"@type":"EntryPoint","urlTemplate":"https:\/\/snehovyservis.cz\/?s={search_term_string}"},"query-input":"required name=search_term_string"}],"inLanguage":"cs"},{"@type":"Organization","@id":"https:\/\/snehovyservis.cz\/#organization","name":"Sn\u011bhov\u00fdServis.cz","url":"https:\/\/snehovyservis.cz\/","logo":{"@type":"ImageObject","inLanguage":"cs","@id":"https:\/\/snehovyservis.cz\/#\/schema\/logo\/image\/","url":"https:\/\/snehovyservis.cz\/wp-content\/uploads\/2024\/12\/cropped-Logo_Snehovy-Servis.jpg","contentUrl":"https:\/\/snehovyservis.cz\/wp-content\/uploads\/2024\/12\/cropped-Logo_Snehovy-Servis.jpg","width":290,"height":154,"caption":"Sn\u011bhov\u00fdServis.cz"},"image":{"@id":"https:\/\/snehovyservis.cz\/#\/schema\/logo\/image\/"}},{"@type":"Person","@id":"https:\/\/snehovyservis.cz\/#\/schema\/person\/d588d85afe8e4b52319ab75b79926897","name":"Jan \u0160m\u00edd","image":{"@type":"ImageObject","inLanguage":"cs","@id":"https:\/\/snehovyservis.cz\/#\/schema\/person\/image\/","url":"https:\/\/secure.gravatar.com\/avatar\/70f8b575525c369952d0b7a7cdfa779b?s=96&d=mm&r=g","contentUrl":"https:\/\/secure.gravatar.com\/avatar\/70f8b575525c369952d0b7a7cdfa779b?s=96&d=mm&r=g","caption":"Jan \u0160m\u00edd"},"sameAs":["http:\/\/SNEHOVYSERVIS.cz"],"url":"https:\/\/snehovyservis.cz\/index.php\/author\/sjan\/"}]}},"_links":{"self":[{"href":"https:\/\/snehovyservis.cz\/index.php\/wp-json\/wp\/v2\/posts\/1263"}],"collection":[{"href":"https:\/\/snehovyservis.cz\/index.php\/wp-json\/wp\/v2\/posts"}],"about":[{"href":"https:\/\/snehovyservis.cz\/index.php\/wp-json\/wp\/v2\/types\/post"}],"author":[{"embeddable":true,"href":"https:\/\/snehovyservis.cz\/index.php\/wp-json\/wp\/v2\/users\/6"}],"replies":[{"embeddable":true,"href":"https:\/\/snehovyservis.cz\/index.php\/wp-json\/wp\/v2\/comments?post=1263"}],"version-history":[{"count":1,"href":"https:\/\/snehovyservis.cz\/index.php\/wp-json\/wp\/v2\/posts\/1263\/revisions"}],"predecessor-version":[{"id":1265,"href":"https:\/\/snehovyservis.cz\/index.php\/wp-json\/wp\/v2\/posts\/1263\/revisions\/1265"}],"wp:featuredmedia":[{"embeddable":true,"href":"https:\/\/snehovyservis.cz\/index.php\/wp-json\/wp\/v2\/media\/1264"}],"wp:attachment":[{"href":"https:\/\/snehovyservis.cz\/index.php\/wp-json\/wp\/v2\/media?parent=1263"}],"wp:term":[{"taxonomy":"category","embeddable":true,"href":"https:\/\/snehovyservis.cz\/index.php\/wp-json\/wp\/v2\/categories?post=1263"},{"taxonomy":"post_tag","embeddable":true,"href":"https:\/\/snehovyservis.cz\/index.php\/wp-json\/wp\/v2\/tags?post=1263"}],"curies":[{"name":"wp","href":"https:\/\/api.w.org\/{rel}","templated":true}]}}