{"id":1257,"date":"2025-11-26T00:10:00","date_gmt":"2025-11-25T23:10:00","guid":{"rendered":"https:\/\/snehovyservis.cz\/?p=1257"},"modified":"2025-12-04T03:13:08","modified_gmt":"2025-12-04T02:13:08","slug":"slavnostni-rozsviceni-vanocniho-stromu-ve-spindlerove-mlyne-adventni-kouzlo-v-centru-krkonos","status":"publish","type":"post","link":"https:\/\/snehovyservis.cz\/index.php\/akce\/slavnostni-rozsviceni-vanocniho-stromu-ve-spindlerove-mlyne-adventni-kouzlo-v-centru-krkonos\/","title":{"rendered":"Slavnostn\u00ed rozsv\u00edcen\u00ed v\u00e1no\u010dn\u00edho stromu ve \u0160pindlerov\u011b Ml\u00fdn\u011b: Adventn\u00ed kouzlo v centru Krkono\u0161"},"content":{"rendered":"\n<div style=\"height:35px\" aria-hidden=\"true\" class=\"wp-block-spacer\"><\/div>\n\n\n\n<p class=\"has-medium-font-size\"><strong><a href=\"https:\/\/spindleruvmlyn.cz\/\">\u0160pindler\u016fv Ml\u00fdn<\/a> se i letos prom\u011bn\u00ed v poh\u00e1dkov\u00e9 m\u00edsto pln\u00e9 sv\u011btel, hudby a p\u0159\u00e1telsk\u00e9 atmosf\u00e9ry. V p\u00e1tek 28. listopadu 2025 se v centru \u0160pindlu rozz\u00e1\u0159\u00ed tradi\u010dn\u00ed v\u00e1no\u010dn\u00ed strom, kter\u00fd ka\u017edoro\u010dn\u011b otev\u00edr\u00e1 adventn\u00ed \u010das v srdci Krkono\u0161. <\/strong><\/p>\n\n\n\n<p class=\"has-medium-font-size\">Pokud hled\u00e1te zp\u016fsob, jak se naladit na klidnou p\u0159edv\u00e1no\u010dn\u00ed atmosf\u00e9ru, potkat sousedy a p\u0159\u00e1tele nebo si prost\u011b jen u\u017e\u00edt p\u0159\u00edjemn\u00fd podve\u010der, tahle akce by v\u00e1m rozhodn\u011b nem\u011bla uniknout.<\/p>\n\n\n\n<div style=\"height:35px\" aria-hidden=\"true\" class=\"wp-block-spacer\"><\/div>\n\n\n\n<figure class=\"wp-block-gallery has-nested-images columns-default is-cropped wp-block-gallery-1 is-layout-flex wp-block-gallery-is-layout-flex\">\n<figure class=\"wp-block-image size-large\"><img decoding=\"async\" data-id=\"4184\" src=\"https:\/\/spindleruvmlyn.cz\/wp-content\/uploads\/2025\/12\/587335540_1435806671881579_142167181423410700_n-576x1024.jpg\" alt=\"Slavnostn\u00ed rozsv\u00edcen\u00ed v\u00e1no\u010dn\u00edho stromu ve \u0160pindlerov\u011b Ml\u00fdn\u011b: Adventn\u00ed kouzlo v centru Krkono\u0161\" class=\"wp-image-4184\"\/><\/figure>\n\n\n\n<figure class=\"wp-block-image size-large\"><img decoding=\"async\" data-id=\"4181\" src=\"https:\/\/spindleruvmlyn.cz\/wp-content\/uploads\/2025\/12\/587043033_1435806728548240_3600611641071577803_n-576x1024.jpg\" alt=\"Slavnostn\u00ed rozsv\u00edcen\u00ed v\u00e1no\u010dn\u00edho stromu ve \u0160pindlerov\u011b Ml\u00fdn\u011b: Adventn\u00ed kouzlo v centru Krkono\u0161\" class=\"wp-image-4181\"\/><\/figure>\n<\/figure>\n\n\n\n<div style=\"height:35px\" aria-hidden=\"true\" class=\"wp-block-spacer\"><\/div>\n\n\n\n<h2 class=\"wp-block-heading\">Kouzeln\u00fd za\u010d\u00e1tek adventu v Centru Krkono\u0161<\/h2>\n\n\n\n<div style=\"height:35px\" aria-hidden=\"true\" class=\"wp-block-spacer\"><\/div>\n\n\n\n<p class=\"has-medium-font-size\">Slavnostn\u00ed rozsv\u00edcen\u00ed v\u00e1no\u010dn\u00edho stromu pat\u0159\u00ed k nejobl\u00edben\u011bj\u0161\u00edm ud\u00e1lostem ve \u0160pindlerov\u011b Ml\u00fdn\u011b. Malebn\u00e9 horsk\u00e9 m\u011bste\u010dko, \u010dasto ozna\u010dovan\u00e9 jako <strong><a href=\"https:\/\/centrumkrkonos.cz\/\">Centrum Krkono\u0161<\/a><\/strong>, nab\u00edz\u00ed ide\u00e1ln\u00ed kulisu pro prvn\u00ed adventn\u00ed z\u00e1\u017eitky. \u010cerstv\u00fd horsk\u00fd vzduch, sn\u011bhov\u00e9 vlo\u010dky ve sv\u011btle lamp a autentick\u00e1 atmosf\u00e9ra horsk\u00e9ho \u017eivota vytv\u00e1\u0159ej\u00ed neopakovateln\u00e9 prost\u0159ed\u00ed, kter\u00e9 ka\u017edoro\u010dn\u011b p\u0159il\u00e1k\u00e1 stovky n\u00e1v\u0161t\u011bvn\u00edk\u016f.<\/p>\n\n\n\n<p class=\"has-medium-font-size\">Leto\u0161n\u00ed program je nav\u00edc nabit\u00fd hudbou, energi\u00ed a m\u00edstn\u00edmi talenty. A\u0165 u\u017e p\u0159ijdete s rodinou, p\u0159\u00e1teli nebo si chcete u\u017e\u00edt ve\u010der sami, \u010dek\u00e1 v\u00e1s p\u0159\u00edjemn\u00fd kulturn\u00ed z\u00e1\u017eitek, kter\u00fd kr\u00e1sn\u011b navod\u00ed sv\u00e1te\u010dn\u00ed n\u00e1ladu.<\/p>\n\n\n\n<div style=\"height:35px\" aria-hidden=\"true\" class=\"wp-block-spacer\"><\/div>\n\n\n<div class=\"wp-block-image is-resized\">\n<figure class=\"aligncenter size-large\"><img decoding=\"async\" src=\"https:\/\/spindleruvmlyn.cz\/wp-content\/uploads\/2025\/12\/589723206_1435806665214913_1303146598928134412_n-724x1024.jpg\" alt=\"Slavnostn\u00ed rozsv\u00edcen\u00ed v\u00e1no\u010dn\u00edho stromu ve \u0160pindlerov\u011b Ml\u00fdn\u011b: Adventn\u00ed kouzlo v centru Krkono\u0161\" class=\"wp-image-4183\"\/><\/figure><\/div>\n\n\n<div style=\"height:35px\" aria-hidden=\"true\" class=\"wp-block-spacer\"><\/div>\n\n\n\n<h2 class=\"wp-block-heading\">Program slavnostn\u00edho rozsv\u00edcen\u00ed<\/h2>\n\n\n\n<div style=\"height:35px\" aria-hidden=\"true\" class=\"wp-block-spacer\"><\/div>\n\n\n\n<p class=\"has-medium-font-size\"><strong>16:30 \u2013 V\u00e1no\u010dn\u00ed program \u0161pindlerovsk\u00fdch d\u011bt\u00ed<\/strong><br>Tradi\u010dn\u011b v\u0161e odstartuj\u00ed m\u00edstn\u00ed d\u011bti, kter\u00e9 si p\u0159ipravily vlastn\u00ed program pln\u00fd p\u00edsn\u00ed a tane\u010dk\u016f. Jejich vystoupen\u00ed v\u017edy rozz\u00e1\u0159\u00ed \u00fasm\u011bv nejen d\u011btem, ale i dosp\u011bl\u00fdm \u2013 a p\u0159ipomene, \u017ee V\u00e1noce jsou hlavn\u011b o radosti.<\/p>\n\n\n\n<p class=\"has-medium-font-size\"><strong>17:30 \u2013 Hudebn\u00ed vystoupen\u00ed kapely Mahlzeit<\/strong><br>Odpoledne plynule p\u0159ejde do vystoupen\u00ed kapely Mahlzeit, kter\u00e1 p\u0159iveze do centra \u0160pindu pohodovou p\u0159edv\u00e1no\u010dn\u00ed atmosf\u00e9ru. Jejich hudba perfektn\u011b dopln\u00ed klesaj\u00edc\u00ed tmu a o\u010dek\u00e1v\u00e1n\u00ed velk\u00e9ho okam\u017eiku.<\/p>\n\n\n\n<p class=\"has-medium-font-size\"><strong>18:00 \u2013 Rozsv\u00edcen\u00ed v\u00e1no\u010dn\u00edho stromu<\/strong><br>Hlavn\u00ed moment cel\u00e9ho programu. S po\u010dtem odpo\u010d\u00edt\u00e1vaj\u00edc\u00edch ka\u017edoro\u010dn\u011b roste i nap\u011bt\u00ed a radost. Jakmile se strom rozz\u00e1\u0159\u00ed stovkami sv\u011bt\u00fdlek, cel\u00e9 n\u00e1m\u011bst\u00ed ve \u0160pindlerov\u011b Ml\u00fdn\u011b se prom\u011bn\u00ed v malou v\u00e1no\u010dn\u00ed poh\u00e1dku.<\/p>\n\n\n\n<p class=\"has-medium-font-size\"><strong>18:10 \u2013 V\u00e1no\u010dn\u00ed p\u00edsn\u011b a koledy v pod\u00e1n\u00ed DJ Don Hobli\u0148on<\/strong><br>Ve\u010der uzav\u0159e DJ Don Hobli\u0148on s v\u00fdb\u011brem koled a v\u00e1no\u010dn\u00edch melodi\u00ed, kter\u00e9 navod\u00ed tu pravou adventn\u00ed atmosf\u00e9ru. Ide\u00e1ln\u00ed chv\u00edle z\u016fstat s p\u0159\u00e1teli, d\u00e1t si n\u011bco tepl\u00e9ho k pit\u00ed a jen si u\u017e\u00edvat p\u0159\u00edjemn\u00fd \u010das v <strong>srdci Krkono\u0161<\/strong>.<\/p>\n\n\n\n<div style=\"height:35px\" aria-hidden=\"true\" class=\"wp-block-spacer\"><\/div>\n\n\n\n<h2 class=\"wp-block-heading\">P\u0159ij\u010fte si u\u017e\u00edt atmosf\u00e9ru V centru \u0160pindu<\/h2>\n\n\n\n<div style=\"height:35px\" aria-hidden=\"true\" class=\"wp-block-spacer\"><\/div>\n\n\n\n<p class=\"has-medium-font-size\">Slavnostn\u00ed rozsv\u00edcen\u00ed v\u00e1no\u010dn\u00edho stromu je kr\u00e1snou p\u0159\u00edle\u017eitost\u00ed zpomalit, nadechnout se a u\u017e\u00edt si \u010das s lidmi, na kter\u00fdch z\u00e1le\u017e\u00ed. <strong><a href=\"https:\/\/spindleruvmlyn.cz\/\">\u0160pindler\u016fv Ml\u00fdn<\/a><\/strong> nab\u00edz\u00ed jedine\u010dn\u00e9 prost\u0159ed\u00ed, kde se adventn\u00ed kouzlo umocn\u00ed je\u0161t\u011b podmaniv\u00fdm horsk\u00fdm charakterem.<\/p>\n\n\n\n<p class=\"has-medium-font-size\">P\u0159ij\u010fte <strong>na\u010derpat klidnou p\u0159edv\u00e1no\u010dn\u00ed atmosf\u00e9ru<\/strong>, zazp\u00edvat si koledy a spole\u010dn\u011b odstartovat advent v <strong><a href=\"https:\/\/centrumkrkonos.cz\/\">Centru Krkono\u0161<\/a><\/strong>. T\u011b\u0161\u00edme se na v\u00e1s <strong>28. listopadu 2025 V centru \u0160pindu<\/strong>!<\/p>\n\n\n\n<div style=\"height:100px\" aria-hidden=\"true\" class=\"wp-block-spacer\"><\/div>\n\n\n\n<figure class=\"wp-block-gallery has-nested-images columns-2 is-cropped wp-block-gallery-3 is-layout-flex wp-block-gallery-is-layout-flex\">\n<figure class=\"wp-block-image size-large\"><img decoding=\"async\" data-id=\"4184\" src=\"https:\/\/spindleruvmlyn.cz\/wp-content\/uploads\/2025\/12\/587335540_1435806671881579_142167181423410700_n-576x1024.jpg\" alt=\"Slavnostn\u00ed rozsv\u00edcen\u00ed v\u00e1no\u010dn\u00edho stromu ve \u0160pindlerov\u011b Ml\u00fdn\u011b: Adventn\u00ed kouzlo v centru Krkono\u0161\" class=\"wp-image-4184\"\/><\/figure>\n\n\n\n<figure class=\"wp-block-image size-large\"><img decoding=\"async\" data-id=\"4181\" src=\"https:\/\/spindleruvmlyn.cz\/wp-content\/uploads\/2025\/12\/587043033_1435806728548240_3600611641071577803_n-576x1024.jpg\" alt=\"Slavnostn\u00ed rozsv\u00edcen\u00ed v\u00e1no\u010dn\u00edho stromu ve \u0160pindlerov\u011b Ml\u00fdn\u011b: Adventn\u00ed kouzlo v centru Krkono\u0161\" class=\"wp-image-4181\"\/><\/figure>\n\n\n\n<figure class=\"wp-block-image size-large\"><img decoding=\"async\" data-id=\"4182\" src=\"https:\/\/spindleruvmlyn.cz\/wp-content\/uploads\/2025\/12\/578631998_1422845476511032_8848946160435927011_n-1024x390.jpg\" alt=\"Slavnostn\u00ed rozsv\u00edcen\u00ed v\u00e1no\u010dn\u00edho stromu ve \u0160pindlerov\u011b Ml\u00fdn\u011b: Adventn\u00ed kouzlo v centru Krkono\u0161\" class=\"wp-image-4182\"\/><\/figure>\n<\/figure>\n\n\n\n<div style=\"height:37px\" aria-hidden=\"true\" class=\"wp-block-spacer\"><\/div>\n\n\n\n<p class=\"has-medium-font-size\"><strong>Zdroj foto: <\/strong>M\u011bsto \u0160pindler\u016fv Ml\u00fdn<\/p>\n\n\n\n<div style=\"height:100px\" aria-hidden=\"true\" class=\"wp-block-spacer\"><\/div>\n","protected":false},"excerpt":{"rendered":"<p>\u0160pindler\u016fv Ml\u00fdn se i letos prom\u011bn\u00ed v poh\u00e1dkov\u00e9 m\u00edsto pln\u00e9 sv\u011btel, hudby a p\u0159\u00e1telsk\u00e9 atmosf\u00e9ry. V p\u00e1tek 28. listopadu 2025 se v centru \u0160pindlu rozz\u00e1\u0159\u00ed tradi\u010dn\u00ed v\u00e1no\u010dn\u00ed strom, kter\u00fd ka\u017edoro\u010dn\u011b otev\u00edr\u00e1 adventn\u00ed \u010das v srdci Krkono\u0161. Pokud hled\u00e1te zp\u016fsob, jak se naladit na klidnou p\u0159edv\u00e1no\u010dn\u00ed atmosf\u00e9ru, potkat sousedy a p\u0159\u00e1tele nebo si prost\u011b jen u\u017e\u00edt p\u0159\u00edjemn\u00fd podve\u010der, tahle akce by v\u00e1m rozhodn\u011b nem\u011bla uniknout. Kouzeln\u00fd za\u010d\u00e1tek adventu v Centru Krkono\u0161 Slavnostn\u00ed rozsv\u00edcen\u00ed v\u00e1no\u010dn\u00edho stromu pat\u0159\u00ed k nejobl\u00edben\u011bj\u0161\u00edm ud\u00e1lostem ve \u0160pindlerov\u011b Ml\u00fdn\u011b. Malebn\u00e9 horsk\u00e9 m\u011bste\u010dko, \u010dasto ozna\u010dovan\u00e9 jako Centrum Krkono\u0161, nab\u00edz\u00ed&hellip;<\/p>\n","protected":false},"author":3,"featured_media":1258,"comment_status":"closed","ping_status":"closed","sticky":false,"template":"","format":"standard","meta":{"_mi_skip_tracking":false,"_monsterinsights_sitenote_active":false,"_monsterinsights_sitenote_note":"","_monsterinsights_sitenote_category":0,"footnotes":""},"categories":[7,25,1,24],"tags":[],"yoast_head":"<!-- This site is optimized with the Yoast SEO plugin v21.5 - https:\/\/yoast.com\/wordpress\/plugins\/seo\/ -->\n<title>Slavnostn\u00ed rozsv\u00edcen\u00ed v\u00e1no\u010dn\u00edho stromu ve \u0160pindlerov\u011b Ml\u00fdn\u011b: Adventn\u00ed kouzlo v centru Krkono\u0161 - Sn\u011bhov\u00fdServis.cz<\/title>\n<meta name=\"description\" content=\"V p\u00e1tek 28. listopadu 2025 se v centru \u0160pindlu rozz\u00e1\u0159\u00ed tradi\u010dn\u00ed v\u00e1no\u010dn\u00ed strom, kter\u00fd ka\u017edoro\u010dn\u011b otev\u00edr\u00e1 adventn\u00ed \u010das v srdci Krkono\u0161.\" \/>\n<meta name=\"robots\" content=\"index, follow, max-snippet:-1, max-image-preview:large, max-video-preview:-1\" \/>\n<link rel=\"canonical\" href=\"https:\/\/snehovyservis.cz\/index.php\/akce\/slavnostni-rozsviceni-vanocniho-stromu-ve-spindlerove-mlyne-adventni-kouzlo-v-centru-krkonos\/\" \/>\n<meta property=\"og:locale\" content=\"cs_CZ\" \/>\n<meta property=\"og:type\" content=\"article\" \/>\n<meta property=\"og:title\" content=\"Slavnostn\u00ed rozsv\u00edcen\u00ed v\u00e1no\u010dn\u00edho stromu ve \u0160pindlerov\u011b Ml\u00fdn\u011b: Adventn\u00ed kouzlo v centru Krkono\u0161 - Sn\u011bhov\u00fdServis.cz\" \/>\n<meta property=\"og:description\" content=\"V p\u00e1tek 28. listopadu 2025 se v centru \u0160pindlu rozz\u00e1\u0159\u00ed tradi\u010dn\u00ed v\u00e1no\u010dn\u00ed strom, kter\u00fd ka\u017edoro\u010dn\u011b otev\u00edr\u00e1 adventn\u00ed \u010das v srdci Krkono\u0161.\" \/>\n<meta property=\"og:url\" content=\"https:\/\/snehovyservis.cz\/index.php\/akce\/slavnostni-rozsviceni-vanocniho-stromu-ve-spindlerove-mlyne-adventni-kouzlo-v-centru-krkonos\/\" \/>\n<meta property=\"og:site_name\" content=\"Sn\u011bhov\u00fdServis.cz\" \/>\n<meta property=\"article:published_time\" content=\"2025-11-25T23:10:00+00:00\" \/>\n<meta property=\"article:modified_time\" content=\"2025-12-04T02:13:08+00:00\" \/>\n<meta property=\"og:image\" content=\"https:\/\/snehovyservis.cz\/wp-content\/uploads\/2025\/12\/578631998_1422845476511032_8848946160435927011_n-scaled.jpg\" \/>\n\t<meta property=\"og:image:width\" content=\"2560\" \/>\n\t<meta property=\"og:image:height\" content=\"974\" \/>\n\t<meta property=\"og:image:type\" content=\"image\/jpeg\" \/>\n<meta name=\"author\" content=\"Jolana Hol\u00e1\u0148ov\u00e1\" \/>\n<meta name=\"twitter:card\" content=\"summary_large_image\" \/>\n<meta name=\"twitter:label1\" content=\"Napsal(a)\" \/>\n\t<meta name=\"twitter:data1\" content=\"Jolana Hol\u00e1\u0148ov\u00e1\" \/>\n\t<meta name=\"twitter:label2\" content=\"Odhadovan\u00e1 doba \u010dten\u00ed\" \/>\n\t<meta name=\"twitter:data2\" content=\"4 minuty\" \/>\n<script type=\"application\/ld+json\" class=\"yoast-schema-graph\">{\"@context\":\"https:\/\/schema.org\",\"@graph\":[{\"@type\":\"Article\",\"@id\":\"https:\/\/snehovyservis.cz\/index.php\/akce\/slavnostni-rozsviceni-vanocniho-stromu-ve-spindlerove-mlyne-adventni-kouzlo-v-centru-krkonos\/#article\",\"isPartOf\":{\"@id\":\"https:\/\/snehovyservis.cz\/index.php\/akce\/slavnostni-rozsviceni-vanocniho-stromu-ve-spindlerove-mlyne-adventni-kouzlo-v-centru-krkonos\/\"},\"author\":{\"name\":\"Jolana Hol\u00e1\u0148ov\u00e1\",\"@id\":\"https:\/\/snehovyservis.cz\/#\/schema\/person\/292a322d4c00948520695cbe2b3fffbe\"},\"headline\":\"Slavnostn\u00ed rozsv\u00edcen\u00ed v\u00e1no\u010dn\u00edho stromu ve \u0160pindlerov\u011b Ml\u00fdn\u011b: Adventn\u00ed kouzlo v centru Krkono\u0161\",\"datePublished\":\"2025-11-25T23:10:00+00:00\",\"dateModified\":\"2025-12-04T02:13:08+00:00\",\"mainEntityOfPage\":{\"@id\":\"https:\/\/snehovyservis.cz\/index.php\/akce\/slavnostni-rozsviceni-vanocniho-stromu-ve-spindlerove-mlyne-adventni-kouzlo-v-centru-krkonos\/\"},\"wordCount\":564,\"publisher\":{\"@id\":\"https:\/\/snehovyservis.cz\/#organization\"},\"articleSection\":[\"AKCE\",\"KRKONO\u0160E\",\"NEWS\",\"\u0160PINDLER\u016eV ML\u00ddN\"],\"inLanguage\":\"cs\"},{\"@type\":\"WebPage\",\"@id\":\"https:\/\/snehovyservis.cz\/index.php\/akce\/slavnostni-rozsviceni-vanocniho-stromu-ve-spindlerove-mlyne-adventni-kouzlo-v-centru-krkonos\/\",\"url\":\"https:\/\/snehovyservis.cz\/index.php\/akce\/slavnostni-rozsviceni-vanocniho-stromu-ve-spindlerove-mlyne-adventni-kouzlo-v-centru-krkonos\/\",\"name\":\"Slavnostn\u00ed rozsv\u00edcen\u00ed v\u00e1no\u010dn\u00edho stromu ve \u0160pindlerov\u011b Ml\u00fdn\u011b: Adventn\u00ed kouzlo v centru Krkono\u0161 - Sn\u011bhov\u00fdServis.cz\",\"isPartOf\":{\"@id\":\"https:\/\/snehovyservis.cz\/#website\"},\"datePublished\":\"2025-11-25T23:10:00+00:00\",\"dateModified\":\"2025-12-04T02:13:08+00:00\",\"description\":\"V p\u00e1tek 28. listopadu 2025 se v centru \u0160pindlu rozz\u00e1\u0159\u00ed tradi\u010dn\u00ed v\u00e1no\u010dn\u00ed strom, kter\u00fd ka\u017edoro\u010dn\u011b otev\u00edr\u00e1 adventn\u00ed \u010das v srdci Krkono\u0161.\",\"breadcrumb\":{\"@id\":\"https:\/\/snehovyservis.cz\/index.php\/akce\/slavnostni-rozsviceni-vanocniho-stromu-ve-spindlerove-mlyne-adventni-kouzlo-v-centru-krkonos\/#breadcrumb\"},\"inLanguage\":\"cs\",\"potentialAction\":[{\"@type\":\"ReadAction\",\"target\":[\"https:\/\/snehovyservis.cz\/index.php\/akce\/slavnostni-rozsviceni-vanocniho-stromu-ve-spindlerove-mlyne-adventni-kouzlo-v-centru-krkonos\/\"]}]},{\"@type\":\"BreadcrumbList\",\"@id\":\"https:\/\/snehovyservis.cz\/index.php\/akce\/slavnostni-rozsviceni-vanocniho-stromu-ve-spindlerove-mlyne-adventni-kouzlo-v-centru-krkonos\/#breadcrumb\",\"itemListElement\":[{\"@type\":\"ListItem\",\"position\":1,\"name\":\"Dom\u016f\",\"item\":\"https:\/\/snehovyservis.cz\/\"},{\"@type\":\"ListItem\",\"position\":2,\"name\":\"Slavnostn\u00ed rozsv\u00edcen\u00ed v\u00e1no\u010dn\u00edho stromu ve \u0160pindlerov\u011b Ml\u00fdn\u011b: Adventn\u00ed kouzlo v centru Krkono\u0161\"}]},{\"@type\":\"WebSite\",\"@id\":\"https:\/\/snehovyservis.cz\/#website\",\"url\":\"https:\/\/snehovyservis.cz\/\",\"name\":\"Sn\u011bhov\u00fdServis.cz\",\"description\":\"Nejaktu\u00e1ln\u011bj\u0161\u00ed sn\u011bhov\u00e9 a ly\u017ea\u0159sk\u00e9 zpravodajstv\u00ed\",\"publisher\":{\"@id\":\"https:\/\/snehovyservis.cz\/#organization\"},\"potentialAction\":[{\"@type\":\"SearchAction\",\"target\":{\"@type\":\"EntryPoint\",\"urlTemplate\":\"https:\/\/snehovyservis.cz\/?s={search_term_string}\"},\"query-input\":\"required name=search_term_string\"}],\"inLanguage\":\"cs\"},{\"@type\":\"Organization\",\"@id\":\"https:\/\/snehovyservis.cz\/#organization\",\"name\":\"Sn\u011bhov\u00fdServis.cz\",\"url\":\"https:\/\/snehovyservis.cz\/\",\"logo\":{\"@type\":\"ImageObject\",\"inLanguage\":\"cs\",\"@id\":\"https:\/\/snehovyservis.cz\/#\/schema\/logo\/image\/\",\"url\":\"https:\/\/snehovyservis.cz\/wp-content\/uploads\/2024\/12\/cropped-Logo_Snehovy-Servis.jpg\",\"contentUrl\":\"https:\/\/snehovyservis.cz\/wp-content\/uploads\/2024\/12\/cropped-Logo_Snehovy-Servis.jpg\",\"width\":290,\"height\":154,\"caption\":\"Sn\u011bhov\u00fdServis.cz\"},\"image\":{\"@id\":\"https:\/\/snehovyservis.cz\/#\/schema\/logo\/image\/\"}},{\"@type\":\"Person\",\"@id\":\"https:\/\/snehovyservis.cz\/#\/schema\/person\/292a322d4c00948520695cbe2b3fffbe\",\"name\":\"Jolana Hol\u00e1\u0148ov\u00e1\",\"image\":{\"@type\":\"ImageObject\",\"inLanguage\":\"cs\",\"@id\":\"https:\/\/snehovyservis.cz\/#\/schema\/person\/image\/\",\"url\":\"https:\/\/secure.gravatar.com\/avatar\/5863c504ed89cd419ff3a5e812c722ff?s=96&d=mm&r=g\",\"contentUrl\":\"https:\/\/secure.gravatar.com\/avatar\/5863c504ed89cd419ff3a5e812c722ff?s=96&d=mm&r=g\",\"caption\":\"Jolana Hol\u00e1\u0148ov\u00e1\"},\"sameAs\":[\"http:\/\/Sn\u011bhov\u00fdServis.cz\"],\"url\":\"https:\/\/snehovyservis.cz\/index.php\/author\/jolhol\/\"}]}<\/script>\n<!-- \/ Yoast SEO plugin. -->","yoast_head_json":{"title":"Slavnostn\u00ed rozsv\u00edcen\u00ed v\u00e1no\u010dn\u00edho stromu ve \u0160pindlerov\u011b Ml\u00fdn\u011b: Adventn\u00ed kouzlo v centru Krkono\u0161 - Sn\u011bhov\u00fdServis.cz","description":"V p\u00e1tek 28. listopadu 2025 se v centru \u0160pindlu rozz\u00e1\u0159\u00ed tradi\u010dn\u00ed v\u00e1no\u010dn\u00ed strom, kter\u00fd ka\u017edoro\u010dn\u011b otev\u00edr\u00e1 adventn\u00ed \u010das v srdci Krkono\u0161.","robots":{"index":"index","follow":"follow","max-snippet":"max-snippet:-1","max-image-preview":"max-image-preview:large","max-video-preview":"max-video-preview:-1"},"canonical":"https:\/\/snehovyservis.cz\/index.php\/akce\/slavnostni-rozsviceni-vanocniho-stromu-ve-spindlerove-mlyne-adventni-kouzlo-v-centru-krkonos\/","og_locale":"cs_CZ","og_type":"article","og_title":"Slavnostn\u00ed rozsv\u00edcen\u00ed v\u00e1no\u010dn\u00edho stromu ve \u0160pindlerov\u011b Ml\u00fdn\u011b: Adventn\u00ed kouzlo v centru Krkono\u0161 - Sn\u011bhov\u00fdServis.cz","og_description":"V p\u00e1tek 28. listopadu 2025 se v centru \u0160pindlu rozz\u00e1\u0159\u00ed tradi\u010dn\u00ed v\u00e1no\u010dn\u00ed strom, kter\u00fd ka\u017edoro\u010dn\u011b otev\u00edr\u00e1 adventn\u00ed \u010das v srdci Krkono\u0161.","og_url":"https:\/\/snehovyservis.cz\/index.php\/akce\/slavnostni-rozsviceni-vanocniho-stromu-ve-spindlerove-mlyne-adventni-kouzlo-v-centru-krkonos\/","og_site_name":"Sn\u011bhov\u00fdServis.cz","article_published_time":"2025-11-25T23:10:00+00:00","article_modified_time":"2025-12-04T02:13:08+00:00","og_image":[{"width":2560,"height":974,"url":"https:\/\/snehovyservis.cz\/wp-content\/uploads\/2025\/12\/578631998_1422845476511032_8848946160435927011_n-scaled.jpg","type":"image\/jpeg"}],"author":"Jolana Hol\u00e1\u0148ov\u00e1","twitter_card":"summary_large_image","twitter_misc":{"Napsal(a)":"Jolana Hol\u00e1\u0148ov\u00e1","Odhadovan\u00e1 doba \u010dten\u00ed":"4 minuty"},"schema":{"@context":"https:\/\/schema.org","@graph":[{"@type":"Article","@id":"https:\/\/snehovyservis.cz\/index.php\/akce\/slavnostni-rozsviceni-vanocniho-stromu-ve-spindlerove-mlyne-adventni-kouzlo-v-centru-krkonos\/#article","isPartOf":{"@id":"https:\/\/snehovyservis.cz\/index.php\/akce\/slavnostni-rozsviceni-vanocniho-stromu-ve-spindlerove-mlyne-adventni-kouzlo-v-centru-krkonos\/"},"author":{"name":"Jolana Hol\u00e1\u0148ov\u00e1","@id":"https:\/\/snehovyservis.cz\/#\/schema\/person\/292a322d4c00948520695cbe2b3fffbe"},"headline":"Slavnostn\u00ed rozsv\u00edcen\u00ed v\u00e1no\u010dn\u00edho stromu ve \u0160pindlerov\u011b Ml\u00fdn\u011b: Adventn\u00ed kouzlo v centru Krkono\u0161","datePublished":"2025-11-25T23:10:00+00:00","dateModified":"2025-12-04T02:13:08+00:00","mainEntityOfPage":{"@id":"https:\/\/snehovyservis.cz\/index.php\/akce\/slavnostni-rozsviceni-vanocniho-stromu-ve-spindlerove-mlyne-adventni-kouzlo-v-centru-krkonos\/"},"wordCount":564,"publisher":{"@id":"https:\/\/snehovyservis.cz\/#organization"},"articleSection":["AKCE","KRKONO\u0160E","NEWS","\u0160PINDLER\u016eV ML\u00ddN"],"inLanguage":"cs"},{"@type":"WebPage","@id":"https:\/\/snehovyservis.cz\/index.php\/akce\/slavnostni-rozsviceni-vanocniho-stromu-ve-spindlerove-mlyne-adventni-kouzlo-v-centru-krkonos\/","url":"https:\/\/snehovyservis.cz\/index.php\/akce\/slavnostni-rozsviceni-vanocniho-stromu-ve-spindlerove-mlyne-adventni-kouzlo-v-centru-krkonos\/","name":"Slavnostn\u00ed rozsv\u00edcen\u00ed v\u00e1no\u010dn\u00edho stromu ve \u0160pindlerov\u011b Ml\u00fdn\u011b: Adventn\u00ed kouzlo v centru Krkono\u0161 - Sn\u011bhov\u00fdServis.cz","isPartOf":{"@id":"https:\/\/snehovyservis.cz\/#website"},"datePublished":"2025-11-25T23:10:00+00:00","dateModified":"2025-12-04T02:13:08+00:00","description":"V p\u00e1tek 28. listopadu 2025 se v centru \u0160pindlu rozz\u00e1\u0159\u00ed tradi\u010dn\u00ed v\u00e1no\u010dn\u00ed strom, kter\u00fd ka\u017edoro\u010dn\u011b otev\u00edr\u00e1 adventn\u00ed \u010das v srdci Krkono\u0161.","breadcrumb":{"@id":"https:\/\/snehovyservis.cz\/index.php\/akce\/slavnostni-rozsviceni-vanocniho-stromu-ve-spindlerove-mlyne-adventni-kouzlo-v-centru-krkonos\/#breadcrumb"},"inLanguage":"cs","potentialAction":[{"@type":"ReadAction","target":["https:\/\/snehovyservis.cz\/index.php\/akce\/slavnostni-rozsviceni-vanocniho-stromu-ve-spindlerove-mlyne-adventni-kouzlo-v-centru-krkonos\/"]}]},{"@type":"BreadcrumbList","@id":"https:\/\/snehovyservis.cz\/index.php\/akce\/slavnostni-rozsviceni-vanocniho-stromu-ve-spindlerove-mlyne-adventni-kouzlo-v-centru-krkonos\/#breadcrumb","itemListElement":[{"@type":"ListItem","position":1,"name":"Dom\u016f","item":"https:\/\/snehovyservis.cz\/"},{"@type":"ListItem","position":2,"name":"Slavnostn\u00ed rozsv\u00edcen\u00ed v\u00e1no\u010dn\u00edho stromu ve \u0160pindlerov\u011b Ml\u00fdn\u011b: Adventn\u00ed kouzlo v centru Krkono\u0161"}]},{"@type":"WebSite","@id":"https:\/\/snehovyservis.cz\/#website","url":"https:\/\/snehovyservis.cz\/","name":"Sn\u011bhov\u00fdServis.cz","description":"Nejaktu\u00e1ln\u011bj\u0161\u00ed sn\u011bhov\u00e9 a ly\u017ea\u0159sk\u00e9 zpravodajstv\u00ed","publisher":{"@id":"https:\/\/snehovyservis.cz\/#organization"},"potentialAction":[{"@type":"SearchAction","target":{"@type":"EntryPoint","urlTemplate":"https:\/\/snehovyservis.cz\/?s={search_term_string}"},"query-input":"required name=search_term_string"}],"inLanguage":"cs"},{"@type":"Organization","@id":"https:\/\/snehovyservis.cz\/#organization","name":"Sn\u011bhov\u00fdServis.cz","url":"https:\/\/snehovyservis.cz\/","logo":{"@type":"ImageObject","inLanguage":"cs","@id":"https:\/\/snehovyservis.cz\/#\/schema\/logo\/image\/","url":"https:\/\/snehovyservis.cz\/wp-content\/uploads\/2024\/12\/cropped-Logo_Snehovy-Servis.jpg","contentUrl":"https:\/\/snehovyservis.cz\/wp-content\/uploads\/2024\/12\/cropped-Logo_Snehovy-Servis.jpg","width":290,"height":154,"caption":"Sn\u011bhov\u00fdServis.cz"},"image":{"@id":"https:\/\/snehovyservis.cz\/#\/schema\/logo\/image\/"}},{"@type":"Person","@id":"https:\/\/snehovyservis.cz\/#\/schema\/person\/292a322d4c00948520695cbe2b3fffbe","name":"Jolana Hol\u00e1\u0148ov\u00e1","image":{"@type":"ImageObject","inLanguage":"cs","@id":"https:\/\/snehovyservis.cz\/#\/schema\/person\/image\/","url":"https:\/\/secure.gravatar.com\/avatar\/5863c504ed89cd419ff3a5e812c722ff?s=96&d=mm&r=g","contentUrl":"https:\/\/secure.gravatar.com\/avatar\/5863c504ed89cd419ff3a5e812c722ff?s=96&d=mm&r=g","caption":"Jolana Hol\u00e1\u0148ov\u00e1"},"sameAs":["http:\/\/Sn\u011bhov\u00fdServis.cz"],"url":"https:\/\/snehovyservis.cz\/index.php\/author\/jolhol\/"}]}},"_links":{"self":[{"href":"https:\/\/snehovyservis.cz\/index.php\/wp-json\/wp\/v2\/posts\/1257"}],"collection":[{"href":"https:\/\/snehovyservis.cz\/index.php\/wp-json\/wp\/v2\/posts"}],"about":[{"href":"https:\/\/snehovyservis.cz\/index.php\/wp-json\/wp\/v2\/types\/post"}],"author":[{"embeddable":true,"href":"https:\/\/snehovyservis.cz\/index.php\/wp-json\/wp\/v2\/users\/3"}],"replies":[{"embeddable":true,"href":"https:\/\/snehovyservis.cz\/index.php\/wp-json\/wp\/v2\/comments?post=1257"}],"version-history":[{"count":1,"href":"https:\/\/snehovyservis.cz\/index.php\/wp-json\/wp\/v2\/posts\/1257\/revisions"}],"predecessor-version":[{"id":1259,"href":"https:\/\/snehovyservis.cz\/index.php\/wp-json\/wp\/v2\/posts\/1257\/revisions\/1259"}],"wp:featuredmedia":[{"embeddable":true,"href":"https:\/\/snehovyservis.cz\/index.php\/wp-json\/wp\/v2\/media\/1258"}],"wp:attachment":[{"href":"https:\/\/snehovyservis.cz\/index.php\/wp-json\/wp\/v2\/media?parent=1257"}],"wp:term":[{"taxonomy":"category","embeddable":true,"href":"https:\/\/snehovyservis.cz\/index.php\/wp-json\/wp\/v2\/categories?post=1257"},{"taxonomy":"post_tag","embeddable":true,"href":"https:\/\/snehovyservis.cz\/index.php\/wp-json\/wp\/v2\/tags?post=1257"}],"curies":[{"name":"wp","href":"https:\/\/api.w.org\/{rel}","templated":true}]}}