{"id":1254,"date":"2025-12-04T00:07:00","date_gmt":"2025-12-03T23:07:00","guid":{"rendered":"https:\/\/snehovyservis.cz\/?p=1254"},"modified":"2025-12-04T03:10:42","modified_gmt":"2025-12-04T02:10:42","slug":"banff-mountain-film-festival-miri-do-spindlerova-mlyna-zazijte-nejvetsi-outdoorovou-show-v-centru-krkonos","status":"publish","type":"post","link":"https:\/\/snehovyservis.cz\/index.php\/akce\/banff-mountain-film-festival-miri-do-spindlerova-mlyna-zazijte-nejvetsi-outdoorovou-show-v-centru-krkonos\/","title":{"rendered":"Banff Mountain Film Festival m\u00ed\u0159\u00ed do \u0160pindlerova Ml\u00fdna! Za\u017eijte nejv\u011bt\u0161\u00ed outdoorovou show v centru Krkono\u0161"},"content":{"rendered":"\n<div style=\"height:35px\" aria-hidden=\"true\" class=\"wp-block-spacer\"><\/div>\n\n\n\n<p class=\"has-medium-font-size\"><strong>\u0160pindler\u016fv Ml\u00fdn se op\u011bt stane m\u00edstem, kde se setk\u00e1 l\u00e1ska k hor\u00e1m, dobrodru\u017en\u00e9 p\u0159\u00edb\u011bhy a energie t\u011bch nejlep\u0161\u00edch outdoorov\u00fdch film\u016f sou\u010dasnosti. <\/strong><\/p>\n\n\n\n<p class=\"has-medium-font-size\">V sobotu <strong>6. prosince 2025<\/strong> zve <strong>Harmony Hotel<\/strong> v\u0161echny milovn\u00edky adrenalinu na jedine\u010dn\u00fd ve\u010der v srdci Krkono\u0161. <strong>Banff Mountain Film Festival<\/strong> doraz\u00ed do \u0160pindu a p\u0159iveze s sebou to nejlep\u0161\u00ed z cel\u00e9ho sv\u011bta.<\/p>\n\n\n\n<div style=\"height:35px\" aria-hidden=\"true\" class=\"wp-block-spacer\"><\/div>\n\n\n\n<h2 class=\"wp-block-heading\">Ve\u010der pln\u00fd emoc\u00ed, p\u0159\u00edb\u011bh\u016f a inspirace<\/h2>\n\n\n\n<div style=\"height:35px\" aria-hidden=\"true\" class=\"wp-block-spacer\"><\/div>\n\n\n\n<p class=\"has-medium-font-size\">Banff Mountain Film Festival pat\u0159\u00ed celosv\u011btov\u011b mezi nejpresti\u017en\u011bj\u0161\u00ed p\u0159ehl\u00eddky outdoorov\u00fdch film\u016f. A letos zam\u00ed\u0159\u00ed op\u011bt i do <strong>Centra Krkono\u0161<\/strong>, aby n\u00e1v\u0161t\u011bvn\u00edk\u016fm p\u0159inesl sedm mimo\u0159\u00e1dn\u00fdch sn\u00edmk\u016f \u2013 od dechberouc\u00edch expedic a\u017e po ryz\u00ed sportovn\u00ed v\u00fdzvy. Ka\u017ed\u00fd film nab\u00eddne jin\u00fd pohled na s\u00edlu lidsk\u00e9ho odhodl\u00e1n\u00ed, kr\u00e1su p\u0159\u00edrody a radost z pohybu.<\/p>\n\n\n\n<p class=\"has-medium-font-size\">Akce startuje v <strong>17:00<\/strong>, vstupenky budou k dispozici p\u0159\u00edmo na m\u00edst\u011b za <strong>190 K\u010d<\/strong>.<\/p>\n\n\n\n<div style=\"height:35px\" aria-hidden=\"true\" class=\"wp-block-spacer\"><\/div>\n\n\n<div class=\"wp-block-image\">\n<figure class=\"aligncenter size-full\"><img decoding=\"async\" src=\"https:\/\/spindleruvmlyn.cz\/wp-content\/uploads\/2025\/12\/484842680_122196862190150028_2469407537951952524_n.jpg\" alt=\"Banff Mountain Film Festival m\u00ed\u0159\u00ed do \u0160pindlerova Ml\u00fdna! Za\u017eijte nejv\u011bt\u0161\u00ed outdoorovou show v centru Krkono\u0161\" class=\"wp-image-4178\"\/><\/figure><\/div>\n\n\n<div style=\"height:35px\" aria-hidden=\"true\" class=\"wp-block-spacer\"><\/div>\n\n\n\n<h2 class=\"wp-block-heading\">Co v\u00e1s \u010dek\u00e1? Program ve\u010dera<\/h2>\n\n\n\n<div style=\"height:35px\" aria-hidden=\"true\" class=\"wp-block-spacer\"><\/div>\n\n\n\n<p class=\"has-medium-font-size\">T\u011b\u0161it se m\u016f\u017eete na dva filmov\u00e9 bloky, inspirativn\u00ed p\u0159edn\u00e1\u0161ku i tradi\u010dn\u00ed losov\u00e1n\u00ed anketn\u00edch l\u00edstk\u016f o ceny.<\/p>\n\n\n\n<h3 class=\"wp-block-heading\"><strong>1. filmov\u00fd blok<\/strong><\/h3>\n\n\n\n<p class=\"has-medium-font-size\">\u2022 <em>2 Legs Is 2 Easy<\/em> \u2013 6 min<br>\u2022 <em>109 Below<\/em> \u2013 14 min<br>\u2022 <em>A Team Sport<\/em> \u2013 16 min<br>\u2022 <em>Anytime Utah<\/em> \u2013 8 min<\/p>\n\n\n\n<p class=\"has-medium-font-size\">N\u00e1sledovat bude <strong>p\u0159edn\u00e1\u0161ka<\/strong>, kter\u00e1 v\u00e1s vezme je\u0161t\u011b bl\u00ed\u017ee k outdoorov\u00fdm dobrodruh\u016fm, a pot\u00e9 obl\u00edben\u00e9 <strong>losov\u00e1n\u00ed anketn\u00edch l\u00edstk\u016f<\/strong>.<\/p>\n\n\n\n<h3 class=\"wp-block-heading\"><strong>2. filmov\u00fd blok<\/strong><\/h3>\n\n\n\n<p class=\"has-medium-font-size\">\u2022 <em>Keep It Burning<\/em> \u2013 33 min<br>\u2022 <em>Soul Flyers \u2013 The Longest Line<\/em> \u2013 5 min<br>\u2022 <em>The Smoke That Thunders<\/em> \u2013 4 min<br>\u2022 <em>The Streif<\/em> \u2013 3 min<\/p>\n\n\n\n<p class=\"has-medium-font-size\">Cel\u00fd ve\u010der po\u0159\u00e1daj\u00ed <strong>\u0160pindl sportuje, z. s.<\/strong> a <strong>BANFF-CZ s. r. o.<\/strong><\/p>\n\n\n\n<div style=\"height:35px\" aria-hidden=\"true\" class=\"wp-block-spacer\"><\/div>\n\n\n\n<figure class=\"wp-block-embed is-type-video is-provider-youtube wp-block-embed-youtube wp-embed-aspect-16-9 wp-has-aspect-ratio\"><div class=\"wp-block-embed__wrapper\">\n<iframe loading=\"lazy\" title=\"2024-25 Banff Centre Mountain Film Festival World Tour \u2013 International\" width=\"640\" height=\"360\" src=\"https:\/\/www.youtube.com\/embed\/YCh88lfHBs0?feature=oembed\" frameborder=\"0\" allow=\"accelerometer; autoplay; clipboard-write; encrypted-media; gyroscope; picture-in-picture; web-share\" referrerpolicy=\"strict-origin-when-cross-origin\" allowfullscreen><\/iframe>\n<\/div><\/figure>\n\n\n\n<div style=\"height:35px\" aria-hidden=\"true\" class=\"wp-block-spacer\"><\/div>\n\n\n\n<h2 class=\"wp-block-heading\">Pro\u010d b\u00fdt u toho?<\/h2>\n\n\n\n<div style=\"height:35px\" aria-hidden=\"true\" class=\"wp-block-spacer\"><\/div>\n\n\n\n<p class=\"has-medium-font-size\">Pokud milujete hory, Krkono\u0161e, p\u0159\u00edb\u011bhy s atmosf\u00e9rou a venkovn\u00ed dobrodru\u017estv\u00ed, nem\u016f\u017eete chyb\u011bt. Festival do <strong>\u0160pindlerova Ml\u00fdna<\/strong> p\u0159in\u00e1\u0161\u00ed sv\u011btov\u00fd outdoorov\u00fd obsah, kter\u00fd v\u00e1s nabije motivac\u00ed na celou zimu. A kde jinde si jej u\u017e\u00edt ne\u017e pr\u00e1v\u011b <strong>V centru \u0160pindu<\/strong>, v m\u00edst\u011b, kde ka\u017ed\u00e1 ulice d\u00fdch\u00e1 energi\u00ed hor?<\/p>\n\n\n\n<div style=\"height:35px\" aria-hidden=\"true\" class=\"wp-block-spacer\"><\/div>\n\n\n\n<h2 class=\"wp-block-heading\">V\u00edce informac\u00ed<\/h2>\n\n\n\n<div style=\"height:35px\" aria-hidden=\"true\" class=\"wp-block-spacer\"><\/div>\n\n\n\n<p class=\"has-medium-font-size\"><strong>Kompletn\u00ed informace najdete na ofici\u00e1ln\u00edm webu po\u0159adatele:<br><a href=\"http:\/\/spindlsportuje.cz\/banff-film-festival\">spindlsportuje.cz\/banff-film-festival<\/a><\/strong><\/p>\n\n\n\n<p class=\"has-medium-font-size\">T\u011b\u0161\u00edme se na v\u00e1s v <strong>Harmony Hotelu<\/strong> \u2013 p\u0159ij\u010fte se inspirovat, pobavit a za\u017e\u00edt kus sv\u011btov\u00e9ho outdooru p\u0159\u00edmo v <strong>Centru Krkono\u0161<\/strong>.<\/p>\n\n\n\n<div style=\"height:0px\" aria-hidden=\"true\" class=\"wp-block-spacer\"><\/div>\n\n\n\n<div style=\"height:100px\" aria-hidden=\"true\" class=\"wp-block-spacer\"><\/div>\n\n\n\n<figure class=\"wp-block-gallery has-nested-images columns-2 is-cropped wp-block-gallery-1 is-layout-flex wp-block-gallery-is-layout-flex\">\n<figure class=\"wp-block-image size-large\"><img decoding=\"async\" data-id=\"4176\" src=\"https:\/\/spindleruvmlyn.cz\/wp-content\/uploads\/2025\/12\/571126918_1379686790829859_7480691509429533353_n-1024x536.jpg\" alt=\"Banff Mountain Film Festival m\u00ed\u0159\u00ed do \u0160pindlerova Ml\u00fdna! Za\u017eijte nejv\u011bt\u0161\u00ed outdoorovou show v centru Krkono\u0161\" class=\"wp-image-4176\"\/><\/figure>\n\n\n\n<figure class=\"wp-block-image size-large\"><img decoding=\"async\" data-id=\"4177\" src=\"https:\/\/spindleruvmlyn.cz\/wp-content\/uploads\/2025\/12\/565152585_1377473564384515_3647097532587400833_n-1024x578.jpg\" alt=\"Banff Mountain Film Festival m\u00ed\u0159\u00ed do \u0160pindlerova Ml\u00fdna! Za\u017eijte nejv\u011bt\u0161\u00ed outdoorovou show v centru Krkono\u0161\" class=\"wp-image-4177\"\/><\/figure>\n\n\n\n<figure class=\"wp-block-image size-large\"><img decoding=\"async\" data-id=\"4175\" src=\"https:\/\/spindleruvmlyn.cz\/wp-content\/uploads\/2025\/12\/564674023_1373648394767032_2427609326720075709_n-1024x1024.jpg\" alt=\"Banff Mountain Film Festival m\u00ed\u0159\u00ed do \u0160pindlerova Ml\u00fdna! Za\u017eijte nejv\u011bt\u0161\u00ed outdoorovou show v centru Krkono\u0161\" class=\"wp-image-4175\"\/><\/figure>\n<\/figure>\n\n\n\n<div style=\"height:34px\" aria-hidden=\"true\" class=\"wp-block-spacer\"><\/div>\n\n\n\n<p><strong>Zdroj foto:<\/strong> \u0160pindl sportuje<\/p>\n\n\n\n<div style=\"height:100px\" aria-hidden=\"true\" class=\"wp-block-spacer\"><\/div>\n","protected":false},"excerpt":{"rendered":"<p>\u0160pindler\u016fv Ml\u00fdn se op\u011bt stane m\u00edstem, kde se setk\u00e1 l\u00e1ska k hor\u00e1m, dobrodru\u017en\u00e9 p\u0159\u00edb\u011bhy a energie t\u011bch nejlep\u0161\u00edch outdoorov\u00fdch film\u016f sou\u010dasnosti. V sobotu 6. prosince 2025 zve Harmony Hotel v\u0161echny milovn\u00edky adrenalinu na jedine\u010dn\u00fd ve\u010der v srdci Krkono\u0161. Banff Mountain Film Festival doraz\u00ed do \u0160pindu a p\u0159iveze s sebou to nejlep\u0161\u00ed z cel\u00e9ho sv\u011bta. Ve\u010der pln\u00fd emoc\u00ed, p\u0159\u00edb\u011bh\u016f a inspirace Banff Mountain Film Festival pat\u0159\u00ed celosv\u011btov\u011b mezi nejpresti\u017en\u011bj\u0161\u00ed p\u0159ehl\u00eddky outdoorov\u00fdch film\u016f. A letos zam\u00ed\u0159\u00ed op\u011bt i do Centra Krkono\u0161, aby n\u00e1v\u0161t\u011bvn\u00edk\u016fm p\u0159inesl sedm mimo\u0159\u00e1dn\u00fdch sn\u00edmk\u016f \u2013 od dechberouc\u00edch expedic a\u017e&hellip;<\/p>\n","protected":false},"author":6,"featured_media":1255,"comment_status":"closed","ping_status":"closed","sticky":false,"template":"","format":"standard","meta":{"_mi_skip_tracking":false,"_monsterinsights_sitenote_active":false,"_monsterinsights_sitenote_note":"","_monsterinsights_sitenote_category":0,"footnotes":""},"categories":[7,25,1,24],"tags":[],"yoast_head":"<!-- This site is optimized with the Yoast SEO plugin v21.5 - https:\/\/yoast.com\/wordpress\/plugins\/seo\/ -->\n<title>Banff Mountain Film Festival m\u00ed\u0159\u00ed do \u0160pindlerova Ml\u00fdna! Za\u017eijte nejv\u011bt\u0161\u00ed outdoorovou show v centru Krkono\u0161 - Sn\u011bhov\u00fdServis.cz<\/title>\n<meta name=\"description\" content=\"\u0160pindler\u016fv Ml\u00fdn se op\u011bt stane m\u00edstem, kde se setk\u00e1 l\u00e1ska k hor\u00e1m, dobrodru\u017en\u00e9 p\u0159\u00edb\u011bhy a energie t\u011bch nejlep\u0161\u00edch outdoorov\u00fdch film\u016f sou\u010dasnosti.\" \/>\n<meta name=\"robots\" content=\"index, follow, max-snippet:-1, max-image-preview:large, max-video-preview:-1\" \/>\n<link rel=\"canonical\" href=\"https:\/\/snehovyservis.cz\/index.php\/akce\/banff-mountain-film-festival-miri-do-spindlerova-mlyna-zazijte-nejvetsi-outdoorovou-show-v-centru-krkonos\/\" \/>\n<meta property=\"og:locale\" content=\"cs_CZ\" \/>\n<meta property=\"og:type\" content=\"article\" \/>\n<meta property=\"og:title\" content=\"Banff Mountain Film Festival m\u00ed\u0159\u00ed do \u0160pindlerova Ml\u00fdna! Za\u017eijte nejv\u011bt\u0161\u00ed outdoorovou show v centru Krkono\u0161 - Sn\u011bhov\u00fdServis.cz\" \/>\n<meta property=\"og:description\" content=\"\u0160pindler\u016fv Ml\u00fdn se op\u011bt stane m\u00edstem, kde se setk\u00e1 l\u00e1ska k hor\u00e1m, dobrodru\u017en\u00e9 p\u0159\u00edb\u011bhy a energie t\u011bch nejlep\u0161\u00edch outdoorov\u00fdch film\u016f sou\u010dasnosti.\" \/>\n<meta property=\"og:url\" content=\"https:\/\/snehovyservis.cz\/index.php\/akce\/banff-mountain-film-festival-miri-do-spindlerova-mlyna-zazijte-nejvetsi-outdoorovou-show-v-centru-krkonos\/\" \/>\n<meta property=\"og:site_name\" content=\"Sn\u011bhov\u00fdServis.cz\" \/>\n<meta property=\"article:published_time\" content=\"2025-12-03T23:07:00+00:00\" \/>\n<meta property=\"article:modified_time\" content=\"2025-12-04T02:10:42+00:00\" \/>\n<meta property=\"og:image\" content=\"https:\/\/snehovyservis.cz\/wp-content\/uploads\/2025\/12\/571126918_1379686790829859_7480691509429533353_n.jpg\" \/>\n\t<meta property=\"og:image:width\" content=\"1200\" \/>\n\t<meta property=\"og:image:height\" content=\"628\" \/>\n\t<meta property=\"og:image:type\" content=\"image\/jpeg\" \/>\n<meta name=\"author\" content=\"Jan \u0160m\u00edd\" \/>\n<meta name=\"twitter:card\" content=\"summary_large_image\" \/>\n<meta name=\"twitter:label1\" content=\"Napsal(a)\" \/>\n\t<meta name=\"twitter:data1\" content=\"Jan \u0160m\u00edd\" \/>\n\t<meta name=\"twitter:label2\" content=\"Odhadovan\u00e1 doba \u010dten\u00ed\" \/>\n\t<meta name=\"twitter:data2\" content=\"3 minuty\" \/>\n<script type=\"application\/ld+json\" class=\"yoast-schema-graph\">{\"@context\":\"https:\/\/schema.org\",\"@graph\":[{\"@type\":\"Article\",\"@id\":\"https:\/\/snehovyservis.cz\/index.php\/akce\/banff-mountain-film-festival-miri-do-spindlerova-mlyna-zazijte-nejvetsi-outdoorovou-show-v-centru-krkonos\/#article\",\"isPartOf\":{\"@id\":\"https:\/\/snehovyservis.cz\/index.php\/akce\/banff-mountain-film-festival-miri-do-spindlerova-mlyna-zazijte-nejvetsi-outdoorovou-show-v-centru-krkonos\/\"},\"author\":{\"name\":\"Jan \u0160m\u00edd\",\"@id\":\"https:\/\/snehovyservis.cz\/#\/schema\/person\/d588d85afe8e4b52319ab75b79926897\"},\"headline\":\"Banff Mountain Film Festival m\u00ed\u0159\u00ed do \u0160pindlerova Ml\u00fdna! Za\u017eijte nejv\u011bt\u0161\u00ed outdoorovou show v centru Krkono\u0161\",\"datePublished\":\"2025-12-03T23:07:00+00:00\",\"dateModified\":\"2025-12-04T02:10:42+00:00\",\"mainEntityOfPage\":{\"@id\":\"https:\/\/snehovyservis.cz\/index.php\/akce\/banff-mountain-film-festival-miri-do-spindlerova-mlyna-zazijte-nejvetsi-outdoorovou-show-v-centru-krkonos\/\"},\"wordCount\":407,\"publisher\":{\"@id\":\"https:\/\/snehovyservis.cz\/#organization\"},\"articleSection\":[\"AKCE\",\"KRKONO\u0160E\",\"NEWS\",\"\u0160PINDLER\u016eV ML\u00ddN\"],\"inLanguage\":\"cs\"},{\"@type\":\"WebPage\",\"@id\":\"https:\/\/snehovyservis.cz\/index.php\/akce\/banff-mountain-film-festival-miri-do-spindlerova-mlyna-zazijte-nejvetsi-outdoorovou-show-v-centru-krkonos\/\",\"url\":\"https:\/\/snehovyservis.cz\/index.php\/akce\/banff-mountain-film-festival-miri-do-spindlerova-mlyna-zazijte-nejvetsi-outdoorovou-show-v-centru-krkonos\/\",\"name\":\"Banff Mountain Film Festival m\u00ed\u0159\u00ed do \u0160pindlerova Ml\u00fdna! Za\u017eijte nejv\u011bt\u0161\u00ed outdoorovou show v centru Krkono\u0161 - Sn\u011bhov\u00fdServis.cz\",\"isPartOf\":{\"@id\":\"https:\/\/snehovyservis.cz\/#website\"},\"datePublished\":\"2025-12-03T23:07:00+00:00\",\"dateModified\":\"2025-12-04T02:10:42+00:00\",\"description\":\"\u0160pindler\u016fv Ml\u00fdn se op\u011bt stane m\u00edstem, kde se setk\u00e1 l\u00e1ska k hor\u00e1m, dobrodru\u017en\u00e9 p\u0159\u00edb\u011bhy a energie t\u011bch nejlep\u0161\u00edch outdoorov\u00fdch film\u016f sou\u010dasnosti.\",\"breadcrumb\":{\"@id\":\"https:\/\/snehovyservis.cz\/index.php\/akce\/banff-mountain-film-festival-miri-do-spindlerova-mlyna-zazijte-nejvetsi-outdoorovou-show-v-centru-krkonos\/#breadcrumb\"},\"inLanguage\":\"cs\",\"potentialAction\":[{\"@type\":\"ReadAction\",\"target\":[\"https:\/\/snehovyservis.cz\/index.php\/akce\/banff-mountain-film-festival-miri-do-spindlerova-mlyna-zazijte-nejvetsi-outdoorovou-show-v-centru-krkonos\/\"]}]},{\"@type\":\"BreadcrumbList\",\"@id\":\"https:\/\/snehovyservis.cz\/index.php\/akce\/banff-mountain-film-festival-miri-do-spindlerova-mlyna-zazijte-nejvetsi-outdoorovou-show-v-centru-krkonos\/#breadcrumb\",\"itemListElement\":[{\"@type\":\"ListItem\",\"position\":1,\"name\":\"Dom\u016f\",\"item\":\"https:\/\/snehovyservis.cz\/\"},{\"@type\":\"ListItem\",\"position\":2,\"name\":\"Banff Mountain Film Festival m\u00ed\u0159\u00ed do \u0160pindlerova Ml\u00fdna! Za\u017eijte nejv\u011bt\u0161\u00ed outdoorovou show v centru Krkono\u0161\"}]},{\"@type\":\"WebSite\",\"@id\":\"https:\/\/snehovyservis.cz\/#website\",\"url\":\"https:\/\/snehovyservis.cz\/\",\"name\":\"Sn\u011bhov\u00fdServis.cz\",\"description\":\"Nejaktu\u00e1ln\u011bj\u0161\u00ed sn\u011bhov\u00e9 a ly\u017ea\u0159sk\u00e9 zpravodajstv\u00ed\",\"publisher\":{\"@id\":\"https:\/\/snehovyservis.cz\/#organization\"},\"potentialAction\":[{\"@type\":\"SearchAction\",\"target\":{\"@type\":\"EntryPoint\",\"urlTemplate\":\"https:\/\/snehovyservis.cz\/?s={search_term_string}\"},\"query-input\":\"required name=search_term_string\"}],\"inLanguage\":\"cs\"},{\"@type\":\"Organization\",\"@id\":\"https:\/\/snehovyservis.cz\/#organization\",\"name\":\"Sn\u011bhov\u00fdServis.cz\",\"url\":\"https:\/\/snehovyservis.cz\/\",\"logo\":{\"@type\":\"ImageObject\",\"inLanguage\":\"cs\",\"@id\":\"https:\/\/snehovyservis.cz\/#\/schema\/logo\/image\/\",\"url\":\"https:\/\/snehovyservis.cz\/wp-content\/uploads\/2024\/12\/cropped-Logo_Snehovy-Servis.jpg\",\"contentUrl\":\"https:\/\/snehovyservis.cz\/wp-content\/uploads\/2024\/12\/cropped-Logo_Snehovy-Servis.jpg\",\"width\":290,\"height\":154,\"caption\":\"Sn\u011bhov\u00fdServis.cz\"},\"image\":{\"@id\":\"https:\/\/snehovyservis.cz\/#\/schema\/logo\/image\/\"}},{\"@type\":\"Person\",\"@id\":\"https:\/\/snehovyservis.cz\/#\/schema\/person\/d588d85afe8e4b52319ab75b79926897\",\"name\":\"Jan \u0160m\u00edd\",\"image\":{\"@type\":\"ImageObject\",\"inLanguage\":\"cs\",\"@id\":\"https:\/\/snehovyservis.cz\/#\/schema\/person\/image\/\",\"url\":\"https:\/\/secure.gravatar.com\/avatar\/70f8b575525c369952d0b7a7cdfa779b?s=96&d=mm&r=g\",\"contentUrl\":\"https:\/\/secure.gravatar.com\/avatar\/70f8b575525c369952d0b7a7cdfa779b?s=96&d=mm&r=g\",\"caption\":\"Jan \u0160m\u00edd\"},\"sameAs\":[\"http:\/\/SNEHOVYSERVIS.cz\"],\"url\":\"https:\/\/snehovyservis.cz\/index.php\/author\/sjan\/\"}]}<\/script>\n<!-- \/ Yoast SEO plugin. -->","yoast_head_json":{"title":"Banff Mountain Film Festival m\u00ed\u0159\u00ed do \u0160pindlerova Ml\u00fdna! Za\u017eijte nejv\u011bt\u0161\u00ed outdoorovou show v centru Krkono\u0161 - Sn\u011bhov\u00fdServis.cz","description":"\u0160pindler\u016fv Ml\u00fdn se op\u011bt stane m\u00edstem, kde se setk\u00e1 l\u00e1ska k hor\u00e1m, dobrodru\u017en\u00e9 p\u0159\u00edb\u011bhy a energie t\u011bch nejlep\u0161\u00edch outdoorov\u00fdch film\u016f sou\u010dasnosti.","robots":{"index":"index","follow":"follow","max-snippet":"max-snippet:-1","max-image-preview":"max-image-preview:large","max-video-preview":"max-video-preview:-1"},"canonical":"https:\/\/snehovyservis.cz\/index.php\/akce\/banff-mountain-film-festival-miri-do-spindlerova-mlyna-zazijte-nejvetsi-outdoorovou-show-v-centru-krkonos\/","og_locale":"cs_CZ","og_type":"article","og_title":"Banff Mountain Film Festival m\u00ed\u0159\u00ed do \u0160pindlerova Ml\u00fdna! Za\u017eijte nejv\u011bt\u0161\u00ed outdoorovou show v centru Krkono\u0161 - Sn\u011bhov\u00fdServis.cz","og_description":"\u0160pindler\u016fv Ml\u00fdn se op\u011bt stane m\u00edstem, kde se setk\u00e1 l\u00e1ska k hor\u00e1m, dobrodru\u017en\u00e9 p\u0159\u00edb\u011bhy a energie t\u011bch nejlep\u0161\u00edch outdoorov\u00fdch film\u016f sou\u010dasnosti.","og_url":"https:\/\/snehovyservis.cz\/index.php\/akce\/banff-mountain-film-festival-miri-do-spindlerova-mlyna-zazijte-nejvetsi-outdoorovou-show-v-centru-krkonos\/","og_site_name":"Sn\u011bhov\u00fdServis.cz","article_published_time":"2025-12-03T23:07:00+00:00","article_modified_time":"2025-12-04T02:10:42+00:00","og_image":[{"width":1200,"height":628,"url":"https:\/\/snehovyservis.cz\/wp-content\/uploads\/2025\/12\/571126918_1379686790829859_7480691509429533353_n.jpg","type":"image\/jpeg"}],"author":"Jan \u0160m\u00edd","twitter_card":"summary_large_image","twitter_misc":{"Napsal(a)":"Jan \u0160m\u00edd","Odhadovan\u00e1 doba \u010dten\u00ed":"3 minuty"},"schema":{"@context":"https:\/\/schema.org","@graph":[{"@type":"Article","@id":"https:\/\/snehovyservis.cz\/index.php\/akce\/banff-mountain-film-festival-miri-do-spindlerova-mlyna-zazijte-nejvetsi-outdoorovou-show-v-centru-krkonos\/#article","isPartOf":{"@id":"https:\/\/snehovyservis.cz\/index.php\/akce\/banff-mountain-film-festival-miri-do-spindlerova-mlyna-zazijte-nejvetsi-outdoorovou-show-v-centru-krkonos\/"},"author":{"name":"Jan \u0160m\u00edd","@id":"https:\/\/snehovyservis.cz\/#\/schema\/person\/d588d85afe8e4b52319ab75b79926897"},"headline":"Banff Mountain Film Festival m\u00ed\u0159\u00ed do \u0160pindlerova Ml\u00fdna! Za\u017eijte nejv\u011bt\u0161\u00ed outdoorovou show v centru Krkono\u0161","datePublished":"2025-12-03T23:07:00+00:00","dateModified":"2025-12-04T02:10:42+00:00","mainEntityOfPage":{"@id":"https:\/\/snehovyservis.cz\/index.php\/akce\/banff-mountain-film-festival-miri-do-spindlerova-mlyna-zazijte-nejvetsi-outdoorovou-show-v-centru-krkonos\/"},"wordCount":407,"publisher":{"@id":"https:\/\/snehovyservis.cz\/#organization"},"articleSection":["AKCE","KRKONO\u0160E","NEWS","\u0160PINDLER\u016eV ML\u00ddN"],"inLanguage":"cs"},{"@type":"WebPage","@id":"https:\/\/snehovyservis.cz\/index.php\/akce\/banff-mountain-film-festival-miri-do-spindlerova-mlyna-zazijte-nejvetsi-outdoorovou-show-v-centru-krkonos\/","url":"https:\/\/snehovyservis.cz\/index.php\/akce\/banff-mountain-film-festival-miri-do-spindlerova-mlyna-zazijte-nejvetsi-outdoorovou-show-v-centru-krkonos\/","name":"Banff Mountain Film Festival m\u00ed\u0159\u00ed do \u0160pindlerova Ml\u00fdna! Za\u017eijte nejv\u011bt\u0161\u00ed outdoorovou show v centru Krkono\u0161 - Sn\u011bhov\u00fdServis.cz","isPartOf":{"@id":"https:\/\/snehovyservis.cz\/#website"},"datePublished":"2025-12-03T23:07:00+00:00","dateModified":"2025-12-04T02:10:42+00:00","description":"\u0160pindler\u016fv Ml\u00fdn se op\u011bt stane m\u00edstem, kde se setk\u00e1 l\u00e1ska k hor\u00e1m, dobrodru\u017en\u00e9 p\u0159\u00edb\u011bhy a energie t\u011bch nejlep\u0161\u00edch outdoorov\u00fdch film\u016f sou\u010dasnosti.","breadcrumb":{"@id":"https:\/\/snehovyservis.cz\/index.php\/akce\/banff-mountain-film-festival-miri-do-spindlerova-mlyna-zazijte-nejvetsi-outdoorovou-show-v-centru-krkonos\/#breadcrumb"},"inLanguage":"cs","potentialAction":[{"@type":"ReadAction","target":["https:\/\/snehovyservis.cz\/index.php\/akce\/banff-mountain-film-festival-miri-do-spindlerova-mlyna-zazijte-nejvetsi-outdoorovou-show-v-centru-krkonos\/"]}]},{"@type":"BreadcrumbList","@id":"https:\/\/snehovyservis.cz\/index.php\/akce\/banff-mountain-film-festival-miri-do-spindlerova-mlyna-zazijte-nejvetsi-outdoorovou-show-v-centru-krkonos\/#breadcrumb","itemListElement":[{"@type":"ListItem","position":1,"name":"Dom\u016f","item":"https:\/\/snehovyservis.cz\/"},{"@type":"ListItem","position":2,"name":"Banff Mountain Film Festival m\u00ed\u0159\u00ed do \u0160pindlerova Ml\u00fdna! Za\u017eijte nejv\u011bt\u0161\u00ed outdoorovou show v centru Krkono\u0161"}]},{"@type":"WebSite","@id":"https:\/\/snehovyservis.cz\/#website","url":"https:\/\/snehovyservis.cz\/","name":"Sn\u011bhov\u00fdServis.cz","description":"Nejaktu\u00e1ln\u011bj\u0161\u00ed sn\u011bhov\u00e9 a ly\u017ea\u0159sk\u00e9 zpravodajstv\u00ed","publisher":{"@id":"https:\/\/snehovyservis.cz\/#organization"},"potentialAction":[{"@type":"SearchAction","target":{"@type":"EntryPoint","urlTemplate":"https:\/\/snehovyservis.cz\/?s={search_term_string}"},"query-input":"required name=search_term_string"}],"inLanguage":"cs"},{"@type":"Organization","@id":"https:\/\/snehovyservis.cz\/#organization","name":"Sn\u011bhov\u00fdServis.cz","url":"https:\/\/snehovyservis.cz\/","logo":{"@type":"ImageObject","inLanguage":"cs","@id":"https:\/\/snehovyservis.cz\/#\/schema\/logo\/image\/","url":"https:\/\/snehovyservis.cz\/wp-content\/uploads\/2024\/12\/cropped-Logo_Snehovy-Servis.jpg","contentUrl":"https:\/\/snehovyservis.cz\/wp-content\/uploads\/2024\/12\/cropped-Logo_Snehovy-Servis.jpg","width":290,"height":154,"caption":"Sn\u011bhov\u00fdServis.cz"},"image":{"@id":"https:\/\/snehovyservis.cz\/#\/schema\/logo\/image\/"}},{"@type":"Person","@id":"https:\/\/snehovyservis.cz\/#\/schema\/person\/d588d85afe8e4b52319ab75b79926897","name":"Jan \u0160m\u00edd","image":{"@type":"ImageObject","inLanguage":"cs","@id":"https:\/\/snehovyservis.cz\/#\/schema\/person\/image\/","url":"https:\/\/secure.gravatar.com\/avatar\/70f8b575525c369952d0b7a7cdfa779b?s=96&d=mm&r=g","contentUrl":"https:\/\/secure.gravatar.com\/avatar\/70f8b575525c369952d0b7a7cdfa779b?s=96&d=mm&r=g","caption":"Jan \u0160m\u00edd"},"sameAs":["http:\/\/SNEHOVYSERVIS.cz"],"url":"https:\/\/snehovyservis.cz\/index.php\/author\/sjan\/"}]}},"_links":{"self":[{"href":"https:\/\/snehovyservis.cz\/index.php\/wp-json\/wp\/v2\/posts\/1254"}],"collection":[{"href":"https:\/\/snehovyservis.cz\/index.php\/wp-json\/wp\/v2\/posts"}],"about":[{"href":"https:\/\/snehovyservis.cz\/index.php\/wp-json\/wp\/v2\/types\/post"}],"author":[{"embeddable":true,"href":"https:\/\/snehovyservis.cz\/index.php\/wp-json\/wp\/v2\/users\/6"}],"replies":[{"embeddable":true,"href":"https:\/\/snehovyservis.cz\/index.php\/wp-json\/wp\/v2\/comments?post=1254"}],"version-history":[{"count":1,"href":"https:\/\/snehovyservis.cz\/index.php\/wp-json\/wp\/v2\/posts\/1254\/revisions"}],"predecessor-version":[{"id":1256,"href":"https:\/\/snehovyservis.cz\/index.php\/wp-json\/wp\/v2\/posts\/1254\/revisions\/1256"}],"wp:featuredmedia":[{"embeddable":true,"href":"https:\/\/snehovyservis.cz\/index.php\/wp-json\/wp\/v2\/media\/1255"}],"wp:attachment":[{"href":"https:\/\/snehovyservis.cz\/index.php\/wp-json\/wp\/v2\/media?parent=1254"}],"wp:term":[{"taxonomy":"category","embeddable":true,"href":"https:\/\/snehovyservis.cz\/index.php\/wp-json\/wp\/v2\/categories?post=1254"},{"taxonomy":"post_tag","embeddable":true,"href":"https:\/\/snehovyservis.cz\/index.php\/wp-json\/wp\/v2\/tags?post=1254"}],"curies":[{"name":"wp","href":"https:\/\/api.w.org\/{rel}","templated":true}]}}