{"id":1251,"date":"2025-12-08T00:01:00","date_gmt":"2025-12-07T23:01:00","guid":{"rendered":"https:\/\/snehovyservis.cz\/?p=1251"},"modified":"2025-12-08T00:26:49","modified_gmt":"2025-12-07T23:26:49","slug":"zmeny-v-zimni-doprave-ve-spindlerove-mlyne-co-vas-ceka-v-sezone-2025-26","status":"publish","type":"post","link":"https:\/\/snehovyservis.cz\/index.php\/spindleruv-mlyn\/zmeny-v-zimni-doprave-ve-spindlerove-mlyne-co-vas-ceka-v-sezone-2025-26\/","title":{"rendered":"Zm\u011bny v zimn\u00ed doprav\u011b ve \u0160pindlerov\u011b Ml\u00fdn\u011b: Co v\u00e1s \u010dek\u00e1 v sez\u00f3n\u011b 2025\/26"},"content":{"rendered":"\n<div style=\"height:44px\" aria-hidden=\"true\" class=\"wp-block-spacer\"><\/div>\n\n\n\n<p class=\"has-medium-font-size\">Zimn\u00ed sez\u00f3na ve <strong>\u0160pindlerov\u011b Ml\u00fdn\u011b<\/strong>, jednom z nejnav\u0161t\u011bvovan\u011bj\u0161\u00edch m\u00edst <strong><a href=\"https:\/\/centrumkrkonos.cz\/\">Centra Krkono\u0161<\/a><\/strong>, se rychle bl\u00ed\u017e\u00ed. A spolu s n\u00ed p\u0159ich\u00e1z\u00ed i d\u016fle\u017eit\u00e9 dopravn\u00ed \u00fapravy, kter\u00e9 maj\u00ed zajistit plynulej\u0161\u00ed p\u0159\u00edjezdy, m\u00e9n\u011b kolon a bezpe\u010dn\u011bj\u0161\u00ed pohyb po m\u011bst\u011b. Pokud se do <strong><a href=\"https:\/\/vcentru.cz\/podcast\/podcast-v-centru-spindlu\/\">centra \u0160pindlu<\/a><\/strong> chyst\u00e1te autem, vyplat\u00ed se v\u011bd\u011bt, co je letos jinak.<\/p>\n\n\n\n<div style=\"height:44px\" aria-hidden=\"true\" class=\"wp-block-spacer\"><\/div>\n\n\n\n<figure class=\"wp-block-gallery has-nested-images columns-default is-cropped wp-block-gallery-1 is-layout-flex wp-block-gallery-is-layout-flex\">\n<figure class=\"wp-block-image size-large\"><img decoding=\"async\" data-id=\"4192\" src=\"https:\/\/spindleruvmlyn.cz\/wp-content\/uploads\/2025\/12\/586920283_1434950855300494_5913743252723105544_n-768x1024.jpg\" alt=\"Zm\u011bny v zimn\u00ed doprav\u011b ve \u0160pindlerov\u011b Ml\u00fdn\u011b: Co v\u00e1s \u010dek\u00e1 v sez\u00f3n\u011b 2025\/26\" class=\"wp-image-4192\"\/><\/figure>\n\n\n\n<figure class=\"wp-block-image size-large\"><img decoding=\"async\" data-id=\"4190\" src=\"https:\/\/spindleruvmlyn.cz\/wp-content\/uploads\/2025\/12\/586948084_1434950838633829_3169804373570952754_n-819x1024.jpg\" alt=\"Zm\u011bny v zimn\u00ed doprav\u011b ve \u0160pindlerov\u011b Ml\u00fdn\u011b: Co v\u00e1s \u010dek\u00e1 v sez\u00f3n\u011b 2025\/26\" class=\"wp-image-4190\"\/><\/figure>\n<\/figure>\n\n\n\n<div style=\"height:44px\" aria-hidden=\"true\" class=\"wp-block-spacer\"><\/div>\n\n\n\n<h2 class=\"wp-block-heading\">Nov\u00fd n\u00e1jezd na parkovi\u0161t\u011b P2 u Hromovky<\/h2>\n\n\n\n<div style=\"height:44px\" aria-hidden=\"true\" class=\"wp-block-spacer\"><\/div>\n\n\n\n<p class=\"has-medium-font-size\">Nejv\u011bt\u0161\u00ed novinkou je zm\u011bna p\u0159\u00edjezdu na kl\u00ed\u010dov\u00e9 parkovi\u0161t\u011b <strong>P2 u Hromovky<\/strong>, kter\u00e9 pat\u0159\u00ed mezi nejvyt\u00ed\u017een\u011bj\u0161\u00ed <strong><a href=\"https:\/\/spindleruvmlyn.cz\/\">ve \u0160pindlerov\u011b Ml\u00fdn\u011b<\/a><\/strong>. Nov\u011b se na parkovi\u0161t\u011b naj\u00ed\u017ed\u00ed <strong>a\u017e za \u010derpac\u00ed stanic\u00ed Orlen<\/strong>, kde vznikly <strong>dva nov\u00e9 vjezdy<\/strong> a <strong>jeden v\u00fdjezd<\/strong>. Tato \u00faprava m\u00e1 pomoci odbavit v\u00edce automobil\u016f bez zbyte\u010dn\u00e9ho \u010dek\u00e1n\u00ed a zv\u00fd\u0161it plynulost dopravy v exponovan\u00fdch \u010dasech.<\/p>\n\n\n\n<p class=\"has-medium-font-size\">Dosavadn\u00ed n\u00e1jezd p\u0159\u00edmo z hlavn\u00ed silnice u\u017e \u0159idi\u010di vyu\u017eij\u00ed jen jako <strong>v\u00fdjezd<\/strong>.<\/p>\n\n\n\n<div style=\"height:44px\" aria-hidden=\"true\" class=\"wp-block-spacer\"><\/div>\n\n\n\n<h2 class=\"wp-block-heading\">Parkov\u00e1n\u00ed pod\u00e9l p\u0159\u00edjezdov\u00e9 komunikace<\/h2>\n\n\n\n<div style=\"height:44px\" aria-hidden=\"true\" class=\"wp-block-spacer\"><\/div>\n\n\n\n<p class=\"has-medium-font-size\">Ve \u0161pi\u010dkov\u00fdch dnech, kdy se \u0160pindler\u016fv Ml\u00fdn tradi\u010dn\u011b pln\u00ed n\u00e1v\u0161t\u011bvn\u00edky, bude mo\u017en\u00e9 nov\u011b <strong>parkovat tak\u00e9 pod\u00e9l p\u0159\u00edjezdov\u00e9 komunikace<\/strong>, pokud budou standardn\u00ed odstavn\u00e9 plochy pln\u00e9. M\u011bsto tak reaguje na dlouhodob\u011b problematickou kapacitu parkov\u00e1n\u00ed ve chv\u00edl\u00edch, kdy p\u0159ij\u00ed\u017ed\u00ed nejv\u00edce ly\u017ea\u0159\u016f.<\/p>\n\n\n\n<div style=\"height:44px\" aria-hidden=\"true\" class=\"wp-block-spacer\"><\/div>\n\n\n<div class=\"wp-block-image is-resized\">\n<figure class=\"aligncenter size-large\"><img decoding=\"async\" src=\"https:\/\/spindleruvmlyn.cz\/wp-content\/uploads\/2025\/12\/588426769_1434950848633828_8733990487564685382_n-768x1024.jpg\" alt=\"Zm\u011bny v zimn\u00ed doprav\u011b ve \u0160pindlerov\u011b Ml\u00fdn\u011b: Co v\u00e1s \u010dek\u00e1 v sez\u00f3n\u011b 2025\/26\" class=\"wp-image-4193\"\/><\/figure><\/div>\n\n\n<div style=\"height:44px\" aria-hidden=\"true\" class=\"wp-block-spacer\"><\/div>\n\n\n\n<h2 class=\"wp-block-heading\">Parkov\u00e1n\u00ed u lanovek zdarma i v zim\u011b 2025\/26<\/h2>\n\n\n\n<div style=\"height:44px\" aria-hidden=\"true\" class=\"wp-block-spacer\"><\/div>\n\n\n\n<p class=\"has-medium-font-size\">Skv\u011blou zpr\u00e1vou pro v\u0161echny n\u00e1v\u0161t\u011bvn\u00edky je, \u017ee <strong>parkovi\u0161t\u011b u lanovek z\u016fst\u00e1vaj\u00ed i tuto sez\u00f3nu zdarma<\/strong>. Zimn\u00ed n\u00e1v\u0161t\u011bva \u0160pindlu tak bude op\u011bt o n\u011bco p\u0159\u00edjemn\u011bj\u0161\u00ed, a\u0165 u\u017e m\u00ed\u0159\u00edte na svah hned r\u00e1no, nebo si chcete u\u017e\u00edt den v <strong>Centru Krkono\u0161<\/strong>.<\/p>\n\n\n\n<p class=\"has-medium-font-size\">Naopak ostatn\u00ed m\u011bstsk\u00e1 parkovi\u0161t\u011b jsou standardn\u011b zpoplatn\u011bna, ale jejich \u00fahrada je snadn\u00e1 \u2013 zaplat\u00edte je i <strong>p\u0159es aplikaci Easy Park<\/strong>, kter\u00e1 zjednodu\u0161uje cel\u00fd proces.<\/p>\n\n\n\n<div style=\"height:44px\" aria-hidden=\"true\" class=\"wp-block-spacer\"><\/div>\n\n\n<div class=\"wp-block-image\">\n<figure class=\"aligncenter size-large\"><img decoding=\"async\" src=\"https:\/\/spindleruvmlyn.cz\/wp-content\/uploads\/2025\/12\/587316947_1434950851967161_4159756904151493484_n-1024x759.jpg\" alt=\"Zm\u011bny v zimn\u00ed doprav\u011b ve \u0160pindlerov\u011b Ml\u00fdn\u011b: Co v\u00e1s \u010dek\u00e1 v sez\u00f3n\u011b 2025\/26\" class=\"wp-image-4191\"\/><\/figure><\/div>\n\n\n<div style=\"height:44px\" aria-hidden=\"true\" class=\"wp-block-spacer\"><\/div>\n\n\n\n<h2 class=\"wp-block-heading\">Reakce na dlouhodob\u00e9 dopravn\u00ed komplikace<\/h2>\n\n\n\n<div style=\"height:44px\" aria-hidden=\"true\" class=\"wp-block-spacer\"><\/div>\n\n\n\n<p class=\"has-medium-font-size\">\u00dapravy nejsou n\u00e1hodn\u00e9. M\u011bsto reaguje na m\u00edsto, kde se tradi\u010dn\u011b setk\u00e1valy proudy aut p\u0159ij\u00ed\u017ed\u011bj\u00edc\u00edch <strong><a href=\"https:\/\/centrumkrkonos.cz\/category\/vrchlabi\/\">z Vrchlab\u00ed<\/a><\/strong> i <strong><a href=\"https:\/\/vcentru.cz\/podcast\/podcast-v-centru-spindlu\/\">z centra \u0160pindlerova Ml\u00fdna<\/a><\/strong>. Zvl\u00e1\u0161\u0165 v rann\u00edch p\u0159\u00edjezdech ly\u017ea\u0159\u016f zde vznikaly kolony. Nov\u00e9 dopravn\u00ed \u0159e\u0161en\u00ed m\u00e1 tato \u00fazk\u00e1 hrdla odbourat a poskytnout bezpe\u010dn\u011bj\u0161\u00ed a plynulej\u0161\u00ed pr\u016fjezd.<\/p>\n\n\n\n<div style=\"height:11px\" aria-hidden=\"true\" class=\"wp-block-spacer\"><\/div>\n\n\n\n<p class=\"has-medium-font-size\"><strong>D\u011bkujeme v\u0161em \u0159idi\u010d\u016fm, kte\u0159\u00ed budou respektovat nov\u00e9 dopravn\u00ed zna\u010den\u00ed. Spole\u010dn\u011b tak m\u016f\u017eeme zajistit, aby byla doprava ve \u0160pindlu b\u011bhem zimn\u00ed sez\u00f3ny plynul\u00e1, bezpe\u010dn\u00e1 a komfortn\u00ed.<\/strong><\/p>\n\n\n\n<div style=\"height:100px\" aria-hidden=\"true\" class=\"wp-block-spacer\"><\/div>\n\n\n\n<figure class=\"wp-block-gallery has-nested-images columns-2 is-cropped wp-block-gallery-3 is-layout-flex wp-block-gallery-is-layout-flex\">\n<figure class=\"wp-block-image size-large\"><img decoding=\"async\" data-id=\"4190\" src=\"https:\/\/spindleruvmlyn.cz\/wp-content\/uploads\/2025\/12\/586948084_1434950838633829_3169804373570952754_n-819x1024.jpg\" alt=\"Zm\u011bny v zimn\u00ed doprav\u011b ve \u0160pindlerov\u011b Ml\u00fdn\u011b: Co v\u00e1s \u010dek\u00e1 v sez\u00f3n\u011b 2025\/26\" class=\"wp-image-4190\"\/><\/figure>\n\n\n\n<figure class=\"wp-block-image size-large\"><img decoding=\"async\" data-id=\"4192\" src=\"https:\/\/spindleruvmlyn.cz\/wp-content\/uploads\/2025\/12\/586920283_1434950855300494_5913743252723105544_n-768x1024.jpg\" alt=\"Zm\u011bny v zimn\u00ed doprav\u011b ve \u0160pindlerov\u011b Ml\u00fdn\u011b: Co v\u00e1s \u010dek\u00e1 v sez\u00f3n\u011b 2025\/26\" class=\"wp-image-4192\"\/><\/figure>\n\n\n\n<figure class=\"wp-block-image size-large\"><img decoding=\"async\" data-id=\"4193\" src=\"https:\/\/spindleruvmlyn.cz\/wp-content\/uploads\/2025\/12\/588426769_1434950848633828_8733990487564685382_n-768x1024.jpg\" alt=\"Zm\u011bny v zimn\u00ed doprav\u011b ve \u0160pindlerov\u011b Ml\u00fdn\u011b: Co v\u00e1s \u010dek\u00e1 v sez\u00f3n\u011b 2025\/26\" class=\"wp-image-4193\"\/><\/figure>\n\n\n\n<figure class=\"wp-block-image size-large\"><img decoding=\"async\" data-id=\"4191\" src=\"https:\/\/spindleruvmlyn.cz\/wp-content\/uploads\/2025\/12\/587316947_1434950851967161_4159756904151493484_n-1024x759.jpg\" alt=\"Zm\u011bny v zimn\u00ed doprav\u011b ve \u0160pindlerov\u011b Ml\u00fdn\u011b: Co v\u00e1s \u010dek\u00e1 v sez\u00f3n\u011b 2025\/26\" class=\"wp-image-4191\"\/><\/figure>\n\n\n\n<figure class=\"wp-block-image size-large\"><img decoding=\"async\" data-id=\"4194\" src=\"https:\/\/spindleruvmlyn.cz\/wp-content\/uploads\/2025\/12\/587329555_1434950835300496_5512818930527080572_n-1024x771.jpg\" alt=\"Zm\u011bny v zimn\u00ed doprav\u011b ve \u0160pindlerov\u011b Ml\u00fdn\u011b: Co v\u00e1s \u010dek\u00e1 v sez\u00f3n\u011b 2025\/26\" class=\"wp-image-4194\"\/><\/figure>\n<\/figure>\n\n\n\n<div style=\"height:31px\" aria-hidden=\"true\" class=\"wp-block-spacer\"><\/div>\n\n\n\n<p><strong>Zdroj foto:<\/strong> Skiare\u00e1l \u0160pindler\u016fv Ml\u00fdn, M\u011bsto \u0160pindler\u016fv Ml\u00fdn<\/p>\n\n\n\n<div style=\"height:100px\" aria-hidden=\"true\" class=\"wp-block-spacer\"><\/div>\n","protected":false},"excerpt":{"rendered":"<p>Zm\u011bny v zimn\u00ed doprav\u011b ve \u0160pindlerov\u011b Ml\u00fdn\u011b: Co v\u00e1s \u010dek\u00e1 v sez\u00f3n\u011b 2025\/26<\/p>\n","protected":false},"author":6,"featured_media":1252,"comment_status":"closed","ping_status":"closed","sticky":false,"template":"","format":"standard","meta":{"_mi_skip_tracking":false,"_monsterinsights_sitenote_active":false,"_monsterinsights_sitenote_note":"","_monsterinsights_sitenote_category":0,"footnotes":""},"categories":[25,1,16,27,24],"tags":[],"yoast_head":"<!-- This site is optimized with the Yoast SEO plugin v21.5 - https:\/\/yoast.com\/wordpress\/plugins\/seo\/ -->\n<title>Zm\u011bny v zimn\u00ed doprav\u011b ve \u0160pindlerov\u011b Ml\u00fdn\u011b: Co v\u00e1s \u010dek\u00e1 v sez\u00f3n\u011b 2025\/26 - Sn\u011bhov\u00fdServis.cz<\/title>\n<meta name=\"description\" content=\"Zm\u011bny v zimn\u00ed doprav\u011b ve \u0160pindlerov\u011b Ml\u00fdn\u011b: Zimn\u00ed sez\u00f3na v jednom z nejnav\u0161t\u011bvovan\u011bj\u0161\u00edch m\u00edst Centra Krkono\u0161, se rychle bl\u00ed\u017e\u00ed.\" \/>\n<meta name=\"robots\" content=\"index, follow, max-snippet:-1, max-image-preview:large, max-video-preview:-1\" \/>\n<link rel=\"canonical\" href=\"https:\/\/snehovyservis.cz\/index.php\/news\/zmeny-v-zimni-doprave-ve-spindlerove-mlyne-co-vas-ceka-v-sezone-2025-26\/\" \/>\n<meta property=\"og:locale\" content=\"cs_CZ\" \/>\n<meta property=\"og:type\" content=\"article\" \/>\n<meta property=\"og:title\" content=\"Zm\u011bny v zimn\u00ed doprav\u011b ve \u0160pindlerov\u011b Ml\u00fdn\u011b: Co v\u00e1s \u010dek\u00e1 v sez\u00f3n\u011b 2025\/26 - Sn\u011bhov\u00fdServis.cz\" \/>\n<meta property=\"og:description\" content=\"Zm\u011bny v zimn\u00ed doprav\u011b ve \u0160pindlerov\u011b Ml\u00fdn\u011b: Zimn\u00ed sez\u00f3na v jednom z nejnav\u0161t\u011bvovan\u011bj\u0161\u00edch m\u00edst Centra Krkono\u0161, se rychle bl\u00ed\u017e\u00ed.\" \/>\n<meta property=\"og:url\" content=\"https:\/\/snehovyservis.cz\/index.php\/news\/zmeny-v-zimni-doprave-ve-spindlerove-mlyne-co-vas-ceka-v-sezone-2025-26\/\" \/>\n<meta property=\"og:site_name\" content=\"Sn\u011bhov\u00fdServis.cz\" \/>\n<meta property=\"article:published_time\" content=\"2025-12-07T23:01:00+00:00\" \/>\n<meta property=\"article:modified_time\" content=\"2025-12-07T23:26:49+00:00\" \/>\n<meta property=\"og:image\" content=\"https:\/\/snehovyservis.cz\/wp-content\/uploads\/2025\/12\/587329555_1434950835300496_5512818930527080572_n.jpg\" \/>\n\t<meta property=\"og:image:width\" content=\"1440\" \/>\n\t<meta property=\"og:image:height\" content=\"1084\" \/>\n\t<meta property=\"og:image:type\" content=\"image\/jpeg\" \/>\n<meta name=\"author\" content=\"Jan \u0160m\u00edd\" \/>\n<meta name=\"twitter:card\" content=\"summary_large_image\" \/>\n<meta name=\"twitter:label1\" content=\"Napsal(a)\" \/>\n\t<meta name=\"twitter:data1\" content=\"Jan \u0160m\u00edd\" \/>\n\t<meta name=\"twitter:label2\" content=\"Odhadovan\u00e1 doba \u010dten\u00ed\" \/>\n\t<meta name=\"twitter:data2\" content=\"4 minuty\" \/>\n<script type=\"application\/ld+json\" class=\"yoast-schema-graph\">{\"@context\":\"https:\/\/schema.org\",\"@graph\":[{\"@type\":\"Article\",\"@id\":\"https:\/\/snehovyservis.cz\/index.php\/news\/zmeny-v-zimni-doprave-ve-spindlerove-mlyne-co-vas-ceka-v-sezone-2025-26\/#article\",\"isPartOf\":{\"@id\":\"https:\/\/snehovyservis.cz\/index.php\/news\/zmeny-v-zimni-doprave-ve-spindlerove-mlyne-co-vas-ceka-v-sezone-2025-26\/\"},\"author\":{\"name\":\"Jan \u0160m\u00edd\",\"@id\":\"https:\/\/snehovyservis.cz\/#\/schema\/person\/d588d85afe8e4b52319ab75b79926897\"},\"headline\":\"Zm\u011bny v zimn\u00ed doprav\u011b ve \u0160pindlerov\u011b Ml\u00fdn\u011b: Co v\u00e1s \u010dek\u00e1 v sez\u00f3n\u011b 2025\/26\",\"datePublished\":\"2025-12-07T23:01:00+00:00\",\"dateModified\":\"2025-12-07T23:26:49+00:00\",\"mainEntityOfPage\":{\"@id\":\"https:\/\/snehovyservis.cz\/index.php\/news\/zmeny-v-zimni-doprave-ve-spindlerove-mlyne-co-vas-ceka-v-sezone-2025-26\/\"},\"wordCount\":457,\"publisher\":{\"@id\":\"https:\/\/snehovyservis.cz\/#organization\"},\"articleSection\":[\"KRKONO\u0160E\",\"NEWS\",\"RADY &amp; TIPY\",\"SLU\u017dBY\",\"\u0160PINDLER\u016eV ML\u00ddN\"],\"inLanguage\":\"cs\"},{\"@type\":\"WebPage\",\"@id\":\"https:\/\/snehovyservis.cz\/index.php\/news\/zmeny-v-zimni-doprave-ve-spindlerove-mlyne-co-vas-ceka-v-sezone-2025-26\/\",\"url\":\"https:\/\/snehovyservis.cz\/index.php\/news\/zmeny-v-zimni-doprave-ve-spindlerove-mlyne-co-vas-ceka-v-sezone-2025-26\/\",\"name\":\"Zm\u011bny v zimn\u00ed doprav\u011b ve \u0160pindlerov\u011b Ml\u00fdn\u011b: Co v\u00e1s \u010dek\u00e1 v sez\u00f3n\u011b 2025\/26 - Sn\u011bhov\u00fdServis.cz\",\"isPartOf\":{\"@id\":\"https:\/\/snehovyservis.cz\/#website\"},\"datePublished\":\"2025-12-07T23:01:00+00:00\",\"dateModified\":\"2025-12-07T23:26:49+00:00\",\"description\":\"Zm\u011bny v zimn\u00ed doprav\u011b ve \u0160pindlerov\u011b Ml\u00fdn\u011b: Zimn\u00ed sez\u00f3na v jednom z nejnav\u0161t\u011bvovan\u011bj\u0161\u00edch m\u00edst Centra Krkono\u0161, se rychle bl\u00ed\u017e\u00ed.\",\"breadcrumb\":{\"@id\":\"https:\/\/snehovyservis.cz\/index.php\/news\/zmeny-v-zimni-doprave-ve-spindlerove-mlyne-co-vas-ceka-v-sezone-2025-26\/#breadcrumb\"},\"inLanguage\":\"cs\",\"potentialAction\":[{\"@type\":\"ReadAction\",\"target\":[\"https:\/\/snehovyservis.cz\/index.php\/news\/zmeny-v-zimni-doprave-ve-spindlerove-mlyne-co-vas-ceka-v-sezone-2025-26\/\"]}]},{\"@type\":\"BreadcrumbList\",\"@id\":\"https:\/\/snehovyservis.cz\/index.php\/news\/zmeny-v-zimni-doprave-ve-spindlerove-mlyne-co-vas-ceka-v-sezone-2025-26\/#breadcrumb\",\"itemListElement\":[{\"@type\":\"ListItem\",\"position\":1,\"name\":\"Dom\u016f\",\"item\":\"https:\/\/snehovyservis.cz\/\"},{\"@type\":\"ListItem\",\"position\":2,\"name\":\"Zm\u011bny v zimn\u00ed doprav\u011b ve \u0160pindlerov\u011b Ml\u00fdn\u011b: Co v\u00e1s \u010dek\u00e1 v sez\u00f3n\u011b 2025\/26\"}]},{\"@type\":\"WebSite\",\"@id\":\"https:\/\/snehovyservis.cz\/#website\",\"url\":\"https:\/\/snehovyservis.cz\/\",\"name\":\"Sn\u011bhov\u00fdServis.cz\",\"description\":\"Nejaktu\u00e1ln\u011bj\u0161\u00ed sn\u011bhov\u00e9 a ly\u017ea\u0159sk\u00e9 zpravodajstv\u00ed\",\"publisher\":{\"@id\":\"https:\/\/snehovyservis.cz\/#organization\"},\"potentialAction\":[{\"@type\":\"SearchAction\",\"target\":{\"@type\":\"EntryPoint\",\"urlTemplate\":\"https:\/\/snehovyservis.cz\/?s={search_term_string}\"},\"query-input\":\"required name=search_term_string\"}],\"inLanguage\":\"cs\"},{\"@type\":\"Organization\",\"@id\":\"https:\/\/snehovyservis.cz\/#organization\",\"name\":\"Sn\u011bhov\u00fdServis.cz\",\"url\":\"https:\/\/snehovyservis.cz\/\",\"logo\":{\"@type\":\"ImageObject\",\"inLanguage\":\"cs\",\"@id\":\"https:\/\/snehovyservis.cz\/#\/schema\/logo\/image\/\",\"url\":\"https:\/\/snehovyservis.cz\/wp-content\/uploads\/2024\/12\/cropped-Logo_Snehovy-Servis.jpg\",\"contentUrl\":\"https:\/\/snehovyservis.cz\/wp-content\/uploads\/2024\/12\/cropped-Logo_Snehovy-Servis.jpg\",\"width\":290,\"height\":154,\"caption\":\"Sn\u011bhov\u00fdServis.cz\"},\"image\":{\"@id\":\"https:\/\/snehovyservis.cz\/#\/schema\/logo\/image\/\"}},{\"@type\":\"Person\",\"@id\":\"https:\/\/snehovyservis.cz\/#\/schema\/person\/d588d85afe8e4b52319ab75b79926897\",\"name\":\"Jan \u0160m\u00edd\",\"image\":{\"@type\":\"ImageObject\",\"inLanguage\":\"cs\",\"@id\":\"https:\/\/snehovyservis.cz\/#\/schema\/person\/image\/\",\"url\":\"https:\/\/secure.gravatar.com\/avatar\/70f8b575525c369952d0b7a7cdfa779b?s=96&d=mm&r=g\",\"contentUrl\":\"https:\/\/secure.gravatar.com\/avatar\/70f8b575525c369952d0b7a7cdfa779b?s=96&d=mm&r=g\",\"caption\":\"Jan \u0160m\u00edd\"},\"sameAs\":[\"http:\/\/SNEHOVYSERVIS.cz\"],\"url\":\"https:\/\/snehovyservis.cz\/index.php\/author\/sjan\/\"}]}<\/script>\n<!-- \/ Yoast SEO plugin. -->","yoast_head_json":{"title":"Zm\u011bny v zimn\u00ed doprav\u011b ve \u0160pindlerov\u011b Ml\u00fdn\u011b: Co v\u00e1s \u010dek\u00e1 v sez\u00f3n\u011b 2025\/26 - Sn\u011bhov\u00fdServis.cz","description":"Zm\u011bny v zimn\u00ed doprav\u011b ve \u0160pindlerov\u011b Ml\u00fdn\u011b: Zimn\u00ed sez\u00f3na v jednom z nejnav\u0161t\u011bvovan\u011bj\u0161\u00edch m\u00edst Centra Krkono\u0161, se rychle bl\u00ed\u017e\u00ed.","robots":{"index":"index","follow":"follow","max-snippet":"max-snippet:-1","max-image-preview":"max-image-preview:large","max-video-preview":"max-video-preview:-1"},"canonical":"https:\/\/snehovyservis.cz\/index.php\/news\/zmeny-v-zimni-doprave-ve-spindlerove-mlyne-co-vas-ceka-v-sezone-2025-26\/","og_locale":"cs_CZ","og_type":"article","og_title":"Zm\u011bny v zimn\u00ed doprav\u011b ve \u0160pindlerov\u011b Ml\u00fdn\u011b: Co v\u00e1s \u010dek\u00e1 v sez\u00f3n\u011b 2025\/26 - Sn\u011bhov\u00fdServis.cz","og_description":"Zm\u011bny v zimn\u00ed doprav\u011b ve \u0160pindlerov\u011b Ml\u00fdn\u011b: Zimn\u00ed sez\u00f3na v jednom z nejnav\u0161t\u011bvovan\u011bj\u0161\u00edch m\u00edst Centra Krkono\u0161, se rychle bl\u00ed\u017e\u00ed.","og_url":"https:\/\/snehovyservis.cz\/index.php\/news\/zmeny-v-zimni-doprave-ve-spindlerove-mlyne-co-vas-ceka-v-sezone-2025-26\/","og_site_name":"Sn\u011bhov\u00fdServis.cz","article_published_time":"2025-12-07T23:01:00+00:00","article_modified_time":"2025-12-07T23:26:49+00:00","og_image":[{"width":1440,"height":1084,"url":"https:\/\/snehovyservis.cz\/wp-content\/uploads\/2025\/12\/587329555_1434950835300496_5512818930527080572_n.jpg","type":"image\/jpeg"}],"author":"Jan \u0160m\u00edd","twitter_card":"summary_large_image","twitter_misc":{"Napsal(a)":"Jan \u0160m\u00edd","Odhadovan\u00e1 doba \u010dten\u00ed":"4 minuty"},"schema":{"@context":"https:\/\/schema.org","@graph":[{"@type":"Article","@id":"https:\/\/snehovyservis.cz\/index.php\/news\/zmeny-v-zimni-doprave-ve-spindlerove-mlyne-co-vas-ceka-v-sezone-2025-26\/#article","isPartOf":{"@id":"https:\/\/snehovyservis.cz\/index.php\/news\/zmeny-v-zimni-doprave-ve-spindlerove-mlyne-co-vas-ceka-v-sezone-2025-26\/"},"author":{"name":"Jan \u0160m\u00edd","@id":"https:\/\/snehovyservis.cz\/#\/schema\/person\/d588d85afe8e4b52319ab75b79926897"},"headline":"Zm\u011bny v zimn\u00ed doprav\u011b ve \u0160pindlerov\u011b Ml\u00fdn\u011b: Co v\u00e1s \u010dek\u00e1 v sez\u00f3n\u011b 2025\/26","datePublished":"2025-12-07T23:01:00+00:00","dateModified":"2025-12-07T23:26:49+00:00","mainEntityOfPage":{"@id":"https:\/\/snehovyservis.cz\/index.php\/news\/zmeny-v-zimni-doprave-ve-spindlerove-mlyne-co-vas-ceka-v-sezone-2025-26\/"},"wordCount":457,"publisher":{"@id":"https:\/\/snehovyservis.cz\/#organization"},"articleSection":["KRKONO\u0160E","NEWS","RADY &amp; TIPY","SLU\u017dBY","\u0160PINDLER\u016eV ML\u00ddN"],"inLanguage":"cs"},{"@type":"WebPage","@id":"https:\/\/snehovyservis.cz\/index.php\/news\/zmeny-v-zimni-doprave-ve-spindlerove-mlyne-co-vas-ceka-v-sezone-2025-26\/","url":"https:\/\/snehovyservis.cz\/index.php\/news\/zmeny-v-zimni-doprave-ve-spindlerove-mlyne-co-vas-ceka-v-sezone-2025-26\/","name":"Zm\u011bny v zimn\u00ed doprav\u011b ve \u0160pindlerov\u011b Ml\u00fdn\u011b: Co v\u00e1s \u010dek\u00e1 v sez\u00f3n\u011b 2025\/26 - Sn\u011bhov\u00fdServis.cz","isPartOf":{"@id":"https:\/\/snehovyservis.cz\/#website"},"datePublished":"2025-12-07T23:01:00+00:00","dateModified":"2025-12-07T23:26:49+00:00","description":"Zm\u011bny v zimn\u00ed doprav\u011b ve \u0160pindlerov\u011b Ml\u00fdn\u011b: Zimn\u00ed sez\u00f3na v jednom z nejnav\u0161t\u011bvovan\u011bj\u0161\u00edch m\u00edst Centra Krkono\u0161, se rychle bl\u00ed\u017e\u00ed.","breadcrumb":{"@id":"https:\/\/snehovyservis.cz\/index.php\/news\/zmeny-v-zimni-doprave-ve-spindlerove-mlyne-co-vas-ceka-v-sezone-2025-26\/#breadcrumb"},"inLanguage":"cs","potentialAction":[{"@type":"ReadAction","target":["https:\/\/snehovyservis.cz\/index.php\/news\/zmeny-v-zimni-doprave-ve-spindlerove-mlyne-co-vas-ceka-v-sezone-2025-26\/"]}]},{"@type":"BreadcrumbList","@id":"https:\/\/snehovyservis.cz\/index.php\/news\/zmeny-v-zimni-doprave-ve-spindlerove-mlyne-co-vas-ceka-v-sezone-2025-26\/#breadcrumb","itemListElement":[{"@type":"ListItem","position":1,"name":"Dom\u016f","item":"https:\/\/snehovyservis.cz\/"},{"@type":"ListItem","position":2,"name":"Zm\u011bny v zimn\u00ed doprav\u011b ve \u0160pindlerov\u011b Ml\u00fdn\u011b: Co v\u00e1s \u010dek\u00e1 v sez\u00f3n\u011b 2025\/26"}]},{"@type":"WebSite","@id":"https:\/\/snehovyservis.cz\/#website","url":"https:\/\/snehovyservis.cz\/","name":"Sn\u011bhov\u00fdServis.cz","description":"Nejaktu\u00e1ln\u011bj\u0161\u00ed sn\u011bhov\u00e9 a ly\u017ea\u0159sk\u00e9 zpravodajstv\u00ed","publisher":{"@id":"https:\/\/snehovyservis.cz\/#organization"},"potentialAction":[{"@type":"SearchAction","target":{"@type":"EntryPoint","urlTemplate":"https:\/\/snehovyservis.cz\/?s={search_term_string}"},"query-input":"required name=search_term_string"}],"inLanguage":"cs"},{"@type":"Organization","@id":"https:\/\/snehovyservis.cz\/#organization","name":"Sn\u011bhov\u00fdServis.cz","url":"https:\/\/snehovyservis.cz\/","logo":{"@type":"ImageObject","inLanguage":"cs","@id":"https:\/\/snehovyservis.cz\/#\/schema\/logo\/image\/","url":"https:\/\/snehovyservis.cz\/wp-content\/uploads\/2024\/12\/cropped-Logo_Snehovy-Servis.jpg","contentUrl":"https:\/\/snehovyservis.cz\/wp-content\/uploads\/2024\/12\/cropped-Logo_Snehovy-Servis.jpg","width":290,"height":154,"caption":"Sn\u011bhov\u00fdServis.cz"},"image":{"@id":"https:\/\/snehovyservis.cz\/#\/schema\/logo\/image\/"}},{"@type":"Person","@id":"https:\/\/snehovyservis.cz\/#\/schema\/person\/d588d85afe8e4b52319ab75b79926897","name":"Jan \u0160m\u00edd","image":{"@type":"ImageObject","inLanguage":"cs","@id":"https:\/\/snehovyservis.cz\/#\/schema\/person\/image\/","url":"https:\/\/secure.gravatar.com\/avatar\/70f8b575525c369952d0b7a7cdfa779b?s=96&d=mm&r=g","contentUrl":"https:\/\/secure.gravatar.com\/avatar\/70f8b575525c369952d0b7a7cdfa779b?s=96&d=mm&r=g","caption":"Jan \u0160m\u00edd"},"sameAs":["http:\/\/SNEHOVYSERVIS.cz"],"url":"https:\/\/snehovyservis.cz\/index.php\/author\/sjan\/"}]}},"_links":{"self":[{"href":"https:\/\/snehovyservis.cz\/index.php\/wp-json\/wp\/v2\/posts\/1251"}],"collection":[{"href":"https:\/\/snehovyservis.cz\/index.php\/wp-json\/wp\/v2\/posts"}],"about":[{"href":"https:\/\/snehovyservis.cz\/index.php\/wp-json\/wp\/v2\/types\/post"}],"author":[{"embeddable":true,"href":"https:\/\/snehovyservis.cz\/index.php\/wp-json\/wp\/v2\/users\/6"}],"replies":[{"embeddable":true,"href":"https:\/\/snehovyservis.cz\/index.php\/wp-json\/wp\/v2\/comments?post=1251"}],"version-history":[{"count":1,"href":"https:\/\/snehovyservis.cz\/index.php\/wp-json\/wp\/v2\/posts\/1251\/revisions"}],"predecessor-version":[{"id":1253,"href":"https:\/\/snehovyservis.cz\/index.php\/wp-json\/wp\/v2\/posts\/1251\/revisions\/1253"}],"wp:featuredmedia":[{"embeddable":true,"href":"https:\/\/snehovyservis.cz\/index.php\/wp-json\/wp\/v2\/media\/1252"}],"wp:attachment":[{"href":"https:\/\/snehovyservis.cz\/index.php\/wp-json\/wp\/v2\/media?parent=1251"}],"wp:term":[{"taxonomy":"category","embeddable":true,"href":"https:\/\/snehovyservis.cz\/index.php\/wp-json\/wp\/v2\/categories?post=1251"},{"taxonomy":"post_tag","embeddable":true,"href":"https:\/\/snehovyservis.cz\/index.php\/wp-json\/wp\/v2\/tags?post=1251"}],"curies":[{"name":"wp","href":"https:\/\/api.w.org\/{rel}","templated":true}]}}