{"id":1230,"date":"2025-07-05T00:01:00","date_gmt":"2025-07-04T22:01:00","guid":{"rendered":"https:\/\/snehovyservis.cz\/?p=1230"},"modified":"2025-07-07T01:13:44","modified_gmt":"2025-07-06T23:13:44","slug":"spindl-unplugged-pokracuje-v-sobotu-5-cervence-zahraje-kyti-atom-v-mestskem-parku","status":"publish","type":"post","link":"https:\/\/snehovyservis.cz\/index.php\/akce\/spindl-unplugged-pokracuje-v-sobotu-5-cervence-zahraje-kyti-atom-v-mestskem-parku\/","title":{"rendered":"\u0160pindl Unplugged pokra\u010duje! V sobotu 5. \u010dervence zahraje Kyti aTom v m\u011bstsk\u00e9m parku"},"content":{"rendered":"\n<div style=\"height:41px\" aria-hidden=\"true\" class=\"wp-block-spacer\"><\/div>\n\n\n\n<h3 class=\"wp-block-heading\">Hudebn\u00ed te\u010dka za dnem pln\u00fdm pohybu, poh\u00e1dek a krkono\u0161sk\u00e9 atmosf\u00e9ry<\/h3>\n\n\n\n<p class=\"has-medium-font-size\">Letn\u00ed soboty ve \u0160pindlerov\u011b Ml\u00fdn\u011b u\u017e tradi\u010dn\u011b pat\u0159\u00ed hudb\u011b. A nejinak tomu bude i letos! V r\u00e1mci <strong><a href=\"https:\/\/www.mestospindleruvmlyn.cz\/spindl-unplugged-2025\">\u0160pindlerovsk\u00e9ho hudebn\u00edho l\u00e9ta s n\u00e1zvem \u0160pindl Unplugged 2025<\/a><\/strong> se ka\u017edou pr\u00e1zdninovou sobotu rozezn\u00ed m\u011bstsk\u00fd park t\u00f3ny akustick\u00fdch koncert\u016f. <\/p>\n\n\n\n<p class=\"has-medium-font-size\">Na p\u00f3diu pod \u0161ir\u00fdm nebem se st\u0159\u00eddaj\u00ed p\u0159edev\u0161\u00edm <strong>lok\u00e1ln\u00ed um\u011blci<\/strong>, kte\u0159\u00ed do srdce Krkono\u0161 p\u0159in\u00e1\u0161ej\u00ed p\u0159\u00edjemnou atmosf\u00e9ru, lehkost a radost z hudby.<\/p>\n\n\n\n<div style=\"height:41px\" aria-hidden=\"true\" class=\"wp-block-spacer\"><\/div>\n\n\n<div class=\"wp-block-image is-resized\">\n<figure class=\"aligncenter size-large\"><img decoding=\"async\" src=\"https:\/\/centrumkrkonos.cz\/wp-content\/uploads\/2025\/07\/514340343_1302614798534101_5602925285084922751_n-819x1024.jpg\" alt=\"\u0160pindl Unplugged pokra\u010duje! V sobotu 5. \u010dervence zahraje Kyti aTom v m\u011bstsk\u00e9m parku\" class=\"wp-image-3629\"\/><\/figure><\/div>\n\n\n<div style=\"height:41px\" aria-hidden=\"true\" class=\"wp-block-spacer\"><\/div>\n\n\n\n<h2 class=\"wp-block-heading\">Druh\u00fd koncert: Kyti aTom rozezn\u00ed park u\u017e tuto sobotu<\/h2>\n\n\n\n<div style=\"height:41px\" aria-hidden=\"true\" class=\"wp-block-spacer\"><\/div>\n\n\n\n<p class=\"has-medium-font-size\">Hned prvn\u00ed sobotu pr\u00e1zdnin \u2013 <strong>5. \u010dervence od 16:00 hodin<\/strong> \u2013 se m\u016f\u017eete t\u011b\u0161it na energick\u00e9 a hrav\u00e9 vystoupen\u00ed obl\u00edben\u00e9ho dua <strong>Kyti aTom<\/strong>. Jejich p\u00edsni\u010dky pot\u011b\u0161\u00ed mal\u00e9 i velk\u00e9 poslucha\u010de, a tak nen\u00ed divu, \u017ee pr\u00e1v\u011b oni budou hudebn\u00ed te\u010dkou za celodenn\u00ed akc\u00ed <strong><a href=\"https:\/\/spindleruvmlyn.cz\/uz-zitra-startuji-mlynarovy-toulky-den-plny-her-pohadkovych-pribehu-a-krkonosskeho-dobrodruzstvi-ve-spindlu\/\">Mlyn\u00e1\u0159ovy toulky<\/a><\/strong>, kter\u00e1 ve stejn\u00fd den nab\u00eddne program pln\u00fd her, dobrodru\u017estv\u00ed a poh\u00e1dkov\u00fdch setk\u00e1n\u00ed.<\/p>\n\n\n\n<p class=\"has-medium-font-size\">A\u017e si u\u017eijete dopoledn\u00ed putov\u00e1n\u00ed m\u011bstem, nezapome\u0148te se v odpoledn\u00edch hodin\u00e1ch zastavit v <strong>m\u011bstsk\u00e9m parku ve <a href=\"https:\/\/spindleruvmlyn.cz\/\">\u0160pindlerov\u011b Ml\u00fdn\u011b<\/a><\/strong>. Kyti a Tom v\u00e1s vt\u00e1hnou do sv\u011bta melodi\u00ed, kter\u00e9 pohlad\u00ed na du\u0161i a rozezp\u00edvaj\u00ed nejen d\u011bti, ale i rodi\u010de.<\/p>\n\n\n\n<div style=\"height:41px\" aria-hidden=\"true\" class=\"wp-block-spacer\"><\/div>\n\n\n<div class=\"wp-block-image is-resized\">\n<figure class=\"aligncenter size-large\"><img decoding=\"async\" src=\"https:\/\/centrumkrkonos.cz\/wp-content\/uploads\/2025\/07\/A3-unplugged-program-SM-leto2025-724x1024.jpg\" alt=\"\u0160pindl Unplugged pokra\u010duje! V sobotu 5. \u010dervence zahraje Kyti aTom v m\u011bstsk\u00e9m parku\" class=\"wp-image-3633\"\/><\/figure><\/div>\n\n\n<div style=\"height:41px\" aria-hidden=\"true\" class=\"wp-block-spacer\"><\/div>\n\n\n\n<h2 class=\"wp-block-heading\">Letn\u00ed soboty pln\u00e9 hudby ve \u0160pindlerov\u011b Ml\u00fdn\u011b<\/h2>\n\n\n\n<div style=\"height:41px\" aria-hidden=\"true\" class=\"wp-block-spacer\"><\/div>\n\n\n\n<p class=\"has-medium-font-size\">\u0160pindl Unplugged nen\u00ed jen o hudb\u011b \u2013 je to o setk\u00e1v\u00e1n\u00ed, spole\u010dn\u00fdch chv\u00edl\u00edch a radosti z letn\u00edho dne. Koncerty prob\u00edhaj\u00ed v\u017edy v <strong>odpoledn\u00edch hodin\u00e1ch<\/strong> v kulis\u00e1ch <strong>m\u011bstsk\u00e9ho parku<\/strong>, kter\u00fd je ide\u00e1ln\u00edm m\u00edstem pro odpo\u010dinek po v\u00fdletech i z\u00e1bavn\u00fdch aktivit\u00e1ch. Ka\u017ed\u00fd t\u00fdden se p\u0159edstav\u00ed jin\u00fd interpret, ale jedno z\u016fst\u00e1v\u00e1 jist\u00e9 \u2013 ka\u017ed\u00fd koncert nab\u00eddne jedine\u010dnou atmosf\u00e9ru <strong><a href=\"https:\/\/spindleruvmlyn.cz\/\">\u0160pindlu<\/a><\/strong> a <strong><a href=\"https:\/\/centrumkrkonos.cz\/\">Krkono\u0161<\/a><\/strong>.<\/p>\n\n\n\n<div style=\"height:41px\" aria-hidden=\"true\" class=\"wp-block-spacer\"><\/div>\n\n\n<div class=\"wp-block-image\">\n<figure class=\"aligncenter size-large\"><img decoding=\"async\" src=\"https:\/\/centrumkrkonos.cz\/wp-content\/uploads\/2025\/07\/getImageJPG-1024x768.jpg\" alt=\"\u0160pindl Unplugged pokra\u010duje! V sobotu 5. \u010dervence zahraje Kyti aTom v m\u011bstsk\u00e9m parku\" class=\"wp-image-3632\"\/><\/figure><\/div>\n\n\n<div style=\"height:41px\" aria-hidden=\"true\" class=\"wp-block-spacer\"><\/div>\n\n\n\n<h2 class=\"wp-block-heading\">P\u0159ij\u010fte si u\u017e\u00edt pohodov\u00e9 sobotn\u00ed odpoledne<\/h2>\n\n\n\n<div style=\"height:41px\" aria-hidden=\"true\" class=\"wp-block-spacer\"><\/div>\n\n\n\n<p class=\"has-medium-font-size\">Napl\u00e1nujte si prvn\u00ed pr\u00e1zdninovou sobotu ve <strong><a href=\"https:\/\/centrumkrkonos.cz\/category\/spindleruv-mlyn\/\">\u0160pindlerov\u011b Ml\u00fdn\u011b<\/a><\/strong> tak, abyste si stihli u\u017e\u00edt jak den pln\u00fd poh\u00e1dek a dobrodru\u017estv\u00ed s mlyn\u00e1\u0159em, tak i pohodov\u00fd z\u00e1v\u011br s hudbou v parku. <strong>Vstup na koncert je zdarma<\/strong> a kr\u00e1sn\u00e1 atmosf\u00e9ra je zaru\u010dena.<\/p>\n\n\n\n<p class=\"has-medium-font-size\">T\u011b\u0161\u00edme se na v\u00e1s v sobotu 5. \u010dervence od 16:00 na <strong>\u0160pindl Unplugged s Kyti aTomem<\/strong>!<\/p>\n\n\n\n<div style=\"height:100px\" aria-hidden=\"true\" class=\"wp-block-spacer\"><\/div>\n\n\n\n<figure class=\"wp-block-gallery has-nested-images columns-2 is-cropped wp-block-gallery-1 is-layout-flex wp-block-gallery-is-layout-flex\">\n<figure class=\"wp-block-image size-large\"><img decoding=\"async\" data-id=\"3629\" src=\"https:\/\/centrumkrkonos.cz\/wp-content\/uploads\/2025\/07\/514340343_1302614798534101_5602925285084922751_n-819x1024.jpg\" alt=\"\u0160pindl Unplugged pokra\u010duje! V sobotu 5. \u010dervence zahraje Kyti aTom v m\u011bstsk\u00e9m parku\" class=\"wp-image-3629\"\/><\/figure>\n\n\n\n<figure class=\"wp-block-image size-large\"><img decoding=\"async\" data-id=\"3631\" src=\"https:\/\/centrumkrkonos.cz\/wp-content\/uploads\/2025\/07\/krkonose-spindleruv-mlyn-unplugged_TTL-719x1024.jpg\" alt=\"\u0160pindl Unplugged pokra\u010duje! V sobotu 5. \u010dervence zahraje Kyti aTom v m\u011bstsk\u00e9m parku\" class=\"wp-image-3631\"\/><\/figure>\n\n\n\n<figure class=\"wp-block-image size-large\"><img decoding=\"async\" data-id=\"3630\" src=\"https:\/\/centrumkrkonos.cz\/wp-content\/uploads\/2025\/07\/krkonose-spindleruv-mlyn-unplugged_0-1024x576.jpg\" alt=\"\u0160pindl Unplugged pokra\u010duje! V sobotu 5. \u010dervence zahraje Kyti aTom v m\u011bstsk\u00e9m parku\" class=\"wp-image-3630\"\/><\/figure>\n<\/figure>\n\n\n\n<div style=\"height:32px\" aria-hidden=\"true\" class=\"wp-block-spacer\"><\/div>\n\n\n\n<p class=\"has-medium-font-size\"><strong>Zdroj foto: <\/strong>\u0160pindler\u016fv Ml\u00fdn<\/p>\n\n\n\n<div style=\"height:56px\" aria-hidden=\"true\" class=\"wp-block-spacer\"><\/div>\n","protected":false},"excerpt":{"rendered":"<p>Hudebn\u00ed te\u010dka za dnem pln\u00fdm pohybu, poh\u00e1dek a krkono\u0161sk\u00e9 atmosf\u00e9ry Letn\u00ed soboty ve \u0160pindlerov\u011b Ml\u00fdn\u011b u\u017e tradi\u010dn\u011b pat\u0159\u00ed hudb\u011b. A nejinak tomu bude i letos! V r\u00e1mci \u0160pindlerovsk\u00e9ho hudebn\u00edho l\u00e9ta s n\u00e1zvem \u0160pindl Unplugged 2025 se ka\u017edou pr\u00e1zdninovou sobotu rozezn\u00ed m\u011bstsk\u00fd park t\u00f3ny akustick\u00fdch koncert\u016f. Na p\u00f3diu pod \u0161ir\u00fdm nebem se st\u0159\u00eddaj\u00ed p\u0159edev\u0161\u00edm lok\u00e1ln\u00ed um\u011blci, kte\u0159\u00ed do srdce Krkono\u0161 p\u0159in\u00e1\u0161ej\u00ed p\u0159\u00edjemnou atmosf\u00e9ru, lehkost a radost z hudby. Druh\u00fd koncert: Kyti aTom rozezn\u00ed park u\u017e tuto sobotu Hned prvn\u00ed sobotu pr\u00e1zdnin \u2013 5. \u010dervence od 16:00 hodin \u2013 se m\u016f\u017eete t\u011b\u0161it&hellip;<\/p>\n","protected":false},"author":6,"featured_media":1231,"comment_status":"closed","ping_status":"closed","sticky":false,"template":"","format":"standard","meta":{"_mi_skip_tracking":false,"_monsterinsights_sitenote_active":false,"_monsterinsights_sitenote_note":"","_monsterinsights_sitenote_category":0,"footnotes":""},"categories":[7,25,1,24],"tags":[],"yoast_head":"<!-- This site is optimized with the Yoast SEO plugin v21.5 - https:\/\/yoast.com\/wordpress\/plugins\/seo\/ -->\n<title>\u0160pindl Unplugged pokra\u010duje! V sobotu 5. \u010dervence zahraje Kyti aTom v m\u011bstsk\u00e9m parku - Sn\u011bhov\u00fdServis.cz<\/title>\n<meta name=\"description\" content=\"\u0160pindl Unplugged pokra\u010duje! V sobotu 5. 7. zahraje Kyti aTom v m\u011bstsk\u00e9m parku. Letn\u00ed soboty ve \u0160pindlerov\u011b Ml\u00fdn\u011b u\u017e tradi\u010dn\u011b pat\u0159\u00ed hudb\u011b.\" \/>\n<meta name=\"robots\" content=\"index, follow, max-snippet:-1, max-image-preview:large, max-video-preview:-1\" \/>\n<link rel=\"canonical\" href=\"https:\/\/snehovyservis.cz\/index.php\/akce\/spindl-unplugged-pokracuje-v-sobotu-5-cervence-zahraje-kyti-atom-v-mestskem-parku\/\" \/>\n<meta property=\"og:locale\" content=\"cs_CZ\" \/>\n<meta property=\"og:type\" content=\"article\" \/>\n<meta property=\"og:title\" content=\"\u0160pindl Unplugged pokra\u010duje! V sobotu 5. \u010dervence zahraje Kyti aTom v m\u011bstsk\u00e9m parku - Sn\u011bhov\u00fdServis.cz\" \/>\n<meta property=\"og:description\" content=\"\u0160pindl Unplugged pokra\u010duje! V sobotu 5. 7. zahraje Kyti aTom v m\u011bstsk\u00e9m parku. Letn\u00ed soboty ve \u0160pindlerov\u011b Ml\u00fdn\u011b u\u017e tradi\u010dn\u011b pat\u0159\u00ed hudb\u011b.\" \/>\n<meta property=\"og:url\" content=\"https:\/\/snehovyservis.cz\/index.php\/akce\/spindl-unplugged-pokracuje-v-sobotu-5-cervence-zahraje-kyti-atom-v-mestskem-parku\/\" \/>\n<meta property=\"og:site_name\" content=\"Sn\u011bhov\u00fdServis.cz\" \/>\n<meta property=\"article:published_time\" content=\"2025-07-04T22:01:00+00:00\" \/>\n<meta property=\"article:modified_time\" content=\"2025-07-06T23:13:44+00:00\" \/>\n<meta property=\"og:image\" content=\"https:\/\/snehovyservis.cz\/wp-content\/uploads\/2025\/07\/krkonose-spindleruv-mlyn-unplugged_0.jpg\" \/>\n\t<meta property=\"og:image:width\" content=\"1200\" \/>\n\t<meta property=\"og:image:height\" content=\"675\" \/>\n\t<meta property=\"og:image:type\" content=\"image\/jpeg\" \/>\n<meta name=\"author\" content=\"Jan \u0160m\u00edd\" \/>\n<meta name=\"twitter:card\" content=\"summary_large_image\" \/>\n<meta name=\"twitter:label1\" content=\"Napsal(a)\" \/>\n\t<meta name=\"twitter:data1\" content=\"Jan \u0160m\u00edd\" \/>\n\t<meta name=\"twitter:label2\" content=\"Odhadovan\u00e1 doba \u010dten\u00ed\" \/>\n\t<meta name=\"twitter:data2\" content=\"3 minuty\" \/>\n<script type=\"application\/ld+json\" class=\"yoast-schema-graph\">{\"@context\":\"https:\/\/schema.org\",\"@graph\":[{\"@type\":\"Article\",\"@id\":\"https:\/\/snehovyservis.cz\/index.php\/akce\/spindl-unplugged-pokracuje-v-sobotu-5-cervence-zahraje-kyti-atom-v-mestskem-parku\/#article\",\"isPartOf\":{\"@id\":\"https:\/\/snehovyservis.cz\/index.php\/akce\/spindl-unplugged-pokracuje-v-sobotu-5-cervence-zahraje-kyti-atom-v-mestskem-parku\/\"},\"author\":{\"name\":\"Jan \u0160m\u00edd\",\"@id\":\"https:\/\/snehovyservis.cz\/#\/schema\/person\/d588d85afe8e4b52319ab75b79926897\"},\"headline\":\"\u0160pindl Unplugged pokra\u010duje! V sobotu 5. \u010dervence zahraje Kyti aTom v m\u011bstsk\u00e9m parku\",\"datePublished\":\"2025-07-04T22:01:00+00:00\",\"dateModified\":\"2025-07-06T23:13:44+00:00\",\"mainEntityOfPage\":{\"@id\":\"https:\/\/snehovyservis.cz\/index.php\/akce\/spindl-unplugged-pokracuje-v-sobotu-5-cervence-zahraje-kyti-atom-v-mestskem-parku\/\"},\"wordCount\":412,\"publisher\":{\"@id\":\"https:\/\/snehovyservis.cz\/#organization\"},\"articleSection\":[\"AKCE\",\"KRKONO\u0160E\",\"NEWS\",\"\u0160PINDLER\u016eV ML\u00ddN\"],\"inLanguage\":\"cs\"},{\"@type\":\"WebPage\",\"@id\":\"https:\/\/snehovyservis.cz\/index.php\/akce\/spindl-unplugged-pokracuje-v-sobotu-5-cervence-zahraje-kyti-atom-v-mestskem-parku\/\",\"url\":\"https:\/\/snehovyservis.cz\/index.php\/akce\/spindl-unplugged-pokracuje-v-sobotu-5-cervence-zahraje-kyti-atom-v-mestskem-parku\/\",\"name\":\"\u0160pindl Unplugged pokra\u010duje! V sobotu 5. \u010dervence zahraje Kyti aTom v m\u011bstsk\u00e9m parku - Sn\u011bhov\u00fdServis.cz\",\"isPartOf\":{\"@id\":\"https:\/\/snehovyservis.cz\/#website\"},\"datePublished\":\"2025-07-04T22:01:00+00:00\",\"dateModified\":\"2025-07-06T23:13:44+00:00\",\"description\":\"\u0160pindl Unplugged pokra\u010duje! V sobotu 5. 7. zahraje Kyti aTom v m\u011bstsk\u00e9m parku. Letn\u00ed soboty ve \u0160pindlerov\u011b Ml\u00fdn\u011b u\u017e tradi\u010dn\u011b pat\u0159\u00ed hudb\u011b.\",\"breadcrumb\":{\"@id\":\"https:\/\/snehovyservis.cz\/index.php\/akce\/spindl-unplugged-pokracuje-v-sobotu-5-cervence-zahraje-kyti-atom-v-mestskem-parku\/#breadcrumb\"},\"inLanguage\":\"cs\",\"potentialAction\":[{\"@type\":\"ReadAction\",\"target\":[\"https:\/\/snehovyservis.cz\/index.php\/akce\/spindl-unplugged-pokracuje-v-sobotu-5-cervence-zahraje-kyti-atom-v-mestskem-parku\/\"]}]},{\"@type\":\"BreadcrumbList\",\"@id\":\"https:\/\/snehovyservis.cz\/index.php\/akce\/spindl-unplugged-pokracuje-v-sobotu-5-cervence-zahraje-kyti-atom-v-mestskem-parku\/#breadcrumb\",\"itemListElement\":[{\"@type\":\"ListItem\",\"position\":1,\"name\":\"Dom\u016f\",\"item\":\"https:\/\/snehovyservis.cz\/\"},{\"@type\":\"ListItem\",\"position\":2,\"name\":\"\u0160pindl Unplugged pokra\u010duje! V sobotu 5. \u010dervence zahraje Kyti aTom v m\u011bstsk\u00e9m parku\"}]},{\"@type\":\"WebSite\",\"@id\":\"https:\/\/snehovyservis.cz\/#website\",\"url\":\"https:\/\/snehovyservis.cz\/\",\"name\":\"Sn\u011bhov\u00fdServis.cz\",\"description\":\"Nejaktu\u00e1ln\u011bj\u0161\u00ed sn\u011bhov\u00e9 a ly\u017ea\u0159sk\u00e9 zpravodajstv\u00ed\",\"publisher\":{\"@id\":\"https:\/\/snehovyservis.cz\/#organization\"},\"potentialAction\":[{\"@type\":\"SearchAction\",\"target\":{\"@type\":\"EntryPoint\",\"urlTemplate\":\"https:\/\/snehovyservis.cz\/?s={search_term_string}\"},\"query-input\":\"required name=search_term_string\"}],\"inLanguage\":\"cs\"},{\"@type\":\"Organization\",\"@id\":\"https:\/\/snehovyservis.cz\/#organization\",\"name\":\"Sn\u011bhov\u00fdServis.cz\",\"url\":\"https:\/\/snehovyservis.cz\/\",\"logo\":{\"@type\":\"ImageObject\",\"inLanguage\":\"cs\",\"@id\":\"https:\/\/snehovyservis.cz\/#\/schema\/logo\/image\/\",\"url\":\"https:\/\/snehovyservis.cz\/wp-content\/uploads\/2024\/12\/cropped-Logo_Snehovy-Servis.jpg\",\"contentUrl\":\"https:\/\/snehovyservis.cz\/wp-content\/uploads\/2024\/12\/cropped-Logo_Snehovy-Servis.jpg\",\"width\":290,\"height\":154,\"caption\":\"Sn\u011bhov\u00fdServis.cz\"},\"image\":{\"@id\":\"https:\/\/snehovyservis.cz\/#\/schema\/logo\/image\/\"}},{\"@type\":\"Person\",\"@id\":\"https:\/\/snehovyservis.cz\/#\/schema\/person\/d588d85afe8e4b52319ab75b79926897\",\"name\":\"Jan \u0160m\u00edd\",\"image\":{\"@type\":\"ImageObject\",\"inLanguage\":\"cs\",\"@id\":\"https:\/\/snehovyservis.cz\/#\/schema\/person\/image\/\",\"url\":\"https:\/\/secure.gravatar.com\/avatar\/70f8b575525c369952d0b7a7cdfa779b?s=96&d=mm&r=g\",\"contentUrl\":\"https:\/\/secure.gravatar.com\/avatar\/70f8b575525c369952d0b7a7cdfa779b?s=96&d=mm&r=g\",\"caption\":\"Jan \u0160m\u00edd\"},\"sameAs\":[\"http:\/\/SNEHOVYSERVIS.cz\"],\"url\":\"https:\/\/snehovyservis.cz\/index.php\/author\/sjan\/\"}]}<\/script>\n<!-- \/ Yoast SEO plugin. -->","yoast_head_json":{"title":"\u0160pindl Unplugged pokra\u010duje! V sobotu 5. \u010dervence zahraje Kyti aTom v m\u011bstsk\u00e9m parku - Sn\u011bhov\u00fdServis.cz","description":"\u0160pindl Unplugged pokra\u010duje! V sobotu 5. 7. zahraje Kyti aTom v m\u011bstsk\u00e9m parku. Letn\u00ed soboty ve \u0160pindlerov\u011b Ml\u00fdn\u011b u\u017e tradi\u010dn\u011b pat\u0159\u00ed hudb\u011b.","robots":{"index":"index","follow":"follow","max-snippet":"max-snippet:-1","max-image-preview":"max-image-preview:large","max-video-preview":"max-video-preview:-1"},"canonical":"https:\/\/snehovyservis.cz\/index.php\/akce\/spindl-unplugged-pokracuje-v-sobotu-5-cervence-zahraje-kyti-atom-v-mestskem-parku\/","og_locale":"cs_CZ","og_type":"article","og_title":"\u0160pindl Unplugged pokra\u010duje! V sobotu 5. \u010dervence zahraje Kyti aTom v m\u011bstsk\u00e9m parku - Sn\u011bhov\u00fdServis.cz","og_description":"\u0160pindl Unplugged pokra\u010duje! V sobotu 5. 7. zahraje Kyti aTom v m\u011bstsk\u00e9m parku. Letn\u00ed soboty ve \u0160pindlerov\u011b Ml\u00fdn\u011b u\u017e tradi\u010dn\u011b pat\u0159\u00ed hudb\u011b.","og_url":"https:\/\/snehovyservis.cz\/index.php\/akce\/spindl-unplugged-pokracuje-v-sobotu-5-cervence-zahraje-kyti-atom-v-mestskem-parku\/","og_site_name":"Sn\u011bhov\u00fdServis.cz","article_published_time":"2025-07-04T22:01:00+00:00","article_modified_time":"2025-07-06T23:13:44+00:00","og_image":[{"width":1200,"height":675,"url":"https:\/\/snehovyservis.cz\/wp-content\/uploads\/2025\/07\/krkonose-spindleruv-mlyn-unplugged_0.jpg","type":"image\/jpeg"}],"author":"Jan \u0160m\u00edd","twitter_card":"summary_large_image","twitter_misc":{"Napsal(a)":"Jan \u0160m\u00edd","Odhadovan\u00e1 doba \u010dten\u00ed":"3 minuty"},"schema":{"@context":"https:\/\/schema.org","@graph":[{"@type":"Article","@id":"https:\/\/snehovyservis.cz\/index.php\/akce\/spindl-unplugged-pokracuje-v-sobotu-5-cervence-zahraje-kyti-atom-v-mestskem-parku\/#article","isPartOf":{"@id":"https:\/\/snehovyservis.cz\/index.php\/akce\/spindl-unplugged-pokracuje-v-sobotu-5-cervence-zahraje-kyti-atom-v-mestskem-parku\/"},"author":{"name":"Jan \u0160m\u00edd","@id":"https:\/\/snehovyservis.cz\/#\/schema\/person\/d588d85afe8e4b52319ab75b79926897"},"headline":"\u0160pindl Unplugged pokra\u010duje! V sobotu 5. \u010dervence zahraje Kyti aTom v m\u011bstsk\u00e9m parku","datePublished":"2025-07-04T22:01:00+00:00","dateModified":"2025-07-06T23:13:44+00:00","mainEntityOfPage":{"@id":"https:\/\/snehovyservis.cz\/index.php\/akce\/spindl-unplugged-pokracuje-v-sobotu-5-cervence-zahraje-kyti-atom-v-mestskem-parku\/"},"wordCount":412,"publisher":{"@id":"https:\/\/snehovyservis.cz\/#organization"},"articleSection":["AKCE","KRKONO\u0160E","NEWS","\u0160PINDLER\u016eV ML\u00ddN"],"inLanguage":"cs"},{"@type":"WebPage","@id":"https:\/\/snehovyservis.cz\/index.php\/akce\/spindl-unplugged-pokracuje-v-sobotu-5-cervence-zahraje-kyti-atom-v-mestskem-parku\/","url":"https:\/\/snehovyservis.cz\/index.php\/akce\/spindl-unplugged-pokracuje-v-sobotu-5-cervence-zahraje-kyti-atom-v-mestskem-parku\/","name":"\u0160pindl Unplugged pokra\u010duje! V sobotu 5. \u010dervence zahraje Kyti aTom v m\u011bstsk\u00e9m parku - Sn\u011bhov\u00fdServis.cz","isPartOf":{"@id":"https:\/\/snehovyservis.cz\/#website"},"datePublished":"2025-07-04T22:01:00+00:00","dateModified":"2025-07-06T23:13:44+00:00","description":"\u0160pindl Unplugged pokra\u010duje! V sobotu 5. 7. zahraje Kyti aTom v m\u011bstsk\u00e9m parku. Letn\u00ed soboty ve \u0160pindlerov\u011b Ml\u00fdn\u011b u\u017e tradi\u010dn\u011b pat\u0159\u00ed hudb\u011b.","breadcrumb":{"@id":"https:\/\/snehovyservis.cz\/index.php\/akce\/spindl-unplugged-pokracuje-v-sobotu-5-cervence-zahraje-kyti-atom-v-mestskem-parku\/#breadcrumb"},"inLanguage":"cs","potentialAction":[{"@type":"ReadAction","target":["https:\/\/snehovyservis.cz\/index.php\/akce\/spindl-unplugged-pokracuje-v-sobotu-5-cervence-zahraje-kyti-atom-v-mestskem-parku\/"]}]},{"@type":"BreadcrumbList","@id":"https:\/\/snehovyservis.cz\/index.php\/akce\/spindl-unplugged-pokracuje-v-sobotu-5-cervence-zahraje-kyti-atom-v-mestskem-parku\/#breadcrumb","itemListElement":[{"@type":"ListItem","position":1,"name":"Dom\u016f","item":"https:\/\/snehovyservis.cz\/"},{"@type":"ListItem","position":2,"name":"\u0160pindl Unplugged pokra\u010duje! V sobotu 5. \u010dervence zahraje Kyti aTom v m\u011bstsk\u00e9m parku"}]},{"@type":"WebSite","@id":"https:\/\/snehovyservis.cz\/#website","url":"https:\/\/snehovyservis.cz\/","name":"Sn\u011bhov\u00fdServis.cz","description":"Nejaktu\u00e1ln\u011bj\u0161\u00ed sn\u011bhov\u00e9 a ly\u017ea\u0159sk\u00e9 zpravodajstv\u00ed","publisher":{"@id":"https:\/\/snehovyservis.cz\/#organization"},"potentialAction":[{"@type":"SearchAction","target":{"@type":"EntryPoint","urlTemplate":"https:\/\/snehovyservis.cz\/?s={search_term_string}"},"query-input":"required name=search_term_string"}],"inLanguage":"cs"},{"@type":"Organization","@id":"https:\/\/snehovyservis.cz\/#organization","name":"Sn\u011bhov\u00fdServis.cz","url":"https:\/\/snehovyservis.cz\/","logo":{"@type":"ImageObject","inLanguage":"cs","@id":"https:\/\/snehovyservis.cz\/#\/schema\/logo\/image\/","url":"https:\/\/snehovyservis.cz\/wp-content\/uploads\/2024\/12\/cropped-Logo_Snehovy-Servis.jpg","contentUrl":"https:\/\/snehovyservis.cz\/wp-content\/uploads\/2024\/12\/cropped-Logo_Snehovy-Servis.jpg","width":290,"height":154,"caption":"Sn\u011bhov\u00fdServis.cz"},"image":{"@id":"https:\/\/snehovyservis.cz\/#\/schema\/logo\/image\/"}},{"@type":"Person","@id":"https:\/\/snehovyservis.cz\/#\/schema\/person\/d588d85afe8e4b52319ab75b79926897","name":"Jan \u0160m\u00edd","image":{"@type":"ImageObject","inLanguage":"cs","@id":"https:\/\/snehovyservis.cz\/#\/schema\/person\/image\/","url":"https:\/\/secure.gravatar.com\/avatar\/70f8b575525c369952d0b7a7cdfa779b?s=96&d=mm&r=g","contentUrl":"https:\/\/secure.gravatar.com\/avatar\/70f8b575525c369952d0b7a7cdfa779b?s=96&d=mm&r=g","caption":"Jan \u0160m\u00edd"},"sameAs":["http:\/\/SNEHOVYSERVIS.cz"],"url":"https:\/\/snehovyservis.cz\/index.php\/author\/sjan\/"}]}},"_links":{"self":[{"href":"https:\/\/snehovyservis.cz\/index.php\/wp-json\/wp\/v2\/posts\/1230"}],"collection":[{"href":"https:\/\/snehovyservis.cz\/index.php\/wp-json\/wp\/v2\/posts"}],"about":[{"href":"https:\/\/snehovyservis.cz\/index.php\/wp-json\/wp\/v2\/types\/post"}],"author":[{"embeddable":true,"href":"https:\/\/snehovyservis.cz\/index.php\/wp-json\/wp\/v2\/users\/6"}],"replies":[{"embeddable":true,"href":"https:\/\/snehovyservis.cz\/index.php\/wp-json\/wp\/v2\/comments?post=1230"}],"version-history":[{"count":1,"href":"https:\/\/snehovyservis.cz\/index.php\/wp-json\/wp\/v2\/posts\/1230\/revisions"}],"predecessor-version":[{"id":1232,"href":"https:\/\/snehovyservis.cz\/index.php\/wp-json\/wp\/v2\/posts\/1230\/revisions\/1232"}],"wp:featuredmedia":[{"embeddable":true,"href":"https:\/\/snehovyservis.cz\/index.php\/wp-json\/wp\/v2\/media\/1231"}],"wp:attachment":[{"href":"https:\/\/snehovyservis.cz\/index.php\/wp-json\/wp\/v2\/media?parent=1230"}],"wp:term":[{"taxonomy":"category","embeddable":true,"href":"https:\/\/snehovyservis.cz\/index.php\/wp-json\/wp\/v2\/categories?post=1230"},{"taxonomy":"post_tag","embeddable":true,"href":"https:\/\/snehovyservis.cz\/index.php\/wp-json\/wp\/v2\/tags?post=1230"}],"curies":[{"name":"wp","href":"https:\/\/api.w.org\/{rel}","templated":true}]}}