{"id":1210,"date":"2025-06-06T00:01:00","date_gmt":"2025-06-05T22:01:00","guid":{"rendered":"https:\/\/snehovyservis.cz\/?p=1210"},"modified":"2025-06-06T01:01:26","modified_gmt":"2025-06-05T23:01:26","slug":"hudebni-arena-na-stezce-korunami-stromu-v-sobotu-7-cervna-ve-vyhlidkove-vezi-v-duchu-beatles","status":"publish","type":"post","link":"https:\/\/snehovyservis.cz\/index.php\/janske-lazne\/hudebni-arena-na-stezce-korunami-stromu-v-sobotu-7-cervna-ve-vyhlidkove-vezi-v-duchu-beatles\/","title":{"rendered":"Hudebn\u00ed ar\u00e9na na Stezce korunami strom\u016f: V\u00a0sobotu 7. \u010dervna ve vyhl\u00eddkov\u00e9 v\u011b\u017ei v duchu Beatles"},"content":{"rendered":"\n<div style=\"height:38px\" aria-hidden=\"true\" class=\"wp-block-spacer\"><\/div>\n\n\n\n<p class=\"has-medium-font-size\"><strong>Hudebn\u00ed ar\u00e9na na Stezce korunami strom\u016f je tu po roce zp\u011bt. V&nbsp;sobotu 7. \u010dervna si budou moci n\u00e1v\u0161t\u011bvn\u00edci u\u017e\u00edt unik\u00e1tn\u00ed atmosf\u00e9ry \u017eiv\u00e9 hudby region\u00e1ln\u00edch interpret\u016f p\u0159\u00edmo na p\u00f3diu uprost\u0159ed vyhl\u00eddkov\u00e9 v\u011b\u017ee. Letos se mohou t\u011b\u0161it mimo jin\u00e9 na jarom\u011b\u0159skou kapelu Beatles Inspiration.<\/strong><\/p>\n\n\n\n<div style=\"height:38px\" aria-hidden=\"true\" class=\"wp-block-spacer\"><\/div>\n\n\n<div class=\"wp-block-image\">\n<figure class=\"aligncenter size-large\"><img decoding=\"async\" src=\"https:\/\/spindleruvmlyn.cz\/wp-content\/uploads\/2025\/06\/SKS-Hudebni-arena-2024_DSC_8485-1024x683.jpg\" alt=\"Hudebn\u00ed ar\u00e9na na Stezce korunami strom\u016f: V\u00a0sobotu 7. \u010dervna ve vyhl\u00eddkov\u00e9 v\u011b\u017e v duchu Beatles\" class=\"wp-image-3470\"\/><\/figure><\/div>\n\n\n<div style=\"height:38px\" aria-hidden=\"true\" class=\"wp-block-spacer\"><\/div>\n\n\n\n<p class=\"has-medium-font-size\">\u201e<em>Hudebn\u00ed ar\u00e9na je v\u017edy trochu vybo\u010den\u00edm z&nbsp;na\u0161eho obvykl\u00e9ho programu zam\u011b\u0159en\u00e9ho na d\u011bti, sport, \u0159emesla nebo edukaci. Koncerty uprost\u0159ed v\u011b\u017ee l\u00e1kaj\u00ed n\u00e1v\u0161t\u011bvn\u00edky a cel\u00e9 rodiny na ojedin\u011bl\u00e9 spojen\u00ed hudby a okoln\u00ed krkono\u0161sk\u00e9 p\u0159\u00edrody. V\u011b\u017e je nepochybn\u011b unik\u00e1tn\u00edm amfite\u00e1trem, kdy\u017e p\u00f3dium pro kapely je uprost\u0159ed v\u011b\u017ee a poslucha\u010di sleduj\u00ed jejich vystoupen\u00ed z&nbsp;ochozu v\u011b\u017ee. V\u011b\u0159\u00edme, \u017ee si lid\u00e9 tento den u\u017eij\u00ed, proto\u017ee se ponese zase v&nbsp;jin\u00e9 atmosf\u00e9\u0159e,\u201c<\/em> <strong>\u0159\u00edk\u00e1 Miroslav Matas, \u0159editel Stezky korunami strom\u016f.<\/strong><\/p>\n\n\n\n<div style=\"height:38px\" aria-hidden=\"true\" class=\"wp-block-spacer\"><\/div>\n\n\n<div class=\"wp-block-image\">\n<figure class=\"aligncenter size-large\"><img decoding=\"async\" src=\"https:\/\/spindleruvmlyn.cz\/wp-content\/uploads\/2025\/06\/SKS-Hudebni-arena-2024_DSC_8226-1024x683.jpg\" alt=\"Hudebn\u00ed ar\u00e9na na Stezce korunami strom\u016f: V\u00a0sobotu 7. \u010dervna ve vyhl\u00eddkov\u00e9 v\u011b\u017e v duchu Beatles\" class=\"wp-image-3471\"\/><\/figure><\/div>\n\n\n<div style=\"height:38px\" aria-hidden=\"true\" class=\"wp-block-spacer\"><\/div>\n\n\n\n<p class=\"has-medium-font-size\">V r\u00e1mci Hudebn\u00ed ar\u00e9ny na Stezce 2025, kter\u00e1 za\u010dne v&nbsp;sobotu 7. \u010dervna v&nbsp;10 hodin, vystoup\u00ed b\u011bhem dne talentovan\u00ed region\u00e1ln\u00ed interpreti. Letos se mohou n\u00e1v\u0161t\u011bvn\u00edci t\u011b\u0161it na Honzu Hausera, jarom\u011b\u0159skou kapelu Beatles Inspiration a trutnovsk\u00e9 rockov\u00e9 Bez Obav.<\/p>\n\n\n\n<div style=\"height:38px\" aria-hidden=\"true\" class=\"wp-block-spacer\"><\/div>\n\n\n\n<figure class=\"wp-block-gallery has-nested-images columns-default is-cropped wp-block-gallery-1 is-layout-flex wp-block-gallery-is-layout-flex\">\n<figure class=\"wp-block-image size-large\"><img decoding=\"async\" data-id=\"3473\" src=\"https:\/\/spindleruvmlyn.cz\/wp-content\/uploads\/2025\/06\/SKS-Hudebni-arena-2024_DSC_8131-1024x683.jpg\" alt=\"Hudebn\u00ed ar\u00e9na na Stezce korunami strom\u016f: V\u00a0sobotu 7. \u010dervna ve vyhl\u00eddkov\u00e9 v\u011b\u017e v duchu Beatles\" class=\"wp-image-3473\"\/><\/figure>\n\n\n\n<figure class=\"wp-block-image size-large\"><img decoding=\"async\" data-id=\"3474\" src=\"https:\/\/spindleruvmlyn.cz\/wp-content\/uploads\/2025\/06\/SKS-Hudebni-arena-2024_DSC_8978-1024x681.jpg\" alt=\"Hudebn\u00ed ar\u00e9na na Stezce korunami strom\u016f: V\u00a0sobotu 7. \u010dervna ve vyhl\u00eddkov\u00e9 v\u011b\u017e v duchu Beatles\" class=\"wp-image-3474\"\/><\/figure>\n<\/figure>\n\n\n\n<div style=\"height:38px\" aria-hidden=\"true\" class=\"wp-block-spacer\"><\/div>\n\n\n\n<p style=\"font-size:22px\"><strong>Hudebn\u00ed program na Stezce korunami strom\u016f v&nbsp;sobotu 7. \u010dervna 2025:<\/strong><\/p>\n\n\n\n<div style=\"height:38px\" aria-hidden=\"true\" class=\"wp-block-spacer\"><\/div>\n\n\n\n<p style=\"font-size:24px\"><strong>10:30 \u2013 Honza Hauser<br>12:30 \u2013 Beatles Inspiration<br>14:30 \u2013 skupina Bez Obav<\/strong><\/p>\n\n\n\n<div style=\"height:38px\" aria-hidden=\"true\" class=\"wp-block-spacer\"><\/div>\n\n\n\n<p class=\"has-medium-font-size\">Akce je vhodn\u00e1 pro dosp\u011bl\u00e9 i rodiny s d\u011btmi.<\/p>\n\n\n\n<div style=\"height:38px\" aria-hidden=\"true\" class=\"wp-block-spacer\"><\/div>\n\n\n<div class=\"wp-block-image\">\n<figure class=\"aligncenter size-large\"><img decoding=\"async\" src=\"https:\/\/spindleruvmlyn.cz\/wp-content\/uploads\/2025\/04\/Stezka-korunami-stromu_DJI_0436-1024x768.jpg\" alt=\"Hudebn\u00ed ar\u00e9na na Stezce korunami strom\u016f: V\u00a0sobotu 7. \u010dervna ve vyhl\u00eddkov\u00e9 v\u011b\u017e v duchu Beatles\" class=\"wp-image-3142\"\/><\/figure><\/div>\n\n\n<div style=\"height:38px\" aria-hidden=\"true\" class=\"wp-block-spacer\"><\/div>\n\n\n\n<h2 class=\"wp-block-heading\" style=\"font-size:24px\">O stezce<\/h2>\n\n\n\n<div style=\"height:38px\" aria-hidden=\"true\" class=\"wp-block-spacer\"><\/div>\n\n\n\n<p class=\"has-medium-font-size\">Stezka korunami strom\u016f Krkono\u0161e se nach\u00e1z\u00ed na okraji Jansk\u00fdch L\u00e1zn\u00ed v&nbsp;Krkono\u0161\u00edch. Z\u00e1\u017eitkov\u00e1 a nau\u010dn\u00e1 stezka v&nbsp;celkov\u00e9 d\u00e9lce 1&nbsp;511 metr\u016f je zakon\u010dena v\u00fdstupem na 45 metr\u016f vysokou vyhl\u00eddkovou v\u011b\u017e. Stezka korunami strom\u016f Krkono\u0161e ukazuje les z&nbsp;jin\u00e9 perspektivy a unik\u00e1tn\u00ed podzemn\u00ed expozice nab\u00edz\u00ed mo\u017enost prostudovat rovn\u011b\u017e mikrosv\u011bt p\u016fdy. Stezka je vhodn\u00e1 pro v\u0161echny, kdo se zaj\u00edmaj\u00ed o \u010deskou p\u0159\u00edrodu, vyhled\u00e1vaj\u00ed aktivn\u00ed odpo\u010dinek, dobrodru\u017estv\u00ed a zaj\u00edmaj\u00ed se o p\u0159\u00edrodu a informace o n\u00ed. Stezka je v&nbsp;cel\u00e9 sv\u00e9 d\u00e9lce bezbari\u00e9rov\u00e1, d\u00edky tomu ji mohou nav\u0161t\u00edvit i lid\u00e9 s&nbsp;hendikepem \u010di rodiny s&nbsp;d\u011btmi v&nbsp;ko\u010d\u00e1rku.<\/p>\n\n\n\n<p class=\"has-medium-font-size\">Za prvn\u00ed rok sv\u00e9 existence se SKS Krkono\u0161e za\u0159adila s&nbsp;v\u00edce ne\u017e 330&nbsp;000 n\u00e1v\u0161t\u011bvn\u00edky mezi nejnav\u0161t\u011bvovan\u011bj\u0161\u00ed atrakce severn\u00edch a v\u00fdchodn\u00edch \u010cech. Jej\u00ed obl\u00edbenost se projevila i v&nbsp;podob\u011b absolutn\u00edho v\u00edt\u011bzstv\u00ed v sout\u011b\u017ei DestinaCZe 2018 o nejobl\u00edben\u011bj\u0161\u00ed atrakci v&nbsp;\u010cesk\u00e9 republice, po\u0159\u00e1dan\u00e9 agenturou CzechTourism. V&nbsp;roce 2018 z\u00edskala Stezka korunami strom\u016f Krkono\u0161e cenu Stavba roku Kr\u00e1lov\u00e9hradeck\u00e9ho kraje. <\/p>\n\n\n\n<p class=\"has-medium-font-size\"><strong>V\u00edce informac\u00ed naleznete na <a href=\"https:\/\/www.facebook.com\/stezkakorunamistromukrkonose\/\">facebookov\u00e9m profilu<\/a> nebo <a href=\"https:\/\/www.stezkakrkonose.cz\/\">webov\u00fdch str\u00e1nk\u00e1ch<\/a>.<\/strong><\/p>\n\n\n\n<div style=\"height:100px\" aria-hidden=\"true\" class=\"wp-block-spacer\"><\/div>\n\n\n\n<figure class=\"wp-block-gallery has-nested-images columns-2 is-cropped wp-block-gallery-3 is-layout-flex wp-block-gallery-is-layout-flex\">\n<figure class=\"wp-block-image size-large\"><img decoding=\"async\" data-id=\"3470\" src=\"https:\/\/spindleruvmlyn.cz\/wp-content\/uploads\/2025\/06\/SKS-Hudebni-arena-2024_DSC_8485-1024x683.jpg\" alt=\"Hudebn\u00ed ar\u00e9na na Stezce korunami strom\u016f: V\u00a0sobotu 7. \u010dervna ve vyhl\u00eddkov\u00e9 v\u011b\u017e v duchu Beatles\" class=\"wp-image-3470\"\/><\/figure>\n\n\n\n<figure class=\"wp-block-image size-large\"><img decoding=\"async\" data-id=\"3471\" src=\"https:\/\/spindleruvmlyn.cz\/wp-content\/uploads\/2025\/06\/SKS-Hudebni-arena-2024_DSC_8226-1024x683.jpg\" alt=\"Hudebn\u00ed ar\u00e9na na Stezce korunami strom\u016f: V\u00a0sobotu 7. \u010dervna ve vyhl\u00eddkov\u00e9 v\u011b\u017e v duchu Beatles\" class=\"wp-image-3471\"\/><\/figure>\n\n\n\n<figure class=\"wp-block-image size-large\"><img decoding=\"async\" data-id=\"3473\" src=\"https:\/\/spindleruvmlyn.cz\/wp-content\/uploads\/2025\/06\/SKS-Hudebni-arena-2024_DSC_8131-1024x683.jpg\" alt=\"Hudebn\u00ed ar\u00e9na na Stezce korunami strom\u016f: V\u00a0sobotu 7. \u010dervna ve vyhl\u00eddkov\u00e9 v\u011b\u017e v duchu Beatles\" class=\"wp-image-3473\"\/><\/figure>\n\n\n\n<figure class=\"wp-block-image size-large\"><img decoding=\"async\" data-id=\"3474\" src=\"https:\/\/spindleruvmlyn.cz\/wp-content\/uploads\/2025\/06\/SKS-Hudebni-arena-2024_DSC_8978-1024x681.jpg\" alt=\"Hudebn\u00ed ar\u00e9na na Stezce korunami strom\u016f: V\u00a0sobotu 7. \u010dervna ve vyhl\u00eddkov\u00e9 v\u011b\u017e v duchu Beatles\" class=\"wp-image-3474\"\/><\/figure>\n\n\n\n<figure class=\"wp-block-image size-large\"><img decoding=\"async\" data-id=\"3472\" src=\"https:\/\/spindleruvmlyn.cz\/wp-content\/uploads\/2025\/06\/SKS-Hudebni-arena-2024_DSC_8128-1024x683.jpg\" alt=\"Hudebn\u00ed ar\u00e9na na Stezce korunami strom\u016f: V\u00a0sobotu 7. \u010dervna ve vyhl\u00eddkov\u00e9 v\u011b\u017e v duchu Beatles\" class=\"wp-image-3472\"\/><\/figure>\n<\/figure>\n\n\n\n<div style=\"height:39px\" aria-hidden=\"true\" class=\"wp-block-spacer\"><\/div>\n\n\n\n<p class=\"has-medium-font-size\"><strong>Zdroj foto: <\/strong>Stezka korunami strom\u016f Krkono\u0161e<\/p>\n\n\n\n<div style=\"height:58px\" aria-hidden=\"true\" class=\"wp-block-spacer\"><\/div>\n\n\n\n<p class=\"has-medium-font-size\"><\/p>\n","protected":false},"excerpt":{"rendered":"<p>Hudebn\u00ed ar\u00e9na na Stezce korunami strom\u016f je tu po roce zp\u011bt. V&nbsp;sobotu 7. \u010dervna si budou moci n\u00e1v\u0161t\u011bvn\u00edci u\u017e\u00edt unik\u00e1tn\u00ed atmosf\u00e9ry \u017eiv\u00e9 hudby region\u00e1ln\u00edch interpret\u016f p\u0159\u00edmo na p\u00f3diu uprost\u0159ed vyhl\u00eddkov\u00e9 v\u011b\u017ee. Letos se mohou t\u011b\u0161it mimo jin\u00e9 na jarom\u011b\u0159skou kapelu Beatles Inspiration. \u201eHudebn\u00ed ar\u00e9na je v\u017edy trochu vybo\u010den\u00edm z&nbsp;na\u0161eho obvykl\u00e9ho programu zam\u011b\u0159en\u00e9ho na d\u011bti, sport, \u0159emesla nebo edukaci. Koncerty uprost\u0159ed v\u011b\u017ee l\u00e1kaj\u00ed n\u00e1v\u0161t\u011bvn\u00edky a cel\u00e9 rodiny na ojedin\u011bl\u00e9 spojen\u00ed hudby a okoln\u00ed krkono\u0161sk\u00e9 p\u0159\u00edrody. V\u011b\u017e je nepochybn\u011b unik\u00e1tn\u00edm amfite\u00e1trem, kdy\u017e p\u00f3dium pro kapely je uprost\u0159ed v\u011b\u017ee a poslucha\u010di sleduj\u00ed jejich&hellip;<\/p>\n","protected":false},"author":3,"featured_media":1211,"comment_status":"closed","ping_status":"closed","sticky":false,"template":"","format":"standard","meta":{"_mi_skip_tracking":false,"_monsterinsights_sitenote_active":false,"_monsterinsights_sitenote_note":"","_monsterinsights_sitenote_category":0,"footnotes":""},"categories":[7,32,25,1],"tags":[],"yoast_head":"<!-- This site is optimized with the Yoast SEO plugin v21.5 - https:\/\/yoast.com\/wordpress\/plugins\/seo\/ -->\n<title>Hudebn\u00ed ar\u00e9na na Stezce korunami strom\u016f: V\u00a0sobotu 7. \u010dervna ve vyhl\u00eddkov\u00e9 v\u011b\u017ei v duchu Beatles - Sn\u011bhov\u00fdServis.cz<\/title>\n<meta name=\"description\" content=\"V\u00a0sobotu 7. \u010dervna si budou moci n\u00e1v\u0161t\u011bvn\u00edci u\u017e\u00edt unik\u00e1tn\u00ed atmosf\u00e9ry \u017eiv\u00e9 hudby region\u00e1ln\u00edch interpret\u016f p\u0159\u00edmo na vyhl\u00eddkov\u00e9 v\u011b\u017ei.\" \/>\n<meta name=\"robots\" content=\"index, follow, max-snippet:-1, max-image-preview:large, max-video-preview:-1\" \/>\n<link rel=\"canonical\" href=\"https:\/\/snehovyservis.cz\/index.php\/news\/hudebni-arena-na-stezce-korunami-stromu-v-sobotu-7-cervna-ve-vyhlidkove-vezi-v-duchu-beatles\/\" \/>\n<meta property=\"og:locale\" content=\"cs_CZ\" \/>\n<meta property=\"og:type\" content=\"article\" \/>\n<meta property=\"og:title\" content=\"Hudebn\u00ed ar\u00e9na na Stezce korunami strom\u016f: V\u00a0sobotu 7. \u010dervna ve vyhl\u00eddkov\u00e9 v\u011b\u017ei v duchu Beatles - Sn\u011bhov\u00fdServis.cz\" \/>\n<meta property=\"og:description\" content=\"V\u00a0sobotu 7. \u010dervna si budou moci n\u00e1v\u0161t\u011bvn\u00edci u\u017e\u00edt unik\u00e1tn\u00ed atmosf\u00e9ry \u017eiv\u00e9 hudby region\u00e1ln\u00edch interpret\u016f p\u0159\u00edmo na vyhl\u00eddkov\u00e9 v\u011b\u017ei.\" \/>\n<meta property=\"og:url\" content=\"https:\/\/snehovyservis.cz\/index.php\/news\/hudebni-arena-na-stezce-korunami-stromu-v-sobotu-7-cervna-ve-vyhlidkove-vezi-v-duchu-beatles\/\" \/>\n<meta property=\"og:site_name\" content=\"Sn\u011bhov\u00fdServis.cz\" \/>\n<meta property=\"article:published_time\" content=\"2025-06-05T22:01:00+00:00\" \/>\n<meta property=\"article:modified_time\" content=\"2025-06-05T23:01:26+00:00\" \/>\n<meta property=\"og:image\" content=\"https:\/\/snehovyservis.cz\/wp-content\/uploads\/2025\/06\/SKS-Hudebni-arena-2024_DSC_8131.jpg\" \/>\n\t<meta property=\"og:image:width\" content=\"1920\" \/>\n\t<meta property=\"og:image:height\" content=\"1280\" \/>\n\t<meta property=\"og:image:type\" content=\"image\/jpeg\" \/>\n<meta name=\"author\" content=\"Jolana Hol\u00e1\u0148ov\u00e1\" \/>\n<meta name=\"twitter:card\" content=\"summary_large_image\" \/>\n<meta name=\"twitter:label1\" content=\"Napsal(a)\" \/>\n\t<meta name=\"twitter:data1\" content=\"Jolana Hol\u00e1\u0148ov\u00e1\" \/>\n\t<meta name=\"twitter:label2\" content=\"Odhadovan\u00e1 doba \u010dten\u00ed\" \/>\n\t<meta name=\"twitter:data2\" content=\"4 minuty\" \/>\n<script type=\"application\/ld+json\" class=\"yoast-schema-graph\">{\"@context\":\"https:\/\/schema.org\",\"@graph\":[{\"@type\":\"Article\",\"@id\":\"https:\/\/snehovyservis.cz\/index.php\/news\/hudebni-arena-na-stezce-korunami-stromu-v-sobotu-7-cervna-ve-vyhlidkove-vezi-v-duchu-beatles\/#article\",\"isPartOf\":{\"@id\":\"https:\/\/snehovyservis.cz\/index.php\/news\/hudebni-arena-na-stezce-korunami-stromu-v-sobotu-7-cervna-ve-vyhlidkove-vezi-v-duchu-beatles\/\"},\"author\":{\"name\":\"Jolana Hol\u00e1\u0148ov\u00e1\",\"@id\":\"https:\/\/snehovyservis.cz\/#\/schema\/person\/292a322d4c00948520695cbe2b3fffbe\"},\"headline\":\"Hudebn\u00ed ar\u00e9na na Stezce korunami strom\u016f: V\u00a0sobotu 7. \u010dervna ve vyhl\u00eddkov\u00e9 v\u011b\u017ei v duchu Beatles\",\"datePublished\":\"2025-06-05T22:01:00+00:00\",\"dateModified\":\"2025-06-05T23:01:26+00:00\",\"mainEntityOfPage\":{\"@id\":\"https:\/\/snehovyservis.cz\/index.php\/news\/hudebni-arena-na-stezce-korunami-stromu-v-sobotu-7-cervna-ve-vyhlidkove-vezi-v-duchu-beatles\/\"},\"wordCount\":517,\"publisher\":{\"@id\":\"https:\/\/snehovyservis.cz\/#organization\"},\"articleSection\":[\"AKCE\",\"J\u00c1NSK\u00c9 L\u00c1ZN\u00c9\",\"KRKONO\u0160E\",\"NEWS\"],\"inLanguage\":\"cs\"},{\"@type\":\"WebPage\",\"@id\":\"https:\/\/snehovyservis.cz\/index.php\/news\/hudebni-arena-na-stezce-korunami-stromu-v-sobotu-7-cervna-ve-vyhlidkove-vezi-v-duchu-beatles\/\",\"url\":\"https:\/\/snehovyservis.cz\/index.php\/news\/hudebni-arena-na-stezce-korunami-stromu-v-sobotu-7-cervna-ve-vyhlidkove-vezi-v-duchu-beatles\/\",\"name\":\"Hudebn\u00ed ar\u00e9na na Stezce korunami strom\u016f: V\u00a0sobotu 7. \u010dervna ve vyhl\u00eddkov\u00e9 v\u011b\u017ei v duchu Beatles - Sn\u011bhov\u00fdServis.cz\",\"isPartOf\":{\"@id\":\"https:\/\/snehovyservis.cz\/#website\"},\"datePublished\":\"2025-06-05T22:01:00+00:00\",\"dateModified\":\"2025-06-05T23:01:26+00:00\",\"description\":\"V\u00a0sobotu 7. \u010dervna si budou moci n\u00e1v\u0161t\u011bvn\u00edci u\u017e\u00edt unik\u00e1tn\u00ed atmosf\u00e9ry \u017eiv\u00e9 hudby region\u00e1ln\u00edch interpret\u016f p\u0159\u00edmo na vyhl\u00eddkov\u00e9 v\u011b\u017ei.\",\"breadcrumb\":{\"@id\":\"https:\/\/snehovyservis.cz\/index.php\/news\/hudebni-arena-na-stezce-korunami-stromu-v-sobotu-7-cervna-ve-vyhlidkove-vezi-v-duchu-beatles\/#breadcrumb\"},\"inLanguage\":\"cs\",\"potentialAction\":[{\"@type\":\"ReadAction\",\"target\":[\"https:\/\/snehovyservis.cz\/index.php\/news\/hudebni-arena-na-stezce-korunami-stromu-v-sobotu-7-cervna-ve-vyhlidkove-vezi-v-duchu-beatles\/\"]}]},{\"@type\":\"BreadcrumbList\",\"@id\":\"https:\/\/snehovyservis.cz\/index.php\/news\/hudebni-arena-na-stezce-korunami-stromu-v-sobotu-7-cervna-ve-vyhlidkove-vezi-v-duchu-beatles\/#breadcrumb\",\"itemListElement\":[{\"@type\":\"ListItem\",\"position\":1,\"name\":\"Dom\u016f\",\"item\":\"https:\/\/snehovyservis.cz\/\"},{\"@type\":\"ListItem\",\"position\":2,\"name\":\"Hudebn\u00ed ar\u00e9na na Stezce korunami strom\u016f: V\u00a0sobotu 7. \u010dervna ve vyhl\u00eddkov\u00e9 v\u011b\u017ei v duchu Beatles\"}]},{\"@type\":\"WebSite\",\"@id\":\"https:\/\/snehovyservis.cz\/#website\",\"url\":\"https:\/\/snehovyservis.cz\/\",\"name\":\"Sn\u011bhov\u00fdServis.cz\",\"description\":\"Nejaktu\u00e1ln\u011bj\u0161\u00ed sn\u011bhov\u00e9 a ly\u017ea\u0159sk\u00e9 zpravodajstv\u00ed\",\"publisher\":{\"@id\":\"https:\/\/snehovyservis.cz\/#organization\"},\"potentialAction\":[{\"@type\":\"SearchAction\",\"target\":{\"@type\":\"EntryPoint\",\"urlTemplate\":\"https:\/\/snehovyservis.cz\/?s={search_term_string}\"},\"query-input\":\"required name=search_term_string\"}],\"inLanguage\":\"cs\"},{\"@type\":\"Organization\",\"@id\":\"https:\/\/snehovyservis.cz\/#organization\",\"name\":\"Sn\u011bhov\u00fdServis.cz\",\"url\":\"https:\/\/snehovyservis.cz\/\",\"logo\":{\"@type\":\"ImageObject\",\"inLanguage\":\"cs\",\"@id\":\"https:\/\/snehovyservis.cz\/#\/schema\/logo\/image\/\",\"url\":\"https:\/\/snehovyservis.cz\/wp-content\/uploads\/2024\/12\/cropped-Logo_Snehovy-Servis.jpg\",\"contentUrl\":\"https:\/\/snehovyservis.cz\/wp-content\/uploads\/2024\/12\/cropped-Logo_Snehovy-Servis.jpg\",\"width\":290,\"height\":154,\"caption\":\"Sn\u011bhov\u00fdServis.cz\"},\"image\":{\"@id\":\"https:\/\/snehovyservis.cz\/#\/schema\/logo\/image\/\"}},{\"@type\":\"Person\",\"@id\":\"https:\/\/snehovyservis.cz\/#\/schema\/person\/292a322d4c00948520695cbe2b3fffbe\",\"name\":\"Jolana Hol\u00e1\u0148ov\u00e1\",\"image\":{\"@type\":\"ImageObject\",\"inLanguage\":\"cs\",\"@id\":\"https:\/\/snehovyservis.cz\/#\/schema\/person\/image\/\",\"url\":\"https:\/\/secure.gravatar.com\/avatar\/5863c504ed89cd419ff3a5e812c722ff?s=96&d=mm&r=g\",\"contentUrl\":\"https:\/\/secure.gravatar.com\/avatar\/5863c504ed89cd419ff3a5e812c722ff?s=96&d=mm&r=g\",\"caption\":\"Jolana Hol\u00e1\u0148ov\u00e1\"},\"sameAs\":[\"http:\/\/Sn\u011bhov\u00fdServis.cz\"],\"url\":\"https:\/\/snehovyservis.cz\/index.php\/author\/jolhol\/\"}]}<\/script>\n<!-- \/ Yoast SEO plugin. -->","yoast_head_json":{"title":"Hudebn\u00ed ar\u00e9na na Stezce korunami strom\u016f: V\u00a0sobotu 7. \u010dervna ve vyhl\u00eddkov\u00e9 v\u011b\u017ei v duchu Beatles - Sn\u011bhov\u00fdServis.cz","description":"V\u00a0sobotu 7. \u010dervna si budou moci n\u00e1v\u0161t\u011bvn\u00edci u\u017e\u00edt unik\u00e1tn\u00ed atmosf\u00e9ry \u017eiv\u00e9 hudby region\u00e1ln\u00edch interpret\u016f p\u0159\u00edmo na vyhl\u00eddkov\u00e9 v\u011b\u017ei.","robots":{"index":"index","follow":"follow","max-snippet":"max-snippet:-1","max-image-preview":"max-image-preview:large","max-video-preview":"max-video-preview:-1"},"canonical":"https:\/\/snehovyservis.cz\/index.php\/news\/hudebni-arena-na-stezce-korunami-stromu-v-sobotu-7-cervna-ve-vyhlidkove-vezi-v-duchu-beatles\/","og_locale":"cs_CZ","og_type":"article","og_title":"Hudebn\u00ed ar\u00e9na na Stezce korunami strom\u016f: V\u00a0sobotu 7. \u010dervna ve vyhl\u00eddkov\u00e9 v\u011b\u017ei v duchu Beatles - Sn\u011bhov\u00fdServis.cz","og_description":"V\u00a0sobotu 7. \u010dervna si budou moci n\u00e1v\u0161t\u011bvn\u00edci u\u017e\u00edt unik\u00e1tn\u00ed atmosf\u00e9ry \u017eiv\u00e9 hudby region\u00e1ln\u00edch interpret\u016f p\u0159\u00edmo na vyhl\u00eddkov\u00e9 v\u011b\u017ei.","og_url":"https:\/\/snehovyservis.cz\/index.php\/news\/hudebni-arena-na-stezce-korunami-stromu-v-sobotu-7-cervna-ve-vyhlidkove-vezi-v-duchu-beatles\/","og_site_name":"Sn\u011bhov\u00fdServis.cz","article_published_time":"2025-06-05T22:01:00+00:00","article_modified_time":"2025-06-05T23:01:26+00:00","og_image":[{"width":1920,"height":1280,"url":"https:\/\/snehovyservis.cz\/wp-content\/uploads\/2025\/06\/SKS-Hudebni-arena-2024_DSC_8131.jpg","type":"image\/jpeg"}],"author":"Jolana Hol\u00e1\u0148ov\u00e1","twitter_card":"summary_large_image","twitter_misc":{"Napsal(a)":"Jolana Hol\u00e1\u0148ov\u00e1","Odhadovan\u00e1 doba \u010dten\u00ed":"4 minuty"},"schema":{"@context":"https:\/\/schema.org","@graph":[{"@type":"Article","@id":"https:\/\/snehovyservis.cz\/index.php\/news\/hudebni-arena-na-stezce-korunami-stromu-v-sobotu-7-cervna-ve-vyhlidkove-vezi-v-duchu-beatles\/#article","isPartOf":{"@id":"https:\/\/snehovyservis.cz\/index.php\/news\/hudebni-arena-na-stezce-korunami-stromu-v-sobotu-7-cervna-ve-vyhlidkove-vezi-v-duchu-beatles\/"},"author":{"name":"Jolana Hol\u00e1\u0148ov\u00e1","@id":"https:\/\/snehovyservis.cz\/#\/schema\/person\/292a322d4c00948520695cbe2b3fffbe"},"headline":"Hudebn\u00ed ar\u00e9na na Stezce korunami strom\u016f: V\u00a0sobotu 7. \u010dervna ve vyhl\u00eddkov\u00e9 v\u011b\u017ei v duchu Beatles","datePublished":"2025-06-05T22:01:00+00:00","dateModified":"2025-06-05T23:01:26+00:00","mainEntityOfPage":{"@id":"https:\/\/snehovyservis.cz\/index.php\/news\/hudebni-arena-na-stezce-korunami-stromu-v-sobotu-7-cervna-ve-vyhlidkove-vezi-v-duchu-beatles\/"},"wordCount":517,"publisher":{"@id":"https:\/\/snehovyservis.cz\/#organization"},"articleSection":["AKCE","J\u00c1NSK\u00c9 L\u00c1ZN\u00c9","KRKONO\u0160E","NEWS"],"inLanguage":"cs"},{"@type":"WebPage","@id":"https:\/\/snehovyservis.cz\/index.php\/news\/hudebni-arena-na-stezce-korunami-stromu-v-sobotu-7-cervna-ve-vyhlidkove-vezi-v-duchu-beatles\/","url":"https:\/\/snehovyservis.cz\/index.php\/news\/hudebni-arena-na-stezce-korunami-stromu-v-sobotu-7-cervna-ve-vyhlidkove-vezi-v-duchu-beatles\/","name":"Hudebn\u00ed ar\u00e9na na Stezce korunami strom\u016f: V\u00a0sobotu 7. \u010dervna ve vyhl\u00eddkov\u00e9 v\u011b\u017ei v duchu Beatles - Sn\u011bhov\u00fdServis.cz","isPartOf":{"@id":"https:\/\/snehovyservis.cz\/#website"},"datePublished":"2025-06-05T22:01:00+00:00","dateModified":"2025-06-05T23:01:26+00:00","description":"V\u00a0sobotu 7. \u010dervna si budou moci n\u00e1v\u0161t\u011bvn\u00edci u\u017e\u00edt unik\u00e1tn\u00ed atmosf\u00e9ry \u017eiv\u00e9 hudby region\u00e1ln\u00edch interpret\u016f p\u0159\u00edmo na vyhl\u00eddkov\u00e9 v\u011b\u017ei.","breadcrumb":{"@id":"https:\/\/snehovyservis.cz\/index.php\/news\/hudebni-arena-na-stezce-korunami-stromu-v-sobotu-7-cervna-ve-vyhlidkove-vezi-v-duchu-beatles\/#breadcrumb"},"inLanguage":"cs","potentialAction":[{"@type":"ReadAction","target":["https:\/\/snehovyservis.cz\/index.php\/news\/hudebni-arena-na-stezce-korunami-stromu-v-sobotu-7-cervna-ve-vyhlidkove-vezi-v-duchu-beatles\/"]}]},{"@type":"BreadcrumbList","@id":"https:\/\/snehovyservis.cz\/index.php\/news\/hudebni-arena-na-stezce-korunami-stromu-v-sobotu-7-cervna-ve-vyhlidkove-vezi-v-duchu-beatles\/#breadcrumb","itemListElement":[{"@type":"ListItem","position":1,"name":"Dom\u016f","item":"https:\/\/snehovyservis.cz\/"},{"@type":"ListItem","position":2,"name":"Hudebn\u00ed ar\u00e9na na Stezce korunami strom\u016f: V\u00a0sobotu 7. \u010dervna ve vyhl\u00eddkov\u00e9 v\u011b\u017ei v duchu Beatles"}]},{"@type":"WebSite","@id":"https:\/\/snehovyservis.cz\/#website","url":"https:\/\/snehovyservis.cz\/","name":"Sn\u011bhov\u00fdServis.cz","description":"Nejaktu\u00e1ln\u011bj\u0161\u00ed sn\u011bhov\u00e9 a ly\u017ea\u0159sk\u00e9 zpravodajstv\u00ed","publisher":{"@id":"https:\/\/snehovyservis.cz\/#organization"},"potentialAction":[{"@type":"SearchAction","target":{"@type":"EntryPoint","urlTemplate":"https:\/\/snehovyservis.cz\/?s={search_term_string}"},"query-input":"required name=search_term_string"}],"inLanguage":"cs"},{"@type":"Organization","@id":"https:\/\/snehovyservis.cz\/#organization","name":"Sn\u011bhov\u00fdServis.cz","url":"https:\/\/snehovyservis.cz\/","logo":{"@type":"ImageObject","inLanguage":"cs","@id":"https:\/\/snehovyservis.cz\/#\/schema\/logo\/image\/","url":"https:\/\/snehovyservis.cz\/wp-content\/uploads\/2024\/12\/cropped-Logo_Snehovy-Servis.jpg","contentUrl":"https:\/\/snehovyservis.cz\/wp-content\/uploads\/2024\/12\/cropped-Logo_Snehovy-Servis.jpg","width":290,"height":154,"caption":"Sn\u011bhov\u00fdServis.cz"},"image":{"@id":"https:\/\/snehovyservis.cz\/#\/schema\/logo\/image\/"}},{"@type":"Person","@id":"https:\/\/snehovyservis.cz\/#\/schema\/person\/292a322d4c00948520695cbe2b3fffbe","name":"Jolana Hol\u00e1\u0148ov\u00e1","image":{"@type":"ImageObject","inLanguage":"cs","@id":"https:\/\/snehovyservis.cz\/#\/schema\/person\/image\/","url":"https:\/\/secure.gravatar.com\/avatar\/5863c504ed89cd419ff3a5e812c722ff?s=96&d=mm&r=g","contentUrl":"https:\/\/secure.gravatar.com\/avatar\/5863c504ed89cd419ff3a5e812c722ff?s=96&d=mm&r=g","caption":"Jolana Hol\u00e1\u0148ov\u00e1"},"sameAs":["http:\/\/Sn\u011bhov\u00fdServis.cz"],"url":"https:\/\/snehovyservis.cz\/index.php\/author\/jolhol\/"}]}},"_links":{"self":[{"href":"https:\/\/snehovyservis.cz\/index.php\/wp-json\/wp\/v2\/posts\/1210"}],"collection":[{"href":"https:\/\/snehovyservis.cz\/index.php\/wp-json\/wp\/v2\/posts"}],"about":[{"href":"https:\/\/snehovyservis.cz\/index.php\/wp-json\/wp\/v2\/types\/post"}],"author":[{"embeddable":true,"href":"https:\/\/snehovyservis.cz\/index.php\/wp-json\/wp\/v2\/users\/3"}],"replies":[{"embeddable":true,"href":"https:\/\/snehovyservis.cz\/index.php\/wp-json\/wp\/v2\/comments?post=1210"}],"version-history":[{"count":1,"href":"https:\/\/snehovyservis.cz\/index.php\/wp-json\/wp\/v2\/posts\/1210\/revisions"}],"predecessor-version":[{"id":1212,"href":"https:\/\/snehovyservis.cz\/index.php\/wp-json\/wp\/v2\/posts\/1210\/revisions\/1212"}],"wp:featuredmedia":[{"embeddable":true,"href":"https:\/\/snehovyservis.cz\/index.php\/wp-json\/wp\/v2\/media\/1211"}],"wp:attachment":[{"href":"https:\/\/snehovyservis.cz\/index.php\/wp-json\/wp\/v2\/media?parent=1210"}],"wp:term":[{"taxonomy":"category","embeddable":true,"href":"https:\/\/snehovyservis.cz\/index.php\/wp-json\/wp\/v2\/categories?post=1210"},{"taxonomy":"post_tag","embeddable":true,"href":"https:\/\/snehovyservis.cz\/index.php\/wp-json\/wp\/v2\/tags?post=1210"}],"curies":[{"name":"wp","href":"https:\/\/api.w.org\/{rel}","templated":true}]}}