{"id":1196,"date":"2025-05-23T00:14:10","date_gmt":"2025-05-22T22:14:10","guid":{"rendered":"https:\/\/snehovyservis.cz\/?p=1196"},"modified":"2025-05-23T00:14:43","modified_gmt":"2025-05-22T22:14:43","slug":"emiluv-detsky-pohadkovy-den-na-stezce-korunami-stromu-krkonose-jiz-tuto-sobotu","status":"publish","type":"post","link":"https:\/\/snehovyservis.cz\/index.php\/akce\/emiluv-detsky-pohadkovy-den-na-stezce-korunami-stromu-krkonose-jiz-tuto-sobotu\/","title":{"rendered":"Emil\u016fv d\u011btsk\u00fd poh\u00e1dkov\u00fd den na Stezce korunami strom\u016f Krkono\u0161e ji\u017e tuto sobotu"},"content":{"rendered":"\n<div style=\"height:35px\" aria-hidden=\"true\" class=\"wp-block-spacer\"><\/div>\n\n\n\n<p class=\"has-medium-font-size\"><strong>V sobotu 24. kv\u011btna se Stezka korunami strom\u016f Krkono\u0161e op\u011bt prom\u011bn\u00ed v poh\u00e1dkov\u00e9 kr\u00e1lovstv\u00ed. U\u017e tradi\u010dn\u00ed Emil\u016fv d\u011btsk\u00fd den p\u0159inese z\u00e1bavu, p\u0159\u00edrodu a poh\u00e1dky, a to pro v\u0161echny d\u011bti do 14 let zcela zdarma.<\/strong><\/p>\n\n\n\n<div style=\"height:9px\" aria-hidden=\"true\" class=\"wp-block-spacer\"><\/div>\n\n\n\n<p class=\"has-medium-font-size\">Cel\u00fd den vznik\u00e1 ve spolupr\u00e1ci s m\u011bstem Jansk\u00e9 L\u00e1zn\u011b a St\u00e1tn\u00edmi l\u00e9\u010debn\u00fdmi l\u00e1zn\u011bmi Jansk\u00e9 L\u00e1zn\u011b, kter\u00e9 jsou dlouhodob\u00fdmi partnery Stezky p\u0159i po\u0159\u00e1d\u00e1n\u00ed rodinn\u00fdch ud\u00e1lost\u00ed. <em>\u201eNa\u0161\u00edm c\u00edlem je, aby si cel\u00fd den d\u011bti u\u017eily naplno, ale aby si n\u011bco odnesli i rodi\u010de \u2013 a\u0165 u\u017e radost, inspiraci nebo nov\u00e9 pozn\u00e1n\u00ed. Les, p\u0159\u00edroda a zdrav\u00fd pohyb jsou t\u00edm nejlep\u0161\u00edm z\u00e1kladem pro spole\u010dn\u00e9 chv\u00edle rodin. Emil\u016fv d\u011btsk\u00fd den je u\u017e st\u00e1lic\u00ed a t\u011b\u0161\u00ed n\u00e1s z\u00e1jem rodin i partner\u016f, bez nich\u017e by to ne\u0161lo,\u201c <\/em>zve na oslavu Dne d\u011bt\u00ed \u0159editel Stezky korunami strom\u016f Miroslav Matas.<\/p>\n\n\n\n<div style=\"height:35px\" aria-hidden=\"true\" class=\"wp-block-spacer\"><\/div>\n\n\n<div class=\"wp-block-image\">\n<figure class=\"aligncenter size-large\"><img decoding=\"async\" src=\"https:\/\/spindleruvmlyn.cz\/wp-content\/uploads\/2025\/05\/Stezka-korunami-stromu-Janske-Lazne-IMG_0263-1024x683.jpg\" alt=\"Emil\u016fv d\u011btsk\u00fd poh\u00e1dkov\u00fd den na Stezce korunami strom\u016f Krkono\u0161e ji\u017e tuto sobotu\" class=\"wp-image-3421\"\/><\/figure><\/div>\n\n\n<div style=\"height:35px\" aria-hidden=\"true\" class=\"wp-block-spacer\"><\/div>\n\n\n\n<h2 class=\"wp-block-heading\">Poh\u00e1dkov\u00e1 cesta s Emilem a z\u00e1\u017eitkov\u00fdm vl\u00e1\u010dkem<\/h2>\n\n\n\n<div style=\"height:35px\" aria-hidden=\"true\" class=\"wp-block-spacer\"><\/div>\n\n\n\n<p class=\"has-medium-font-size\">Program za\u010dne v 10:00 hodin a potrv\u00e1 do 16:00 hodin. N\u00e1v\u0161t\u011bvn\u00edky \u010dekaj\u00ed z\u00e1bavn\u00e1 stanovi\u0161t\u011b s \u00fakoly a sout\u011b\u017eemi, hudebn\u00ed vystoupen\u00ed dua Nikita a Filip a nem\u016f\u017ee chyb\u011bt setk\u00e1n\u00ed s obl\u00edben\u00fdmi maskoty Emilem a Emilkou.<\/p>\n\n\n\n<div style=\"height:35px\" aria-hidden=\"true\" class=\"wp-block-spacer\"><\/div>\n\n\n<div class=\"wp-block-image\">\n<figure class=\"aligncenter size-large\"><img decoding=\"async\" src=\"https:\/\/spindleruvmlyn.cz\/wp-content\/uploads\/2025\/05\/SKS-maskoti_20250510124241_DSC_2582-1024x681.jpg\" alt=\"Emil\u016fv d\u011btsk\u00fd poh\u00e1dkov\u00fd den na Stezce korunami strom\u016f Krkono\u0161e ji\u017e tuto sobotu\" class=\"wp-image-3420\"\/><\/figure><\/div>\n\n\n<div style=\"height:35px\" aria-hidden=\"true\" class=\"wp-block-spacer\"><\/div>\n\n\n\n<p class=\"has-medium-font-size\">Zlat\u00fdm h\u0159ebem dne bude z\u00e1\u017eitkov\u00fd vl\u00e1\u010dek, kter\u00fd se stal symbolem Emilova d\u011btsk\u00e9ho dne. D\u011bti i dosp\u011bl\u00ed se j\u00edm svezou mezi Stezkou a d\u011btskou l\u00e9\u010debnou Vesna v Jansk\u00fdch L\u00e1zn\u00edch. Na t\u00e9to trase potkaj\u00ed poh\u00e1dkov\u00e9 postavy \u2013 vodn\u00edka, v\u00edlu, Jen\u00ed\u010dka a Ma\u0159enku, je\u017eibabu, vlka s \u010cervenou Karkulkou i li\u0161ku s Budul\u00ednkem. Ka\u017ed\u00e9 setk\u00e1n\u00ed je interaktivn\u00ed a d\u011bti p\u0159i nich zapojuj\u00ed svou fantazii i pohyb.<\/p>\n\n\n\n<p class=\"has-medium-font-size\">Letos program obohat\u00ed i rodinn\u00e1 farma Vl\u010dek, kter\u00e1 p\u0159iveze k are\u00e1lu Stezky sv\u00e9 lamy a velbloudy. D\u011bti se tak mohou t\u011b\u0161it na nezapomenuteln\u00e9 proj\u00ed\u017e\u010fky na t\u011bchto v\u00fdjime\u010dn\u00fdch zv\u00ed\u0159atech, z\u00e1rove\u0148 si je zbl\u00edzka prohl\u00e9dnout a dozv\u011bd\u011bt se v\u00edce o jejich \u017eivot\u011b.<\/p>\n\n\n\n<div style=\"height:35px\" aria-hidden=\"true\" class=\"wp-block-spacer\"><\/div>\n\n\n<div class=\"wp-block-image\">\n<figure class=\"aligncenter size-large\"><img decoding=\"async\" src=\"https:\/\/spindleruvmlyn.cz\/wp-content\/uploads\/2025\/05\/Stezka-korunami-stromu-Janske-Lazne-DJI_0054-1024x768.jpg\" alt=\"Emil\u016fv d\u011btsk\u00fd poh\u00e1dkov\u00fd den na Stezce korunami strom\u016f Krkono\u0161e ji\u017e tuto sobotu\" class=\"wp-image-3422\"\/><\/figure><\/div>\n\n\n<div style=\"height:35px\" aria-hidden=\"true\" class=\"wp-block-spacer\"><\/div>\n\n\n\n<p class=\"has-medium-font-size\"><strong>Vstup pro d\u011bti do 14 let je po cel\u00fd den zdarma<\/strong>. Program pak je p\u0159ipraven pro mal\u00e9 i v\u011bt\u0161\u00ed n\u00e1v\u0161t\u011bvn\u00edky a kon\u00e1 se za ka\u017ed\u00e9ho po\u010das\u00ed. Dosp\u011bl\u00ed a doprovod jsou samoz\u0159ejm\u011b srde\u010dn\u011b v\u00edt\u00e1ni.<\/p>\n\n\n\n<div style=\"height:100px\" aria-hidden=\"true\" class=\"wp-block-spacer\"><\/div>\n\n\n\n<figure class=\"wp-block-gallery has-nested-images columns-2 is-cropped wp-block-gallery-1 is-layout-flex wp-block-gallery-is-layout-flex\">\n<figure class=\"wp-block-image size-large\"><img decoding=\"async\" data-id=\"3419\" src=\"https:\/\/spindleruvmlyn.cz\/wp-content\/uploads\/2025\/05\/SKS-maskoti_20250510112818_DSC_2117-1024x681.jpg\" alt=\"Emil\u016fv d\u011btsk\u00fd poh\u00e1dkov\u00fd den na Stezce korunami strom\u016f Krkono\u0161e ji\u017e tuto sobotu\" class=\"wp-image-3419\"\/><\/figure>\n\n\n\n<figure class=\"wp-block-image size-large\"><img decoding=\"async\" data-id=\"3420\" src=\"https:\/\/spindleruvmlyn.cz\/wp-content\/uploads\/2025\/05\/SKS-maskoti_20250510124241_DSC_2582-1024x681.jpg\" alt=\"Emil\u016fv d\u011btsk\u00fd poh\u00e1dkov\u00fd den na Stezce korunami strom\u016f Krkono\u0161e ji\u017e tuto sobotu\" class=\"wp-image-3420\"\/><\/figure>\n\n\n\n<figure class=\"wp-block-image size-large\"><img decoding=\"async\" data-id=\"3422\" src=\"https:\/\/spindleruvmlyn.cz\/wp-content\/uploads\/2025\/05\/Stezka-korunami-stromu-Janske-Lazne-DJI_0054-1024x768.jpg\" alt=\"Emil\u016fv d\u011btsk\u00fd poh\u00e1dkov\u00fd den na Stezce korunami strom\u016f Krkono\u0161e ji\u017e tuto sobotu\" class=\"wp-image-3422\"\/><\/figure>\n\n\n\n<figure class=\"wp-block-image size-large\"><img decoding=\"async\" data-id=\"3421\" src=\"https:\/\/spindleruvmlyn.cz\/wp-content\/uploads\/2025\/05\/Stezka-korunami-stromu-Janske-Lazne-IMG_0263-1024x683.jpg\" alt=\"Emil\u016fv d\u011btsk\u00fd poh\u00e1dkov\u00fd den na Stezce korunami strom\u016f Krkono\u0161e ji\u017e tuto sobotu\" class=\"wp-image-3421\"\/><\/figure>\n<\/figure>\n\n\n\n<div style=\"height:35px\" aria-hidden=\"true\" class=\"wp-block-spacer\"><\/div>\n\n\n\n<p class=\"has-medium-font-size\"><strong>Zdroj foto: <\/strong>Stezka korunami strom\u016f Krkono\u0161e<\/p>\n\n\n\n<div style=\"height:65px\" aria-hidden=\"true\" class=\"wp-block-spacer\"><\/div>\n","protected":false},"excerpt":{"rendered":"<p>V sobotu 24. kv\u011btna se Stezka korunami strom\u016f Krkono\u0161e op\u011bt prom\u011bn\u00ed v poh\u00e1dkov\u00e9 kr\u00e1lovstv\u00ed. U\u017e tradi\u010dn\u00ed Emil\u016fv d\u011btsk\u00fd den p\u0159inese z\u00e1bavu, p\u0159\u00edrodu a poh\u00e1dky, a to pro v\u0161echny d\u011bti do 14 let zcela zdarma. Cel\u00fd den vznik\u00e1 ve spolupr\u00e1ci s m\u011bstem Jansk\u00e9 L\u00e1zn\u011b a St\u00e1tn\u00edmi l\u00e9\u010debn\u00fdmi l\u00e1zn\u011bmi Jansk\u00e9 L\u00e1zn\u011b, kter\u00e9 jsou dlouhodob\u00fdmi partnery Stezky p\u0159i po\u0159\u00e1d\u00e1n\u00ed rodinn\u00fdch ud\u00e1lost\u00ed. \u201eNa\u0161\u00edm c\u00edlem je, aby si cel\u00fd den d\u011bti u\u017eily naplno, ale aby si n\u011bco odnesli i rodi\u010de \u2013 a\u0165 u\u017e radost, inspiraci nebo nov\u00e9 pozn\u00e1n\u00ed. Les, p\u0159\u00edroda a zdrav\u00fd pohyb jsou t\u00edm&hellip;<\/p>\n","protected":false},"author":3,"featured_media":1197,"comment_status":"closed","ping_status":"closed","sticky":false,"template":"","format":"standard","meta":{"_mi_skip_tracking":false,"_monsterinsights_sitenote_active":false,"_monsterinsights_sitenote_note":"","_monsterinsights_sitenote_category":0,"footnotes":""},"categories":[7,25,1],"tags":[],"yoast_head":"<!-- This site is optimized with the Yoast SEO plugin v21.5 - https:\/\/yoast.com\/wordpress\/plugins\/seo\/ -->\n<title>Emil\u016fv d\u011btsk\u00fd poh\u00e1dkov\u00fd den na Stezce korunami strom\u016f Krkono\u0161e ji\u017e tuto sobotu - Sn\u011bhov\u00fdServis.cz<\/title>\n<meta name=\"description\" content=\"V sobotu 24. kv\u011btna se Stezka korunami strom\u016f Krkono\u0161e op\u011bt prom\u011bn\u00ed v poh\u00e1dkov\u00e9 kr\u00e1lovstv\u00ed. U\u017e tradi\u010dn\u00ed Emil\u016fv d\u011btsk\u00fd den p\u0159inese z\u00e1bavu.\" \/>\n<meta name=\"robots\" content=\"index, follow, max-snippet:-1, max-image-preview:large, max-video-preview:-1\" \/>\n<link rel=\"canonical\" href=\"https:\/\/snehovyservis.cz\/index.php\/akce\/emiluv-detsky-pohadkovy-den-na-stezce-korunami-stromu-krkonose-jiz-tuto-sobotu\/\" \/>\n<meta property=\"og:locale\" content=\"cs_CZ\" \/>\n<meta property=\"og:type\" content=\"article\" \/>\n<meta property=\"og:title\" content=\"Emil\u016fv d\u011btsk\u00fd poh\u00e1dkov\u00fd den na Stezce korunami strom\u016f Krkono\u0161e ji\u017e tuto sobotu - Sn\u011bhov\u00fdServis.cz\" \/>\n<meta property=\"og:description\" content=\"V sobotu 24. kv\u011btna se Stezka korunami strom\u016f Krkono\u0161e op\u011bt prom\u011bn\u00ed v poh\u00e1dkov\u00e9 kr\u00e1lovstv\u00ed. U\u017e tradi\u010dn\u00ed Emil\u016fv d\u011btsk\u00fd den p\u0159inese z\u00e1bavu.\" \/>\n<meta property=\"og:url\" content=\"https:\/\/snehovyservis.cz\/index.php\/akce\/emiluv-detsky-pohadkovy-den-na-stezce-korunami-stromu-krkonose-jiz-tuto-sobotu\/\" \/>\n<meta property=\"og:site_name\" content=\"Sn\u011bhov\u00fdServis.cz\" \/>\n<meta property=\"article:published_time\" content=\"2025-05-22T22:14:10+00:00\" \/>\n<meta property=\"article:modified_time\" content=\"2025-05-22T22:14:43+00:00\" \/>\n<meta property=\"og:image\" content=\"https:\/\/snehovyservis.cz\/wp-content\/uploads\/2025\/05\/SKS-maskoti_20250510112818_DSC_2117-768x511-1.jpg\" \/>\n\t<meta property=\"og:image:width\" content=\"768\" \/>\n\t<meta property=\"og:image:height\" content=\"511\" \/>\n\t<meta property=\"og:image:type\" content=\"image\/jpeg\" \/>\n<meta name=\"author\" content=\"Jolana Hol\u00e1\u0148ov\u00e1\" \/>\n<meta name=\"twitter:card\" content=\"summary_large_image\" \/>\n<meta name=\"twitter:label1\" content=\"Napsal(a)\" \/>\n\t<meta name=\"twitter:data1\" content=\"Jolana Hol\u00e1\u0148ov\u00e1\" \/>\n\t<meta name=\"twitter:label2\" content=\"Odhadovan\u00e1 doba \u010dten\u00ed\" \/>\n\t<meta name=\"twitter:data2\" content=\"4 minuty\" \/>\n<script type=\"application\/ld+json\" class=\"yoast-schema-graph\">{\"@context\":\"https:\/\/schema.org\",\"@graph\":[{\"@type\":\"Article\",\"@id\":\"https:\/\/snehovyservis.cz\/index.php\/akce\/emiluv-detsky-pohadkovy-den-na-stezce-korunami-stromu-krkonose-jiz-tuto-sobotu\/#article\",\"isPartOf\":{\"@id\":\"https:\/\/snehovyservis.cz\/index.php\/akce\/emiluv-detsky-pohadkovy-den-na-stezce-korunami-stromu-krkonose-jiz-tuto-sobotu\/\"},\"author\":{\"name\":\"Jolana Hol\u00e1\u0148ov\u00e1\",\"@id\":\"https:\/\/snehovyservis.cz\/#\/schema\/person\/292a322d4c00948520695cbe2b3fffbe\"},\"headline\":\"Emil\u016fv d\u011btsk\u00fd poh\u00e1dkov\u00fd den na Stezce korunami strom\u016f Krkono\u0161e ji\u017e tuto sobotu\",\"datePublished\":\"2025-05-22T22:14:10+00:00\",\"dateModified\":\"2025-05-22T22:14:43+00:00\",\"mainEntityOfPage\":{\"@id\":\"https:\/\/snehovyservis.cz\/index.php\/akce\/emiluv-detsky-pohadkovy-den-na-stezce-korunami-stromu-krkonose-jiz-tuto-sobotu\/\"},\"wordCount\":446,\"publisher\":{\"@id\":\"https:\/\/snehovyservis.cz\/#organization\"},\"articleSection\":[\"AKCE\",\"KRKONO\u0160E\",\"NEWS\"],\"inLanguage\":\"cs\"},{\"@type\":\"WebPage\",\"@id\":\"https:\/\/snehovyservis.cz\/index.php\/akce\/emiluv-detsky-pohadkovy-den-na-stezce-korunami-stromu-krkonose-jiz-tuto-sobotu\/\",\"url\":\"https:\/\/snehovyservis.cz\/index.php\/akce\/emiluv-detsky-pohadkovy-den-na-stezce-korunami-stromu-krkonose-jiz-tuto-sobotu\/\",\"name\":\"Emil\u016fv d\u011btsk\u00fd poh\u00e1dkov\u00fd den na Stezce korunami strom\u016f Krkono\u0161e ji\u017e tuto sobotu - Sn\u011bhov\u00fdServis.cz\",\"isPartOf\":{\"@id\":\"https:\/\/snehovyservis.cz\/#website\"},\"datePublished\":\"2025-05-22T22:14:10+00:00\",\"dateModified\":\"2025-05-22T22:14:43+00:00\",\"description\":\"V sobotu 24. kv\u011btna se Stezka korunami strom\u016f Krkono\u0161e op\u011bt prom\u011bn\u00ed v poh\u00e1dkov\u00e9 kr\u00e1lovstv\u00ed. U\u017e tradi\u010dn\u00ed Emil\u016fv d\u011btsk\u00fd den p\u0159inese z\u00e1bavu.\",\"breadcrumb\":{\"@id\":\"https:\/\/snehovyservis.cz\/index.php\/akce\/emiluv-detsky-pohadkovy-den-na-stezce-korunami-stromu-krkonose-jiz-tuto-sobotu\/#breadcrumb\"},\"inLanguage\":\"cs\",\"potentialAction\":[{\"@type\":\"ReadAction\",\"target\":[\"https:\/\/snehovyservis.cz\/index.php\/akce\/emiluv-detsky-pohadkovy-den-na-stezce-korunami-stromu-krkonose-jiz-tuto-sobotu\/\"]}]},{\"@type\":\"BreadcrumbList\",\"@id\":\"https:\/\/snehovyservis.cz\/index.php\/akce\/emiluv-detsky-pohadkovy-den-na-stezce-korunami-stromu-krkonose-jiz-tuto-sobotu\/#breadcrumb\",\"itemListElement\":[{\"@type\":\"ListItem\",\"position\":1,\"name\":\"Dom\u016f\",\"item\":\"https:\/\/snehovyservis.cz\/\"},{\"@type\":\"ListItem\",\"position\":2,\"name\":\"Emil\u016fv d\u011btsk\u00fd poh\u00e1dkov\u00fd den na Stezce korunami strom\u016f Krkono\u0161e ji\u017e tuto sobotu\"}]},{\"@type\":\"WebSite\",\"@id\":\"https:\/\/snehovyservis.cz\/#website\",\"url\":\"https:\/\/snehovyservis.cz\/\",\"name\":\"Sn\u011bhov\u00fdServis.cz\",\"description\":\"Nejaktu\u00e1ln\u011bj\u0161\u00ed sn\u011bhov\u00e9 a ly\u017ea\u0159sk\u00e9 zpravodajstv\u00ed\",\"publisher\":{\"@id\":\"https:\/\/snehovyservis.cz\/#organization\"},\"potentialAction\":[{\"@type\":\"SearchAction\",\"target\":{\"@type\":\"EntryPoint\",\"urlTemplate\":\"https:\/\/snehovyservis.cz\/?s={search_term_string}\"},\"query-input\":\"required name=search_term_string\"}],\"inLanguage\":\"cs\"},{\"@type\":\"Organization\",\"@id\":\"https:\/\/snehovyservis.cz\/#organization\",\"name\":\"Sn\u011bhov\u00fdServis.cz\",\"url\":\"https:\/\/snehovyservis.cz\/\",\"logo\":{\"@type\":\"ImageObject\",\"inLanguage\":\"cs\",\"@id\":\"https:\/\/snehovyservis.cz\/#\/schema\/logo\/image\/\",\"url\":\"https:\/\/snehovyservis.cz\/wp-content\/uploads\/2024\/12\/cropped-Logo_Snehovy-Servis.jpg\",\"contentUrl\":\"https:\/\/snehovyservis.cz\/wp-content\/uploads\/2024\/12\/cropped-Logo_Snehovy-Servis.jpg\",\"width\":290,\"height\":154,\"caption\":\"Sn\u011bhov\u00fdServis.cz\"},\"image\":{\"@id\":\"https:\/\/snehovyservis.cz\/#\/schema\/logo\/image\/\"}},{\"@type\":\"Person\",\"@id\":\"https:\/\/snehovyservis.cz\/#\/schema\/person\/292a322d4c00948520695cbe2b3fffbe\",\"name\":\"Jolana Hol\u00e1\u0148ov\u00e1\",\"image\":{\"@type\":\"ImageObject\",\"inLanguage\":\"cs\",\"@id\":\"https:\/\/snehovyservis.cz\/#\/schema\/person\/image\/\",\"url\":\"https:\/\/secure.gravatar.com\/avatar\/5863c504ed89cd419ff3a5e812c722ff?s=96&d=mm&r=g\",\"contentUrl\":\"https:\/\/secure.gravatar.com\/avatar\/5863c504ed89cd419ff3a5e812c722ff?s=96&d=mm&r=g\",\"caption\":\"Jolana Hol\u00e1\u0148ov\u00e1\"},\"sameAs\":[\"http:\/\/Sn\u011bhov\u00fdServis.cz\"],\"url\":\"https:\/\/snehovyservis.cz\/index.php\/author\/jolhol\/\"}]}<\/script>\n<!-- \/ Yoast SEO plugin. -->","yoast_head_json":{"title":"Emil\u016fv d\u011btsk\u00fd poh\u00e1dkov\u00fd den na Stezce korunami strom\u016f Krkono\u0161e ji\u017e tuto sobotu - Sn\u011bhov\u00fdServis.cz","description":"V sobotu 24. kv\u011btna se Stezka korunami strom\u016f Krkono\u0161e op\u011bt prom\u011bn\u00ed v poh\u00e1dkov\u00e9 kr\u00e1lovstv\u00ed. U\u017e tradi\u010dn\u00ed Emil\u016fv d\u011btsk\u00fd den p\u0159inese z\u00e1bavu.","robots":{"index":"index","follow":"follow","max-snippet":"max-snippet:-1","max-image-preview":"max-image-preview:large","max-video-preview":"max-video-preview:-1"},"canonical":"https:\/\/snehovyservis.cz\/index.php\/akce\/emiluv-detsky-pohadkovy-den-na-stezce-korunami-stromu-krkonose-jiz-tuto-sobotu\/","og_locale":"cs_CZ","og_type":"article","og_title":"Emil\u016fv d\u011btsk\u00fd poh\u00e1dkov\u00fd den na Stezce korunami strom\u016f Krkono\u0161e ji\u017e tuto sobotu - Sn\u011bhov\u00fdServis.cz","og_description":"V sobotu 24. kv\u011btna se Stezka korunami strom\u016f Krkono\u0161e op\u011bt prom\u011bn\u00ed v poh\u00e1dkov\u00e9 kr\u00e1lovstv\u00ed. U\u017e tradi\u010dn\u00ed Emil\u016fv d\u011btsk\u00fd den p\u0159inese z\u00e1bavu.","og_url":"https:\/\/snehovyservis.cz\/index.php\/akce\/emiluv-detsky-pohadkovy-den-na-stezce-korunami-stromu-krkonose-jiz-tuto-sobotu\/","og_site_name":"Sn\u011bhov\u00fdServis.cz","article_published_time":"2025-05-22T22:14:10+00:00","article_modified_time":"2025-05-22T22:14:43+00:00","og_image":[{"width":768,"height":511,"url":"https:\/\/snehovyservis.cz\/wp-content\/uploads\/2025\/05\/SKS-maskoti_20250510112818_DSC_2117-768x511-1.jpg","type":"image\/jpeg"}],"author":"Jolana Hol\u00e1\u0148ov\u00e1","twitter_card":"summary_large_image","twitter_misc":{"Napsal(a)":"Jolana Hol\u00e1\u0148ov\u00e1","Odhadovan\u00e1 doba \u010dten\u00ed":"4 minuty"},"schema":{"@context":"https:\/\/schema.org","@graph":[{"@type":"Article","@id":"https:\/\/snehovyservis.cz\/index.php\/akce\/emiluv-detsky-pohadkovy-den-na-stezce-korunami-stromu-krkonose-jiz-tuto-sobotu\/#article","isPartOf":{"@id":"https:\/\/snehovyservis.cz\/index.php\/akce\/emiluv-detsky-pohadkovy-den-na-stezce-korunami-stromu-krkonose-jiz-tuto-sobotu\/"},"author":{"name":"Jolana Hol\u00e1\u0148ov\u00e1","@id":"https:\/\/snehovyservis.cz\/#\/schema\/person\/292a322d4c00948520695cbe2b3fffbe"},"headline":"Emil\u016fv d\u011btsk\u00fd poh\u00e1dkov\u00fd den na Stezce korunami strom\u016f Krkono\u0161e ji\u017e tuto sobotu","datePublished":"2025-05-22T22:14:10+00:00","dateModified":"2025-05-22T22:14:43+00:00","mainEntityOfPage":{"@id":"https:\/\/snehovyservis.cz\/index.php\/akce\/emiluv-detsky-pohadkovy-den-na-stezce-korunami-stromu-krkonose-jiz-tuto-sobotu\/"},"wordCount":446,"publisher":{"@id":"https:\/\/snehovyservis.cz\/#organization"},"articleSection":["AKCE","KRKONO\u0160E","NEWS"],"inLanguage":"cs"},{"@type":"WebPage","@id":"https:\/\/snehovyservis.cz\/index.php\/akce\/emiluv-detsky-pohadkovy-den-na-stezce-korunami-stromu-krkonose-jiz-tuto-sobotu\/","url":"https:\/\/snehovyservis.cz\/index.php\/akce\/emiluv-detsky-pohadkovy-den-na-stezce-korunami-stromu-krkonose-jiz-tuto-sobotu\/","name":"Emil\u016fv d\u011btsk\u00fd poh\u00e1dkov\u00fd den na Stezce korunami strom\u016f Krkono\u0161e ji\u017e tuto sobotu - Sn\u011bhov\u00fdServis.cz","isPartOf":{"@id":"https:\/\/snehovyservis.cz\/#website"},"datePublished":"2025-05-22T22:14:10+00:00","dateModified":"2025-05-22T22:14:43+00:00","description":"V sobotu 24. kv\u011btna se Stezka korunami strom\u016f Krkono\u0161e op\u011bt prom\u011bn\u00ed v poh\u00e1dkov\u00e9 kr\u00e1lovstv\u00ed. U\u017e tradi\u010dn\u00ed Emil\u016fv d\u011btsk\u00fd den p\u0159inese z\u00e1bavu.","breadcrumb":{"@id":"https:\/\/snehovyservis.cz\/index.php\/akce\/emiluv-detsky-pohadkovy-den-na-stezce-korunami-stromu-krkonose-jiz-tuto-sobotu\/#breadcrumb"},"inLanguage":"cs","potentialAction":[{"@type":"ReadAction","target":["https:\/\/snehovyservis.cz\/index.php\/akce\/emiluv-detsky-pohadkovy-den-na-stezce-korunami-stromu-krkonose-jiz-tuto-sobotu\/"]}]},{"@type":"BreadcrumbList","@id":"https:\/\/snehovyservis.cz\/index.php\/akce\/emiluv-detsky-pohadkovy-den-na-stezce-korunami-stromu-krkonose-jiz-tuto-sobotu\/#breadcrumb","itemListElement":[{"@type":"ListItem","position":1,"name":"Dom\u016f","item":"https:\/\/snehovyservis.cz\/"},{"@type":"ListItem","position":2,"name":"Emil\u016fv d\u011btsk\u00fd poh\u00e1dkov\u00fd den na Stezce korunami strom\u016f Krkono\u0161e ji\u017e tuto sobotu"}]},{"@type":"WebSite","@id":"https:\/\/snehovyservis.cz\/#website","url":"https:\/\/snehovyservis.cz\/","name":"Sn\u011bhov\u00fdServis.cz","description":"Nejaktu\u00e1ln\u011bj\u0161\u00ed sn\u011bhov\u00e9 a ly\u017ea\u0159sk\u00e9 zpravodajstv\u00ed","publisher":{"@id":"https:\/\/snehovyservis.cz\/#organization"},"potentialAction":[{"@type":"SearchAction","target":{"@type":"EntryPoint","urlTemplate":"https:\/\/snehovyservis.cz\/?s={search_term_string}"},"query-input":"required name=search_term_string"}],"inLanguage":"cs"},{"@type":"Organization","@id":"https:\/\/snehovyservis.cz\/#organization","name":"Sn\u011bhov\u00fdServis.cz","url":"https:\/\/snehovyservis.cz\/","logo":{"@type":"ImageObject","inLanguage":"cs","@id":"https:\/\/snehovyservis.cz\/#\/schema\/logo\/image\/","url":"https:\/\/snehovyservis.cz\/wp-content\/uploads\/2024\/12\/cropped-Logo_Snehovy-Servis.jpg","contentUrl":"https:\/\/snehovyservis.cz\/wp-content\/uploads\/2024\/12\/cropped-Logo_Snehovy-Servis.jpg","width":290,"height":154,"caption":"Sn\u011bhov\u00fdServis.cz"},"image":{"@id":"https:\/\/snehovyservis.cz\/#\/schema\/logo\/image\/"}},{"@type":"Person","@id":"https:\/\/snehovyservis.cz\/#\/schema\/person\/292a322d4c00948520695cbe2b3fffbe","name":"Jolana Hol\u00e1\u0148ov\u00e1","image":{"@type":"ImageObject","inLanguage":"cs","@id":"https:\/\/snehovyservis.cz\/#\/schema\/person\/image\/","url":"https:\/\/secure.gravatar.com\/avatar\/5863c504ed89cd419ff3a5e812c722ff?s=96&d=mm&r=g","contentUrl":"https:\/\/secure.gravatar.com\/avatar\/5863c504ed89cd419ff3a5e812c722ff?s=96&d=mm&r=g","caption":"Jolana Hol\u00e1\u0148ov\u00e1"},"sameAs":["http:\/\/Sn\u011bhov\u00fdServis.cz"],"url":"https:\/\/snehovyservis.cz\/index.php\/author\/jolhol\/"}]}},"_links":{"self":[{"href":"https:\/\/snehovyservis.cz\/index.php\/wp-json\/wp\/v2\/posts\/1196"}],"collection":[{"href":"https:\/\/snehovyservis.cz\/index.php\/wp-json\/wp\/v2\/posts"}],"about":[{"href":"https:\/\/snehovyservis.cz\/index.php\/wp-json\/wp\/v2\/types\/post"}],"author":[{"embeddable":true,"href":"https:\/\/snehovyservis.cz\/index.php\/wp-json\/wp\/v2\/users\/3"}],"replies":[{"embeddable":true,"href":"https:\/\/snehovyservis.cz\/index.php\/wp-json\/wp\/v2\/comments?post=1196"}],"version-history":[{"count":2,"href":"https:\/\/snehovyservis.cz\/index.php\/wp-json\/wp\/v2\/posts\/1196\/revisions"}],"predecessor-version":[{"id":1199,"href":"https:\/\/snehovyservis.cz\/index.php\/wp-json\/wp\/v2\/posts\/1196\/revisions\/1199"}],"wp:featuredmedia":[{"embeddable":true,"href":"https:\/\/snehovyservis.cz\/index.php\/wp-json\/wp\/v2\/media\/1197"}],"wp:attachment":[{"href":"https:\/\/snehovyservis.cz\/index.php\/wp-json\/wp\/v2\/media?parent=1196"}],"wp:term":[{"taxonomy":"category","embeddable":true,"href":"https:\/\/snehovyservis.cz\/index.php\/wp-json\/wp\/v2\/categories?post=1196"},{"taxonomy":"post_tag","embeddable":true,"href":"https:\/\/snehovyservis.cz\/index.php\/wp-json\/wp\/v2\/tags?post=1196"}],"curies":[{"name":"wp","href":"https:\/\/api.w.org\/{rel}","templated":true}]}}